{"id":19208,"date":"2010-03-09T17:46:12","date_gmt":"2010-03-09T22:46:12","guid":{"rendered":"http:\/\/www.bibula.com\/?p=19208"},"modified":"2010-03-19T09:47:40","modified_gmt":"2010-03-19T14:47:40","slug":"ostre-sankcje-czyli-sprawa-ks-piotra-natanka","status":"publish","type":"post","link":"https:\/\/www.bibula.com\/?p=19208","title":{"rendered":"Ostre sankcje, czyli sprawa ks. Piotra Natanka"},"content":{"rendered":"<p>Bardzo drastyczny jest komunikat Kurii Metropolitalnej w Krakowie  og\u0142oszony przed paroma dniami w sprawie mojego m\u0142odszego kolegi, ks. dr  hab. Piotra Natanka, historyka i pracownika naukowego Uniwersytetu  Papieskiego Jana Paw\u0142a II. Komunikat ten czytaj na <a href=\"http:\/\/www.diecezja.pl\/pl\/dekrety\/1600-komunikat-kurii-metropolitalnej-w-krakowie-w-sprawie-dziaalnoci-ks-dr-hab-piotra-natanka\" target=\"_blank\">oficjalnej stronie  Archidiecezji Krakowskiej<\/a>.<\/p>\r\n\r\n<p>Rzecz  ciekawa, wieloma sformu\u0142owaniami przypomina on komunikat, kt\u00f3ry w mojej  sprawie wyda\u0142a Kuria w dniu 16 pa\u017adziernika 2006 r. Nic dziwnego, bo  autor jest ten sam. Jest nim <strong>ks. kanclerz Piotr Majer<\/strong>, cho\u0107 w tym  najnowszym komunikacie nie podpisa\u0142 si\u0119 on nazwiskiem, ale tylko  funkcj\u0105.<\/p>\r\n\r\n<p><span class=\"pullquote\"><!-- Nie podzielam pogl\u0105d\u00f3w ks. Piotra Natanka [...] Uwa\u017cam jednak, ze Kuria podj\u0119\u0142a zbyt drastyczne \u015brodki. --><\/span>Nie podzielam pogl\u0105d\u00f3w ks. Piotra Natanka, kt\u00f3ry uj\u0119ty  prywatnymi objawieniami mistyczki Rozalii Celak\u00f3wnej, swojej rodaczki z  Jach\u00f3wki pod Makowem Podhala\u0144skim,\u00a0zmar\u0142ej w 1944 r., g\u0142osi potrzeb\u0119  intronizacji Jezusa Chrystusa jako kr\u00f3la Polski. Ostatnio w tej sprawie  napisa\u0142 nawet list otwarty do prezydenta, premiera i wszystkich  biskup\u00f3w. List ten jest na stronie: <a href=\"http:\/\/www.piotrnatanek.pl\/\">http:\/\/www.piotrnatanek.pl\/<\/a><\/p>\r\n\r\n<p>Uwa\u017cam  jednak, ze Kuria podj\u0119\u0142a zbyt drastyczne \u015brodki. Mo\u017cna by\u0142o to za\u0142atwi\u0107  w inny spos\u00f3b. Podanie\u00a0za\u015b wspomnianego \u00a0komunikatu do wiadomo\u015bci  publicznej to &#8222;\u015bmier\u0107&#8221; cywilna dla tego gorliwego (mo\u017ce nadgorliwego)  duchownego. Poza tym, jest to dolanie oliwy do ognia, a problemu os\u00f3b,  kt\u00f3re domagaj\u0105 si\u0119 intronizacji\u00a0nie da si\u0119 rozwi\u0105za\u0107 sankcjami karnymi.<\/p>\r\n\r\n<p>Metropolita  Krakowski pomi\u0119dzy wyjazdami do Argentyny, Brazylii czy na Kub\u0119  powinien bardziej pochyli\u0107 si\u0119 nad t\u0105 spraw\u0105, \u00a0aby nie wybuch\u0142 w  archidiecezji taki sam kryzys jak cztery lata temu.<\/p>\r\n\r\n<p>Trzeba te\u017c  doda\u0107, \u017ce z powodu konfliktu w sprawie intronizacji zakon jezuit\u00f3w  usun\u0105\u0142 ze swych szereg\u00f3w jednego ze swych wsp\u00f3\u0142braci. te\u017c gorliwego  kap\u0142ana, kt\u00f3ry dekretem prze\u0142o\u017conych si\u0119 nie podporz\u0105dkowa\u0142 i dalej  uwa\u017ca objawienia Celak\u00f3wnej za prawdziwe.<\/p>\r\n\r\n<p>Strona o Rozalii  Celak\u00f3wnej: <a href=\"http:\/\/rozalia.krakow.pl\/\">http:\/\/rozalia.krakow.pl\/<\/a><\/p>\r\n\r\n<p><strong><em>ks. Tadeusz Isakowicz-Zaleski <\/em><\/strong><\/p>","protected":false},"excerpt":{"rendered":"Bardzo drastyczny jest komunikat Kurii Metropolitalnej w Krakowie og\u0142oszony przed paroma dniami w sprawie mojego m\u0142odszego kolegi, ks. dr hab. Piotra Natanka, historyka i pracownika naukowego Uniwersytetu Papieskiego Jana Paw\u0142a II. Komunikat ten czytaj na oficjalnej stronie Archidiecezji Krakowskiej. Rzecz ciekawa, wieloma sformu\u0142owaniami przypomina on komunikat, kt\u00f3ry w mojej sprawie wyda\u0142a Kuria w dniu 16 [&hellip;]","protected":false},"author":1,"featured_media":0,"comment_status":"closed","ping_status":"closed","sticky":false,"template":"","format":"standard","meta":{"_acf_changed":false,"_monsterinsights_skip_tracking":false,"_monsterinsights_sitenote_active":false,"_monsterinsights_sitenote_note":"","_monsterinsights_sitenote_category":0,"ngg_post_thumbnail":0,"footnotes":"","_wp_rev_ctl_limit":""},"categories":[5],"tags":[],"acf":[],"_links":{"self":[{"href":"https:\/\/www.bibula.com\/index.php?rest_route=\/wp\/v2\/posts\/19208"}],"collection":[{"href":"https:\/\/www.bibula.com\/index.php?rest_route=\/wp\/v2\/posts"}],"about":[{"href":"https:\/\/www.bibula.com\/index.php?rest_route=\/wp\/v2\/types\/post"}],"author":[{"embeddable":true,"href":"https:\/\/www.bibula.com\/index.php?rest_route=\/wp\/v2\/users\/1"}],"replies":[{"embeddable":true,"href":"https:\/\/www.bibula.com\/index.php?rest_route=%2Fwp%2Fv2%2Fcomments&post=19208"}],"version-history":[{"count":0,"href":"https:\/\/www.bibula.com\/index.php?rest_route=\/wp\/v2\/posts\/19208\/revisions"}],"wp:attachment":[{"href":"https:\/\/www.bibula.com\/index.php?rest_route=%2Fwp%2Fv2%2Fmedia&parent=19208"}],"wp:term":[{"taxonomy":"category","embeddable":true,"href":"https:\/\/www.bibula.com\/index.php?rest_route=%2Fwp%2Fv2%2Fcategories&post=19208"},{"taxonomy":"post_tag","embeddable":true,"href":"https:\/\/www.bibula.com\/index.php?rest_route=%2Fwp%2Fv2%2Ftags&post=19208"}],"curies":[{"name":"wp","href":"https:\/\/api.w.org\/{rel}","templated":true}]}}