{"id":1918,"date":"2008-04-07T09:46:19","date_gmt":"2008-04-07T09:46:19","guid":{"rendered":""},"modified":"2020-10-21T11:22:23","modified_gmt":"2020-10-21T15:22:23","slug":"zbyt-obrotny-kaplan-telefonia-komorkowa-ks-jankowskiego","status":"publish","type":"post","link":"https:\/\/www.bibula.com\/?p=1918","title":{"rendered":"(Zbyt?) Obrotny kap\u0142an: telefonia kom\u00f3rkowa ks. Jankowskiego"},"content":{"rendered":"<p>Ksi\u0105dz Henryk Jankowski b\u0119dzie mia\u0142 swoj\u0105 sie\u0107 kom\u00f3rkow\u0105 &#8211; dowiedzia\u0142a si\u0119 \u201cRzeczpospolita\u201d. Pra\u0142at Mobile &#8211; jak roboczo nazywa si\u0119 projekt &#8211; ma ruszy\u0107 w wakacje. Zaoferuje m.in. wysy\u0142anie cytat\u00f3w z Pisma \u015awi\u0119tego. &#8211; B\u0119dzie tez mo\u017cna zamawia\u0107 loga, dzwonki i tapety zwi\u0105zane nie tylko z pra\u0142atem, ale te\u017c o charakterze patriotycznym &#8211; zapowiada Mariusz Olchowik, prezes Instytutu ks. Jankowskiego.<\/p>\r\n<p>Wed\u0142ug za\u0142o\u017ce\u0144 instytutu liczba abonent\u00f3w sieci ma wynie\u015b\u0107 kilka tysi\u0119cy os\u00f3b. Z Pra\u0142at Mobile maj\u0105 pocz\u0105tkowo korzysta\u0107 g\u0142ownie pracownicy i wsp\u00f3\u0142pracownicy instytutu. W sumie ok. 3 tys. os\u00f3b. Nowa sie\u0107 b\u0119dzie dzia\u0142a\u0107 wy\u0142\u0105cznie na kartach prepaidowych.<\/p>\r\n<p>Z zestawami startowymi b\u0119dzie mo\u017cna kupi\u0107 specjalne telefony kom\u00f3rkowe z wizerunkiem ks. Jankowskiego albo logo instytutu. &#8211; Pierwszy aparat ze z\u0142otym numerem w sieci otrzyma ksi\u0105dz pra\u0142at &#8211; m\u00f3wi Olchowik.<\/p>\r\n<p class=\"zrodlo\">Za: <a class=\"content_sz\" href=\"http:\/\/nczas.com\/polska\/zbyt-obrotny-kaplan-telefonia-komorkowa-ks-jankowskiego\/\" target=\"_blank\" rel=\"noopener noreferrer\">Najwy\u017cszy Czas!<\/a><\/p>\r\n<p>ZOB. R\u00d3WNIE\u017b:<\/p>\r\n<ul>\r\n\t<li><a href=\"https:\/\/www.bibula.com\/?p=1508\">Nowe trunki pra\u0142ata Jankowskiego<\/a><\/li>\r\n<\/ul>\r\n<p>&nbsp;<\/p>","protected":false},"excerpt":{"rendered":"Ksi\u0105dz Henryk Jankowski b\u0119dzie mia\u0142 swoj\u0105 sie\u0107 kom\u00f3rkow\u0105 &#8211; dowiedzia\u0142a si\u0119 \u201cRzeczpospolita\u201d. Pra\u0142at Mobile &#8211; jak roboczo nazywa si\u0119 projekt &#8211; ma ruszy\u0107 w wakacje. Zaoferuje m.in. wysy\u0142anie cytat\u00f3w z Pisma \u015awi\u0119tego. &#8211; B\u0119dzie tez mo\u017cna zamawia\u0107 loga, dzwonki i tapety zwi\u0105zane nie tylko z pra\u0142atem, ale te\u017c o charakterze patriotycznym &#8211; zapowiada Mariusz Olchowik, [&hellip;]","protected":false},"author":1,"featured_media":0,"comment_status":"closed","ping_status":"open","sticky":false,"template":"","format":"standard","meta":{"_acf_changed":false,"_monsterinsights_skip_tracking":false,"_monsterinsights_sitenote_active":false,"_monsterinsights_sitenote_note":"","_monsterinsights_sitenote_category":0,"ngg_post_thumbnail":0,"footnotes":"","_wp_rev_ctl_limit":""},"categories":[5],"tags":[98,52,33],"acf":[],"_links":{"self":[{"href":"https:\/\/www.bibula.com\/index.php?rest_route=\/wp\/v2\/posts\/1918"}],"collection":[{"href":"https:\/\/www.bibula.com\/index.php?rest_route=\/wp\/v2\/posts"}],"about":[{"href":"https:\/\/www.bibula.com\/index.php?rest_route=\/wp\/v2\/types\/post"}],"author":[{"embeddable":true,"href":"https:\/\/www.bibula.com\/index.php?rest_route=\/wp\/v2\/users\/1"}],"replies":[{"embeddable":true,"href":"https:\/\/www.bibula.com\/index.php?rest_route=%2Fwp%2Fv2%2Fcomments&post=1918"}],"version-history":[{"count":1,"href":"https:\/\/www.bibula.com\/index.php?rest_route=\/wp\/v2\/posts\/1918\/revisions"}],"predecessor-version":[{"id":119600,"href":"https:\/\/www.bibula.com\/index.php?rest_route=\/wp\/v2\/posts\/1918\/revisions\/119600"}],"wp:attachment":[{"href":"https:\/\/www.bibula.com\/index.php?rest_route=%2Fwp%2Fv2%2Fmedia&parent=1918"}],"wp:term":[{"taxonomy":"category","embeddable":true,"href":"https:\/\/www.bibula.com\/index.php?rest_route=%2Fwp%2Fv2%2Fcategories&post=1918"},{"taxonomy":"post_tag","embeddable":true,"href":"https:\/\/www.bibula.com\/index.php?rest_route=%2Fwp%2Fv2%2Ftags&post=1918"}],"curies":[{"name":"wp","href":"https:\/\/api.w.org\/{rel}","templated":true}]}}