{"id":1904,"date":"2008-04-03T10:10:43","date_gmt":"2008-04-03T10:10:43","guid":{"rendered":""},"modified":"-0001-11-30T00:00:00","modified_gmt":"-0001-11-30T04:00:00","slug":"","status":"publish","type":"post","link":"https:\/\/www.bibula.com\/?p=1904","title":{"rendered":"W historycznym momencie &#8211; <em>Stanis\u0142aw Michalkiewicz<\/em>"},"content":{"rendered":"<p>Szanowni Pa\u0144stwo! <BR>\r\nBez \u017cadnej naszej zas\u0142ugi stali\u015bmy si\u0119 mimowolnymi \u015bwiadkami, a  poniek\u0105d &ndash; r\u00f3wnie\u017c uczestnikami historycznego momentu. 1 kwietnia o  godzinie 17,17 Sejm Rzeczypospolitej Polskiej g\u0142osami 384 pos\u0142\u00f3w, przy  56 g\u0142osach sprzeciwu i 12 wstrzymuj\u0105cych si\u0119, uchwali\u0142 ustaw\u0119  upowa\u017cniaj\u0105c\u0105 prezydenta Rzeczypospolitej Polskiej Lecha Kaczy\u0144skiego  do ratyfikowania Traktatu Reformuj\u0105cego zwanego Traktatem Lizbo\u0144skim.  Przypominam dat\u0119, godzin\u0119, a tak\u017ce inne okoliczno\u015bci tej decyzji,  podobnie jak nazwisko prezydenta, poniewa\u017c sk\u0142adaj\u0105c podpis pod  Traktetem Reformuj\u0105cym ju\u017c na wieki zajmie miejsce w historii Polski  obok kr\u00f3la Stanis\u0142awa Augusta Poniatowskiego. Stanis\u0142aw August, jak  wiadomo, swoim podpisem legitymizowa\u0142 likwidacj\u0119 pa\u0144stwa polskiego  wskutek III rozbioru, za\u015b pan prezydent Lech Kaczy\u0144ski, ratyfikuj\u0105c  Traktat Reformuj\u0105cy, formalnie zrezygnuje z niepodleg\u0142o\u015bci Polski i  w\u0142\u0105czy j\u0105 do nowego pa\u0144stwa pod nazw\u0105 Unia Europejska, w charakterze  jego cz\u0119\u015bci sk\u0142adowej. <\/p>\r\n<p>Wbrew bowiem kr\u0119tactwom i k\u0142amstwom, jakie parlamentarzy\u015bci wpisali  do uchwa\u0142y towarzysz\u0105cej ustawie ratyfikacyjnej, ratyfikacja Traktatu  Reformuj\u0105cego oznacza likwidacj\u0119 niepodleg\u0142o\u015bci Polski. Polska bowiem  od roku 2009 stanie si\u0119 cz\u0119\u015bci\u0105 sk\u0142adow\u0105 nowego pa\u0144stwa &ndash; Unii  Europejskiej. Nigdy jeszcze \u017cadna cz\u0119\u015b\u0107 sk\u0142adowa jakiegokolwiek pa\u0144stwa  nie by\u0142a niepodleg\u0142a. Przeciwnie &ndash; by\u0142a w\u0142a\u015bnie podleg\u0142a w\u0142adzom tego  pa\u0144stwa, kt\u00f3rego by\u0142a cz\u0119\u015bci\u0105 sk\u0142adow\u0105. Je\u015bli ktokolwiek uwa\u017ca inaczej,  to albo jest durniem, albo \u0142ajdakiem, albo jednym i drugim  jednocze\u015bnie, bo takie po\u0142\u0105czenie cz\u0119sto si\u0119 zdarza. <\/p>\r\n<p>Z punktu widzenia polskich patriot\u00f3w, kt\u00f3rzy uwa\u017caj\u0105 niepodleg\u0142o\u015b\u0107  pa\u0144stwow\u0105 za co\u015b warto\u015bciowego, za co warto nawet odda\u0107 \u017cycie,  wyrzeczenie si\u0119 niepodleg\u0142o\u015bci przez najwy\u017csze w\u0142adze, kt\u00f3re nie  zosta\u0142y do tego zmuszone ani kl\u0119sk\u0105 wojenn\u0105, ani splotem niekorzystnych  okoliczno\u015bci, z pewno\u015bci\u0105 odbierane jest tragicznie. Ale tej tragedii  towarzyszy\u0142a farsa, kt\u00f3rej autorem by\u0142 prezes Prawa i Sprawiedliwo\u015bci,  pan Jaros\u0142aw Kaczy\u0144ski. <\/p>\r\n<p>Pan Jaros\u0142aw Kaczy\u0144ski uchodzi za wirtuoza intrygi, ale tak, jak  niekt\u00f3rzy w biznesie si\u0119 przeinwestowuj\u0105, to on bardzo cz\u0119sto si\u0119  przeintrygowuje. Tym razem przeintrygowa\u0142 si\u0119 do go\u0142ej ziemi. Odegrana  przez niego komedia obliczona by\u0142a na wywo\u0142anie u naiwnych wra\u017cenia, \u017ce  oto Jaros\u0142aw Kaczy\u0144ski w ostatniej chwili uratowa\u0142 niepodleg\u0142o\u015b\u0107 i  \u017cywotne interesy pa\u0144stwowe Polski. Tymczasem tak naprawd\u0119 chodzi\u0142o mu  tylko o przys\u0142oni\u0119cie zdrady niepodleg\u0142o\u015bci Polski listkiem figowym w  postaci uchwa\u0142y, do kt\u00f3rej powpisywano rozmaite k\u0142amliwe zakl\u0119cia. Ta  uchwa\u0142a nie tylko pozbawiona jest jakiegokolwiek znaczenia  prawno-mi\u0119dzynarodowego, ale nawet znaczenia w wewn\u0119trznym, polskim  systemie prawnym. Przyzna\u0142 to oficjalnie z trybuny sejmowej pose\u0142  Platformy Obywatelskiej Zbigniew Chlebowski, kt\u00f3rego deklaracji prezes  Jaros\u0142aw Kaczy\u0144ski musia\u0142 wys\u0142ucha\u0107 z miedzianym czo\u0142em. Donald Tusk  nie okaza\u0142 si\u0119 zbyt hojny wobec niego i wobec Prawa i Sprawiedliwo\u015bci.  Pragn\u0105c wywi\u0105za\u0107 si\u0119 wobec swoich mocodawc\u00f3w, zgodzi\u0142 si\u0119 w ko\u0144cu na  upragniony przez prezesa PiS listek figowy, ale tak bardzo go  podziurawi\u0142, \u017ce ca\u0142a sromota jest mimo przys\u0142oni\u0119cia widoczna. <\/p>\r\n<p>Dlaczego jednak tak si\u0119 z\u0142oszcz\u0119 na prezesa PiS Jaros\u0142awa  Kaczy\u0144skiego? Przecie\u017c nie tylko on g\u0142osowa\u0142 za ustaw\u0105 ratyfikacyjn\u0105.  Donald Tusk i wszyscy pos\u0142owie Platformy Obywatelskiej te\u017c g\u0142osowali za  ratyfikacj\u0105, podobnie jak pos\u0142owie Polskiego Stronnictwa Ludowego oraz  Lewicy i Demokrat\u00f3w. To prawda, ale tylko Prawo i Sprawiedliwo\u015b\u0107 ustami  swego prezesa obiecywa\u0142o bronic interes\u00f3w pa\u0144stwowych i narodowych.  Platforma Obywatelska &ndash; wiadomo; utworzona przy udziale agent\u00f3w  komunistycznej razwiedki, jest dzisiaj polityczna ekspozytur\u0105  wp\u0142ywowego i rozga\u0142\u0119zionego stronnictwa pruskiego, wi\u0119c nikt normalny  nie spodziewa\u0142 si\u0119 po niej, ani nie spodziewa obrony polskich  interes\u00f3w. Sojusz Lewicy Demokratycznej, b\u0119d\u0105cy faktycznym kierownikiem  politycznym Lewicy i Demokrat\u00f3w, nie posiada si\u0119 ze szcz\u0119\u015bcia, \u017ce znowu  ma sw\u00f3j Zwi\u0105zek Sowiecki, kt\u00f3remu mo\u017ce si\u0119 wys\u0142ugiwa\u0107. Polskie  Stronnictwo Ludowe za odpowiednie wynagrodzenie zrobi wszystko &ndash; wi\u0119c  z\u0142udzenia mo\u017cna by\u0142o mie\u0107 tylko wobec Prawa i Sprawiedliwo\u015bci. Ale  wszystko ma sw\u00f3j kres i godzina prawdy po\u0142o\u017cy\u0142a kres r\u00f3wnie\u017c i tym  z\u0142udzeniom. Dzisiaj ju\u017c wiemy, ze Prawo i Sprawiedliwo\u015b\u0107 i prezes tej  partii Jaros\u0142aw Kaczy\u0144ski umia\u0142 tylko lepiej udawa\u0107. Ale &ndash; jak  powiadaj\u0105 bywalcy teatr\u00f3w &ndash; o jedenastej sztuka jest sko\u0144czona. Czar  prysn\u0105\u0142 i mam nadziej\u0119, \u017ce ka\u017cdy t\u0119 chwil\u0119 sobie zapami\u0119ta. <\/p>\r\n<p>Zapami\u0119ta r\u00f3wnie\u017c i z tego powodu, \u017ce chocia\u017c nasi parlamentarzy\u015bci  maja pe\u0142ne usta demokratycznych frazes\u00f3w, to przecie\u017c nie pozwolili  wypowiedzie\u0107 si\u0119 narodowi w tak \u017cywotnej i istotnej dla pa\u0144stwa  sprawie. Parlamentarna ha\u0142astra najwyra\u017aniej zapomnia\u0142a, sk\u0105d wyrastaj\u0105  jej nogi, a wobec tego czy nie warto tego przypomnie\u0107? Prawd\u0119 nale\u017cy  g\u0142osi\u0107 &bdquo;<em>w por\u0119 i nie w por\u0119<\/em>&rdquo;, a do przek\u0142uwania balon\u00f3w nad\u0119tych pycha w\u0142asnych gaz\u00f3w &ndash; ka\u017cda chwila jest odpowiednia. <\/p>\r\n<p> Obserwuj\u0105c scen\u0119 polityczn\u0105 ka\u017cdy m\u00f3g\u0142 odnie\u015b\u0107 wra\u017cenie, \u017ce Platforma  Obywatelska oraz Prawo i Sprawiedliwo\u015b\u0107, gdyby tylko mog\u0142y, to  po\u017car\u0142yby si\u0119 na surowo. Ale z okazji przygotowania aktu zdrady  narodowej najwyra\u017aniej proklamowano rozejm. Donald Tusk sk\u0142ada\u0142 si\u0119 na  trybunie sejmowej jak scyzoryk i tak wszystkim zakadzi\u0142, \u017ce nawet  Jaros\u0142awowi Kaczy\u0144skiemu r\u0105czki same sk\u0142ada\u0142y si\u0119 do oklask\u00f3w, podobnie  zreszt\u0105, jak panu prezydentowi. <\/p>\r\n<p>Pan prezydent w swoim przem\u00f3wieniu mi\u0119dzy innymi podzi\u0119kowa\u0142  przyw\u00f3dcom innych pa\u0144stw europejskich. Charakterystyczne by\u0142o, \u017ce kiedy  wymieni\u0142 niemieck\u0105 pani\u0105 kanclerz Aniele Merkel, na sali sejmowej  rozleg\u0142y si\u0119 oklaski. Jeszcze by\u0142y nie\u015bmia\u0142e, ale bo te\u017c i pos\u0142owie  jeszcze si\u0119 nie przyzwyczaili, jeszcze si\u0119 nie nauczyli, \u017ce na d\u017awi\u0119k  nazwiska ka\u017cdorazowego niemieckiego kanclerza, nie tylko trzeba b\u0119dzie  klaska\u0107, ale r\u00f3wnie\u017c wstawa\u0107, by urz\u0105dzi\u0107 swemu nowemu panu owacj\u0119 na  stoj\u0105co. Jeszcze si\u0119 nie nauczyli, ale si\u0119 naucz\u0105. <\/p>\r\n<p>W poniedzia\u0142ek m\u00f3wi\u0142em o podobie\u0144stwie nadzwyczajnego posiedzenia  Sejmu do s\u0142ynnego sejmu grodzie\u0144skiego w 1793 roku, kiedy pos\u0142owie  milcz\u0105co zatwierdzili nie tylko drugi rozbi\u00f3r Polski, ale r\u00f3wnie\u017c z  obrzydliw\u0105 s\u0142u\u017calczo\u015bci\u0105 przedstawili napisany przez imperatorow\u0105  Katarzyn\u0119 projekt &bdquo;<em>wieczystego sojuszu<\/em>&rdquo; z Rosj\u0105, jako &bdquo;<em>uni\u017con\u0105 pro\u015bb\u0119 narodu polskiego<\/em>&rdquo;.  Wkr\u00f3tce potem wybuch\u0142a w obronie niepodleg\u0142o\u015bci insurekcja  ko\u015bciuszkowska, podczas kt\u00f3rej niekt\u00f3rzy zdrajcy zostali przyk\u0142adnie  powieszeni.  Dzisiaj jest inaczej. O wieszaniu nikt naturalnie nie my\u015bli; o tym nie  ma mowy, bo te\u017c i rezygnacja z niepodleg\u0142o\u015bci Polski dokona\u0142a si\u0119 przy  rosn\u0105cej oboj\u0119tno\u015bci znacznej cz\u0119\u015bci polskiego spo\u0142ecze\u0144stwa. Wielu  ludzie nawet naiwnie si\u0119 cieszy my\u015bl\u0105c, \u017ce Niemcy czy Francuzi dopiero  przychyl\u0105 im nieba. Nie wiedz\u0105 jeszcze, \u017ce co najwy\u017cej mog\u0105 im przygi\u0105\u0107  karku. Ale widocznie powinni\u015bmy prze\u017cy\u0107 i takie do\u015bwiadczenie, zgodnie  z tym, co powiedzia\u0142 Pan Jezus \u015bwi\u0119tej siostrze Faustynie &ndash; \u017ce  niepoprawnym grzesznikom spe\u0142nia wszystkie pragnienia. <\/p>\r\n<p> M\u00f3wi\u0142 Stanis\u0142aw Michalkiewicz <\/p>\r\n<p><br \/>\r\n  <br \/>\r\n  <img decoding=\"async\" src=\"http:\/\/www.michalkiewicz.pl\/img\/kwad.gif\" height=\"12\" width=\"6\" \/><em>&nbsp;Stanis\u0142aw Michalkiewicz<\/em> <br \/>\r\n    <em>Felieton &nbsp;&middot;&nbsp; Radio Maryja &nbsp;&middot;&nbsp; 2008-04-03 &nbsp;|&nbsp; www.michalkiewicz.pl<\/em><\/p>\r\n<p>&nbsp;<\/p>\r\n\r\n","protected":false},"excerpt":{"rendered":"Szanowni Pa\u0144stwo! Bez \u017cadnej naszej zas\u0142ugi stali\u015bmy si\u0119 mimowolnymi \u015bwiadkami, a poniek\u0105d &ndash; r\u00f3wnie\u017c uczestnikami historycznego momentu. 1 kwietnia o godzinie 17,17 Sejm Rzeczypospolitej Polskiej g\u0142osami 384 pos\u0142\u00f3w, przy 56 g\u0142osach sprzeciwu i 12 wstrzymuj\u0105cych si\u0119, uchwali\u0142 ustaw\u0119 upowa\u017cniaj\u0105c\u0105 prezydenta Rzeczypospolitej Polskiej Lecha Kaczy\u0144skiego do ratyfikowania Traktatu Reformuj\u0105cego zwanego Traktatem Lizbo\u0144skim. Przypominam dat\u0119, godzin\u0119, a [&hellip;]","protected":false},"author":1,"featured_media":0,"comment_status":"closed","ping_status":"open","sticky":false,"template":"","format":"standard","meta":{"_acf_changed":false,"_monsterinsights_skip_tracking":false,"_monsterinsights_sitenote_active":false,"_monsterinsights_sitenote_note":"","_monsterinsights_sitenote_category":0,"ngg_post_thumbnail":0,"footnotes":"","_wp_rev_ctl_limit":""},"categories":[9],"tags":[34],"acf":[],"_links":{"self":[{"href":"https:\/\/www.bibula.com\/index.php?rest_route=\/wp\/v2\/posts\/1904"}],"collection":[{"href":"https:\/\/www.bibula.com\/index.php?rest_route=\/wp\/v2\/posts"}],"about":[{"href":"https:\/\/www.bibula.com\/index.php?rest_route=\/wp\/v2\/types\/post"}],"author":[{"embeddable":true,"href":"https:\/\/www.bibula.com\/index.php?rest_route=\/wp\/v2\/users\/1"}],"replies":[{"embeddable":true,"href":"https:\/\/www.bibula.com\/index.php?rest_route=%2Fwp%2Fv2%2Fcomments&post=1904"}],"version-history":[{"count":0,"href":"https:\/\/www.bibula.com\/index.php?rest_route=\/wp\/v2\/posts\/1904\/revisions"}],"wp:attachment":[{"href":"https:\/\/www.bibula.com\/index.php?rest_route=%2Fwp%2Fv2%2Fmedia&parent=1904"}],"wp:term":[{"taxonomy":"category","embeddable":true,"href":"https:\/\/www.bibula.com\/index.php?rest_route=%2Fwp%2Fv2%2Fcategories&post=1904"},{"taxonomy":"post_tag","embeddable":true,"href":"https:\/\/www.bibula.com\/index.php?rest_route=%2Fwp%2Fv2%2Ftags&post=1904"}],"curies":[{"name":"wp","href":"https:\/\/api.w.org\/{rel}","templated":true}]}}