{"id":19027,"date":"2010-03-04T12:42:44","date_gmt":"2010-03-04T17:42:44","guid":{"rendered":"http:\/\/www.bibula.com\/?p=19027"},"modified":"2010-03-04T12:42:44","modified_gmt":"2010-03-04T17:42:44","slug":"nazistowska-geneza-aborcji-na-billboardzie","status":"publish","type":"post","link":"https:\/\/www.bibula.com\/?p=19027","title":{"rendered":"Nazistowska geneza aborcji na billboardzie"},"content":{"rendered":"<p><img decoding=\"async\" src=\"http:\/\/www.naszdziennik.pl\/php\/przezr.gif\" alt=\"\" width=\"0\" height=\"4\" \/> <br \/>\r\n <strong>Prekursorem  mordowania dzieci pocz\u0119tych w okupowanej przez Niemc\u00f3w Polsce by\u0142 Adolf  Hitler, w\u00f3dz III Rzeszy. Okaza\u0142y billboard przypominaj\u0105cy ten  niewygodny i skrz\u0119tnie ukrywany przez \u015brodowiska aborcyjne fakt mo\u017cna na  razie obejrze\u0107 przy rondzie \u015ar\u00f3dka w Poznaniu. Pomys\u0142odawcy akcji &#8211;  dzia\u0142acze Fundacji Pro &#8211; zapowiadaj\u0105, \u017ce rusz\u0105 z ni\u0105 w ca\u0142ej Polsce. <\/strong><\/p>\r\n\r\n<p>Na  pozna\u0144skim billboardzie wida\u0107 twarz f\u00fchrera oraz zdj\u0119cia zmasakrowanych  dzieci\u0119cych cia\u0142ek. &#8211; To fakt historyczny, \u017ce prekursorem aborcji w  Polsce by\u0142 Adolf Hitler. Rozporz\u0105dzenie nazist\u00f3w z 9 marca 1943 r.  legalizowa\u0142o mordowanie dzieci w odniesieniu do tzw. robotnic wschodnich  &#8211; informuje Mariusz Dzier\u017cawski z Fundacji Pro &#8211; Prawo do \u0179ycia. Jego  zdaniem, w tej zbrodniczej decyzji Hitlera uderzaj\u0105ca jest zbie\u017cno\u015b\u0107  dat, &#8222;bo w okolicach 8 marca rozmaite grupy i \u015brodowiska domagaj\u0105 si\u0119  umasowienia aborcji&#8221;. &#8211; Wi\u0119c pomy\u015bleli\u015bmy, \u017ce jest to wa\u017cne. Warto to  ludziom przypomnie\u0107, poniewa\u017c wiadomo, do czego doprowadzi\u0142y rz\u0105dy  hitlerowc\u00f3w &#8211; m\u00f3wi Dzier\u017cawski. Wed\u0142ug niego, pozna\u0144ski billboard jest  r\u00f3wnie\u017c form\u0105 przestrogi. &#8211; Mo\u017cna w tym miejscu zacytowa\u0107 my\u015bl Jana  Paw\u0142a II z &#8222;Evangelium vitae&#8221;: &#8222;Demokracja bez warto\u015bci przeradza si\u0119 w  jawny lub ukryty totalitaryzm&#8221;. I warto, \u017ceby spo\u0142ecze\u0144stwa  demokratyczne zada\u0142y sobie pytanie, czy nie s\u0105 na tej drodze &#8211; podkre\u015bla  Dzier\u017cawski. Jednocze\u015bnie zapowiada, \u017ce antyaborcyjne plakaty zostan\u0105  rozmieszczone w pozosta\u0142ych polskich miastach.  <br \/>\r\n \u0141ukasz Wr\u00f3bel,  wsp\u00f3\u0142organizator wystawy &#8222;Wybierz \u017cycie&#8221;, wskazuje, \u017ce nowa kampania  billboardowa z wizerunkiem Hitlera przypomina o tragicznych czasach z  historii Polski. Zauwa\u017ca, \u017ce &#8222;niestety, do aborcyjnych pomys\u0142\u00f3w wodza  III Rzeszy w Polsce wci\u0105\u017c si\u0119 wraca&#8221;. &#8211; Ta kampania w bardzo dobry  spos\u00f3b zadaje pytanie: czy jako Polacy w wolnej Ojczy\u017anie mamy tyle samo  do zaoferowania Polkom i dzieciom, co Hitler? Czy III Rzeczpospolita ma  by\u0107 pod tym wzgl\u0119dem podobna do III Rzeszy? To stale powracaj\u0105cy temat,  warto o nim g\u0142o\u015bno m\u00f3wi\u0107, nawet w postaci tak zdecydowanych \u015brodk\u00f3w  wyrazu, jakim s\u0105 te plakaty &#8211; zaznacza Wr\u00f3bel. <br \/>\r\n Antoni Zi\u0119ba, prezes  Polskiego Stowarzyszenia Obro\u0144c\u00f3w \u0179ycia Cz\u0142owieka, nie kryje zadowolenia  z plan\u00f3w umieszczenia na billboardach w\u0142a\u015bnie tego rodzaju plakat\u00f3w  antyaborcyjnych. &#8211; Przywo\u0142uj\u0119 t\u0119 spraw\u0119 przez bez ma\u0142a trzydzie\u015bci lat, a  teraz nareszcie doczeka\u0142em si\u0119 tej szcz\u0119\u015bliwej chwili, \u017ce umieszczono  to na billboardzie &#8211; o\u015bwiadcza Zi\u0119ba. W jego ocenie, plakat zawiera  &#8222;tragiczn\u0105 prawd\u0119 historyczn\u0105, o kt\u00f3rej dawniej nie mo\u017cna by\u0142o m\u00f3wi\u0107&#8221;. &#8211;  Nie mog\u0142a si\u0119 ona przedrze\u0107 do medi\u00f3w i dotrze\u0107 do spo\u0142ecze\u0144stwa &#8211;  dodaje prezes. Przypomina, \u017ce &#8222;jeszcze S\u0142uga Bo\u017cy Prymas Stefan  Wyszy\u0144ski cytowa\u0142 dokumenty niemieckich zbrodniarzy, kt\u00f3re wskazywa\u0142y,  \u017ce okupant z antykoncepcji i aborcji uczyni\u0142 jedno z narz\u0119dzi walki z  Narodem Polskim&#8221;. <br \/>\r\n <strong><\/strong><\/p>\r\n\r\n<p><em><strong>Jacek Dytkowski<\/strong><\/em><\/p>","protected":false},"excerpt":{"rendered":"Prekursorem mordowania dzieci pocz\u0119tych w okupowanej przez Niemc\u00f3w Polsce by\u0142 Adolf Hitler, w\u00f3dz III Rzeszy. Okaza\u0142y billboard przypominaj\u0105cy ten niewygodny i skrz\u0119tnie ukrywany przez \u015brodowiska aborcyjne fakt mo\u017cna na razie obejrze\u0107 przy rondzie \u015ar\u00f3dka w Poznaniu. Pomys\u0142odawcy akcji &#8211; dzia\u0142acze Fundacji Pro &#8211; zapowiadaj\u0105, \u017ce rusz\u0105 z ni\u0105 w ca\u0142ej Polsce. Na pozna\u0144skim billboardzie wida\u0107 [&hellip;]","protected":false},"author":1,"featured_media":0,"comment_status":"closed","ping_status":"closed","sticky":false,"template":"","format":"standard","meta":{"_acf_changed":false,"_monsterinsights_skip_tracking":false,"_monsterinsights_sitenote_active":false,"_monsterinsights_sitenote_note":"","_monsterinsights_sitenote_category":0,"ngg_post_thumbnail":0,"footnotes":"","_wp_rev_ctl_limit":""},"categories":[8],"tags":[94,102],"acf":[],"_links":{"self":[{"href":"https:\/\/www.bibula.com\/index.php?rest_route=\/wp\/v2\/posts\/19027"}],"collection":[{"href":"https:\/\/www.bibula.com\/index.php?rest_route=\/wp\/v2\/posts"}],"about":[{"href":"https:\/\/www.bibula.com\/index.php?rest_route=\/wp\/v2\/types\/post"}],"author":[{"embeddable":true,"href":"https:\/\/www.bibula.com\/index.php?rest_route=\/wp\/v2\/users\/1"}],"replies":[{"embeddable":true,"href":"https:\/\/www.bibula.com\/index.php?rest_route=%2Fwp%2Fv2%2Fcomments&post=19027"}],"version-history":[{"count":0,"href":"https:\/\/www.bibula.com\/index.php?rest_route=\/wp\/v2\/posts\/19027\/revisions"}],"wp:attachment":[{"href":"https:\/\/www.bibula.com\/index.php?rest_route=%2Fwp%2Fv2%2Fmedia&parent=19027"}],"wp:term":[{"taxonomy":"category","embeddable":true,"href":"https:\/\/www.bibula.com\/index.php?rest_route=%2Fwp%2Fv2%2Fcategories&post=19027"},{"taxonomy":"post_tag","embeddable":true,"href":"https:\/\/www.bibula.com\/index.php?rest_route=%2Fwp%2Fv2%2Ftags&post=19027"}],"curies":[{"name":"wp","href":"https:\/\/api.w.org\/{rel}","templated":true}]}}