{"id":19024,"date":"2010-03-04T09:46:43","date_gmt":"2010-03-04T14:46:43","guid":{"rendered":"http:\/\/www.bibula.com\/?p=19024"},"modified":"2010-03-04T09:46:43","modified_gmt":"2010-03-04T14:46:43","slug":"prof-a-razny-nie-laczyc-dzialan-grupy-giertycha-z-lpr","status":"publish","type":"post","link":"https:\/\/www.bibula.com\/?p=19024","title":{"rendered":"Prof. A.Ra\u017any: Nie \u0142\u0105czy\u0107 dzia\u0142a\u0144 grupy Giertycha z LPR"},"content":{"rendered":"<div><em>Dzia\u0142acze wywodz\u0105cy si\u0119 z  Ligi Polskich Rodzin i M\u0142odzie\u017cy Wszechpolskiej &#8211; organizacji w  przesz\u0142o\u015bci bezpardonowo pomiatanych przez Platform\u0119 Obywatelsk\u0105 &#8211; bez  zaj\u0105kni\u0119cia wchodz\u0105 do PO i wzmacniaj\u0105 jej pozycj\u0119 w ma\u0142opolskim sejmiku<\/em><\/div>\r\n\r\n<p><strong>Wojciech Bosak i Piotr Stachura, dot\u0105d czo\u0142owi dzia\u0142acze ma\u0142opolskiej  Ligi Polskich Rodzin, zawarli sojusz z lokaln\u0105 Platform\u0105 Obywatelsk\u0105,  wzmacniaj\u0105c jej pozycj\u0119 w Sejmiku Wojew\u00f3dztwa Ma\u0142opolskiego. Po  epizodzie rz\u0105d\u00f3w Piotra Farfa\u0142a w TVP i &#8222;hakowych&#8221; rewelacjach Romana  Giertycha to kolejny przejaw wsp\u00f3\u0142pracy mi\u0119dzy tymi \u015brodowiskami. W\u0142adze  LPR oficjalnie odcinaj\u0105 si\u0119 od tych dzia\u0142a\u0144 i zaznaczaj\u0105, \u017ce swoj\u0105  decyzj\u0105 obaj radni zerwali z macierzyst\u0105 parti\u0105. <\/strong><br \/>\r\n<br \/>\r\nJak  podkre\u015bli\u0142a prof. Anna Ra\u017any, przewodnicz\u0105ca Rady Politycznej LPR,  partia nie przewiduje \u017cadnej wsp\u00f3\u0142pracy z PO, gdy\u017c LPR jest parti\u0105  narodow\u0105 i nie mo\u017ce popiera\u0107 programu liberalnego, zw\u0142aszcza w sferze  kultury i moralno\u015bci. Profesor Ra\u017any zaapelowa\u0142a te\u017c, by nie \u0142\u0105czy\u0107  dzia\u0142a\u0144 tzw. grupy Giertycha z LPR.<br \/>\r\n&#8211; Mamy uchwa\u0142\u0119 zarz\u0105du, kt\u00f3ra  zakazuje naszym cz\u0142onkom wyst\u0119powania pod szyldem innych partii  politycznych. Mamy te\u017c obowi\u0105zek kandydowania z list LPR. Panowie Bosak i  Stachura swoj\u0105 decyzj\u0105 z\u0142amali t\u0119 uchwa\u0142\u0119 i automatycznie ustawili si\u0119  poza LPR &#8211; zaznaczy\u0142a prof. Anna Ra\u017any.<br \/>\r\nJak zauwa\u017cy\u0142a, decyzja  radnych wynika z ich dotychczasowej drogi \u017cyciowej. Wojciech Bosak by\u0142  dyrektorem w TVP za czas\u00f3w prezesa Piotra Farfa\u0142a. Wed\u0142ug prof. Ra\u017any,  ani przed-, ani pokongresowe w\u0142adze LPR nie mia\u0142y nic wsp\u00f3lnego z grup\u0105,  kt\u00f3ra przej\u0119\u0142a w\u0142adz\u0119 w TVP. &#8211; My\u015bmy ich tam nie delegowali, do niczego  nie zobowi\u0105zywali. Przeciwnie. Nie by\u0142o mi\u0119dzy nami \u017cadnych kontakt\u00f3w.  To jest grupa Romana Giertycha, kt\u00f3ra dzia\u0142a\u0142a z nim w porozumieniu. Na  pewno nie dzia\u0142ali oni z mandatu LPR. Dotyczy to zar\u00f3wno pana Farfa\u0142a,  jak i wszystkich, kt\u00f3rych on zatrudni\u0142, si\u0119gaj\u0105c zar\u00f3wno do M\u0142odzie\u017cy  Wszechpolskiej, jak i LPR &#8211; relacjonowa\u0142a.<br \/>\r\nProfesor Ra\u017any  przekonywa\u0142a, \u017ce kojarzenie dzia\u0142a\u0144 Bosaka, Stachury i tzw. grupy  Giertycha z dzia\u0142aniami LPR jest wprowadzaniem opinii publicznej w b\u0142\u0105d.  &#8211; \u0179adnej wsp\u00f3\u0142pracy z PO nie mamy i nie przewidujemy. Niestety, to, co  robi pan Giertych, idzie na konto Ligi Polskich Rodzin i jest to wysoce  niesprawiedliwe. LPR jest parti\u0105 narodow\u0105 i nie mo\u017ce popiera\u0107 programu  liberalnego, zw\u0142aszcza w sferze kultury i moralno\u015bci &#8211; doda\u0142a. Profesor  Anna Ra\u017any zaznaczy\u0142a, \u017ce obaj radni stracili sw\u00f3j mandat w LPR, a  oficjalnie fakt ten zostanie potwierdzony 20 marca przez zarz\u0105d i rad\u0119  polityczn\u0105 partii. Teoretycznie oznacza to, \u017ce Bosak nie mo\u017ce  legitymowa\u0107 si\u0119 jako przewodnicz\u0105cy struktury krakowskiej oraz jako  cz\u0142onek Rady Politycznej LPR. Stachura by\u0142 szeregowym cz\u0142onkiem partii.  Jednak z naszych informacji wynika, \u017ce we w\u0142adzach partii zasiada  wi\u0119kszo\u015b\u0107 zwolennik\u00f3w Giertycha. <br \/>\r\nWojciech Bosak sprawowa\u0142 funkcj\u0119  wiceministra budownictwa w koalicyjnym rz\u0105dzie PiS &#8211; LPR &#8211; Samoobrona,  p\u00f3\u017aniej w TVP Piotr Farfa\u0142 zatrudni\u0142 go jako szefa biura zarz\u0105du sp\u00f3\u0142ki.  Piotr Stachura znany jest jedynie lokalnie ze swoich akcji prowadzonych  pod szyldem M\u0142odzie\u017cy Wszechpolskiej. Wed\u0142ug ma\u0142opolskich dzia\u0142aczy PO,  zbli\u017cenie z radnymi LPR by\u0142o formalno\u015bci\u0105, gdy\u017c obaj od dawna popierali  PO w g\u0142osowaniach. Zmiana barw by\u0142a wi\u0119c rzecz\u0105 naturaln\u0105.<br \/>\r\nDecyzji  Bosaka i Stachury szerzej nie chcia\u0142a komentowa\u0107 Urszula Augustyn, pose\u0142  PO. &#8211; Mog\u0119 wyrazi\u0107 jedynie wielk\u0105 rado\u015b\u0107 z tego, co si\u0119 sta\u0142o, bo to  oznacza, \u017ce akceptuj\u0105 nasz spos\u00f3b my\u015blenia, nasze formy dzia\u0142ania.  Bardzo cieszymy si\u0119, \u017ce mo\u017cemy wsp\u00f3\u0142pracowa\u0107 dla dobra Ma\u0142opolski &#8211;  uzna\u0142a. W efekcie tej wsp\u00f3\u0142pracy PO umocni\u0142a swoje stanowisko w Sejmiku  Wojew\u00f3dztwa Ma\u0142opolskiego, gdzie rz\u0105dzi wraz ze Wsp\u00f3lnot\u0105 Ma\u0142opolsk\u0105 i  PSL. Gdyby radnych LPR przygarn\u0119\u0142o np. PiS, mo\u017cliwa by\u0142aby koalicja WM z  PiS i przesuni\u0119cie PO do roli opozycji. &#8211; Nie ukrywam, \u017ce rozmawiali\u015bmy  o wsp\u00f3\u0142pracy. Wydawa\u0142o mi si\u0119, \u017ce powa\u017cnie, bo nasza oferta by\u0142a  przyzwoita. Zaznaczali\u015bmy, \u017ce nie chodzi nam o przej\u0119cie w\u0142adzy i  zrobienie przewrotu dla przewrotu, ale \u017ce trzeba zmieni\u0107 spos\u00f3b  funkcjonowania samorz\u0105du, bo w wielu sferach dzia\u0142ania by\u0142 on z\u0142y. By\u0142a  szansa, by pokaza\u0107, \u017ce mo\u017cna inaczej &#8211; powiedzia\u0142 pose\u0142 Zbigniew  Wassermann, szef ma\u0142opolskich struktur PiS, w rozmowie z &#8222;Naszym  Dziennikiem&#8221;. <br \/>\r\n<strong><\/strong><\/p>\r\n\r\n<p><em><strong>Marcin Austyn<\/strong><\/em><\/p>","protected":false},"excerpt":{"rendered":"Dzia\u0142acze wywodz\u0105cy si\u0119 z Ligi Polskich Rodzin i M\u0142odzie\u017cy Wszechpolskiej &#8211; organizacji w przesz\u0142o\u015bci bezpardonowo pomiatanych przez Platform\u0119 Obywatelsk\u0105 &#8211; bez zaj\u0105kni\u0119cia wchodz\u0105 do PO i wzmacniaj\u0105 jej pozycj\u0119 w ma\u0142opolskim sejmiku Wojciech Bosak i Piotr Stachura, dot\u0105d czo\u0142owi dzia\u0142acze ma\u0142opolskiej Ligi Polskich Rodzin, zawarli sojusz z lokaln\u0105 Platform\u0105 Obywatelsk\u0105, wzmacniaj\u0105c jej pozycj\u0119 w Sejmiku [&hellip;]","protected":false},"author":1,"featured_media":0,"comment_status":"closed","ping_status":"closed","sticky":false,"template":"","format":"standard","meta":{"_acf_changed":false,"_monsterinsights_skip_tracking":false,"_monsterinsights_sitenote_active":false,"_monsterinsights_sitenote_note":"","_monsterinsights_sitenote_category":0,"ngg_post_thumbnail":0,"footnotes":"","_wp_rev_ctl_limit":""},"categories":[8],"tags":[98],"acf":[],"_links":{"self":[{"href":"https:\/\/www.bibula.com\/index.php?rest_route=\/wp\/v2\/posts\/19024"}],"collection":[{"href":"https:\/\/www.bibula.com\/index.php?rest_route=\/wp\/v2\/posts"}],"about":[{"href":"https:\/\/www.bibula.com\/index.php?rest_route=\/wp\/v2\/types\/post"}],"author":[{"embeddable":true,"href":"https:\/\/www.bibula.com\/index.php?rest_route=\/wp\/v2\/users\/1"}],"replies":[{"embeddable":true,"href":"https:\/\/www.bibula.com\/index.php?rest_route=%2Fwp%2Fv2%2Fcomments&post=19024"}],"version-history":[{"count":0,"href":"https:\/\/www.bibula.com\/index.php?rest_route=\/wp\/v2\/posts\/19024\/revisions"}],"wp:attachment":[{"href":"https:\/\/www.bibula.com\/index.php?rest_route=%2Fwp%2Fv2%2Fmedia&parent=19024"}],"wp:term":[{"taxonomy":"category","embeddable":true,"href":"https:\/\/www.bibula.com\/index.php?rest_route=%2Fwp%2Fv2%2Fcategories&post=19024"},{"taxonomy":"post_tag","embeddable":true,"href":"https:\/\/www.bibula.com\/index.php?rest_route=%2Fwp%2Fv2%2Ftags&post=19024"}],"curies":[{"name":"wp","href":"https:\/\/api.w.org\/{rel}","templated":true}]}}