{"id":1892,"date":"2008-04-01T18:26:08","date_gmt":"2008-04-01T18:26:08","guid":{"rendered":""},"modified":"2018-04-01T22:07:54","modified_gmt":"2018-04-02T02:07:54","slug":"ambasador-polski-w-izraelu-umowa-w-s-roszczen-majatkowych-jeszcze-w-tym-roku","status":"publish","type":"post","link":"https:\/\/www.bibula.com\/?p=1892","title":{"rendered":"Ambasador Polski w Izraelu: Umowa w\/s roszcze\u0144 maj\u0105tkowych jeszcze w tym roku"},"content":{"rendered":"<p>Agnieszka Magdziak-Miszewska, ambasador Polski w Izraelu, oswiadczy\u0142a miejscowym dziennikarzom, \u017ce rz\u0105d polski chce sfinalizowa\u0107 spraw\u0119 zwrotu maj\u0105tk\u00f3w zagrabionych \u017bydom przez nazist\u00f3w w czasie II wojny \u015bwiatowej, do konca 2008 roku.&nbsp; Wed\u0142ug projektu ustawy zapewni si\u0119 20% rekompensat\u0119 dla by\u0142ych w\u0142a\u015bcicieli, zar\u00f3wno \u017bydow jak i nie-\u017byd\u00f3w, kt\u00f3rych w\u0142asno\u015b\u0107 zosta\u0142a skonfiskowana w czasie II wojny \u015bwiatowej.<\/p>\r\n<p>Wed\u0142ug ocen strony polskiej, oko\u0142o jedna pi\u0105ta wszystkich konfiskacji dotyczy\u0142a \u017byd\u00f3w.<\/p>\r\n<p>Magdziak-Miszewska stwierdzi\u0142a, \u017ce zar\u00f3wno ze wzgl\u0119d\u00f3w historycznych, jak i ekonomicznych, ta sprawa jest wa\u017cna dla Polski: &#8222;Zako\u0144czenie ca\u0142ej sprawy le\u017cy w interesie Polski, zar\u00f3wno z punktu widzenia realnych gospodarczych interes\u00f3w, jak i moralnego poczucia sprawiedliwo\u015bci.\u201d&nbsp; Pani ambasador ujawni\u0142a, \u017ce obecnie rz\u0105d polski rozwa\u017ca mo\u017cliwo\u015b\u0107 zwi\u0119kszeniza rekompensaty. Wed\u0142ug grupy ekspert\u00f3w, ca\u0142a warto\u015b\u0107 maj\u0105tk\u00f3w skonfiskowanych w czasie II wojny \u015bwiatowej si\u0119ga 21-24 miliard\u00f3w dolar\u00f3w ameryka\u0144skich.<\/p>\r\n<p><em>(T\u0142umaczy\u0142 i nades\u0142a\u0142 Stan Sas)<\/em><\/p>","protected":false},"excerpt":{"rendered":"Agnieszka Magdziak-Miszewska, ambasador Polski w Izraelu, oswiadczy\u0142a miejscowym dziennikarzom, \u017ce rz\u0105d polski chce sfinalizowa\u0107 spraw\u0119 zwrotu maj\u0105tk\u00f3w zagrabionych \u017bydom przez nazist\u00f3w w czasie II wojny \u015bwiatowej, do konca 2008 roku.&nbsp; Wed\u0142ug projektu ustawy zapewni si\u0119 20% rekompensat\u0119 dla by\u0142ych w\u0142a\u015bcicieli, zar\u00f3wno \u017bydow jak i nie-\u017byd\u00f3w, kt\u00f3rych w\u0142asno\u015b\u0107 zosta\u0142a skonfiskowana w czasie II wojny \u015bwiatowej. Wed\u0142ug [&hellip;]","protected":false},"author":1,"featured_media":0,"comment_status":"closed","ping_status":"open","sticky":false,"template":"","format":"standard","meta":{"_acf_changed":false,"_monsterinsights_skip_tracking":false,"_monsterinsights_sitenote_active":false,"_monsterinsights_sitenote_note":"","_monsterinsights_sitenote_category":0,"ngg_post_thumbnail":0,"footnotes":"","_wp_rev_ctl_limit":""},"categories":[8],"tags":[22,92,61],"acf":[],"_links":{"self":[{"href":"https:\/\/www.bibula.com\/index.php?rest_route=\/wp\/v2\/posts\/1892"}],"collection":[{"href":"https:\/\/www.bibula.com\/index.php?rest_route=\/wp\/v2\/posts"}],"about":[{"href":"https:\/\/www.bibula.com\/index.php?rest_route=\/wp\/v2\/types\/post"}],"author":[{"embeddable":true,"href":"https:\/\/www.bibula.com\/index.php?rest_route=\/wp\/v2\/users\/1"}],"replies":[{"embeddable":true,"href":"https:\/\/www.bibula.com\/index.php?rest_route=%2Fwp%2Fv2%2Fcomments&post=1892"}],"version-history":[{"count":0,"href":"https:\/\/www.bibula.com\/index.php?rest_route=\/wp\/v2\/posts\/1892\/revisions"}],"wp:attachment":[{"href":"https:\/\/www.bibula.com\/index.php?rest_route=%2Fwp%2Fv2%2Fmedia&parent=1892"}],"wp:term":[{"taxonomy":"category","embeddable":true,"href":"https:\/\/www.bibula.com\/index.php?rest_route=%2Fwp%2Fv2%2Fcategories&post=1892"},{"taxonomy":"post_tag","embeddable":true,"href":"https:\/\/www.bibula.com\/index.php?rest_route=%2Fwp%2Fv2%2Ftags&post=1892"}],"curies":[{"name":"wp","href":"https:\/\/api.w.org\/{rel}","templated":true}]}}