{"id":1872,"date":"2008-03-27T15:54:18","date_gmt":"2008-03-27T15:54:18","guid":{"rendered":""},"modified":"2018-03-27T12:43:41","modified_gmt":"2018-03-27T16:43:41","slug":"belgijska-partia-liberalow-wprowadzic-eutanazje-dzieci-i-mlodziezy","status":"publish","type":"post","link":"https:\/\/www.bibula.com\/?p=1872","title":{"rendered":"Belgijska partia libera\u0142\u00f3w: Wprowadzi\u0107 eutanazj\u0119 dzieci i m\u0142odzie\u017cy!"},"content":{"rendered":"<p>Przyw\u00f3dca g\u0142\u00f3wnej koalicyjnej belgijskiej partii liberalnej, Bart Tommelein, wezwa\u0142 do rozszerzenia obowi\u0105zuj\u0105cej ustawy dopuszczaj\u0105cej eutanazj\u0119 i zalegalizowania jej przeprowadzania na dzieciach i m\u0142odzie\u017cy.<\/p>\r\n<p>Przyw\u00f3dca koalicyjnej partii flamandzkiej <em>Vlaamse Liberalen en Democraten<\/em> &#8211; VLD powiedzia\u0142, \u017ce &#8222;Nie dopu\u015bcimy do tego, aby debata nad etyk\u0105 by\u0142a tak prowadzona jak przez ostatnie cztery lata. [Celem przeforsowania nowej ustawy] jako liberalowie, b\u0119dziemy szukali wi\u0119kszo\u015bci parlamentarnej.&#8221;<\/p>\r\n<p>Wprowadzona w 2002 roku ustawa zezwala na eutanazj\u0119 niemowl\u0105t i, w praktyce, dzieci do 12 miesi\u0105ca \u017cycia oraz os\u00f3b powy\u017cej 18 roku \u017cycia. Partia libera\u0142\u00f3w wzywa do rozszerzenia jej na inne grupy wiekowe, czyli na dzieci i m\u0142odzie\u017c.<\/p>\r\n<p>Ponad po\u0142owa dzieci poni\u017cej 12 miesi\u0105ca \u017cycia umiera w Belgii na skutek &#8222;medycznej interwencji&#8221;. Oficjalne dane podaj\u0105, \u017ce co miesi\u0105c lekarze wydaj\u0105 decyzje o przeprowadzeniu 39 tego rodzaju zab\u00f3jstw, jakkolwiek prawdziwe dane nie s\u0105 znane.<\/p>","protected":false},"excerpt":{"rendered":"Przyw\u00f3dca g\u0142\u00f3wnej koalicyjnej belgijskiej partii liberalnej, Bart Tommelein, wezwa\u0142 do rozszerzenia obowi\u0105zuj\u0105cej ustawy dopuszczaj\u0105cej eutanazj\u0119 i zalegalizowania jej przeprowadzania na dzieciach i m\u0142odzie\u017cy. Przyw\u00f3dca koalicyjnej partii flamandzkiej Vlaamse Liberalen en Democraten &#8211; VLD powiedzia\u0142, \u017ce &#8222;Nie dopu\u015bcimy do tego, aby debata nad etyk\u0105 by\u0142a tak prowadzona jak przez ostatnie cztery lata. [Celem przeforsowania nowej ustawy] [&hellip;]","protected":false},"author":1,"featured_media":0,"comment_status":"closed","ping_status":"open","sticky":false,"template":"","format":"standard","meta":{"_acf_changed":false,"_monsterinsights_skip_tracking":false,"_monsterinsights_sitenote_active":false,"_monsterinsights_sitenote_note":"","_monsterinsights_sitenote_category":0,"ngg_post_thumbnail":0,"footnotes":"","_wp_rev_ctl_limit":""},"categories":[6],"tags":[250,49],"acf":[],"_links":{"self":[{"href":"https:\/\/www.bibula.com\/index.php?rest_route=\/wp\/v2\/posts\/1872"}],"collection":[{"href":"https:\/\/www.bibula.com\/index.php?rest_route=\/wp\/v2\/posts"}],"about":[{"href":"https:\/\/www.bibula.com\/index.php?rest_route=\/wp\/v2\/types\/post"}],"author":[{"embeddable":true,"href":"https:\/\/www.bibula.com\/index.php?rest_route=\/wp\/v2\/users\/1"}],"replies":[{"embeddable":true,"href":"https:\/\/www.bibula.com\/index.php?rest_route=%2Fwp%2Fv2%2Fcomments&post=1872"}],"version-history":[{"count":0,"href":"https:\/\/www.bibula.com\/index.php?rest_route=\/wp\/v2\/posts\/1872\/revisions"}],"wp:attachment":[{"href":"https:\/\/www.bibula.com\/index.php?rest_route=%2Fwp%2Fv2%2Fmedia&parent=1872"}],"wp:term":[{"taxonomy":"category","embeddable":true,"href":"https:\/\/www.bibula.com\/index.php?rest_route=%2Fwp%2Fv2%2Fcategories&post=1872"},{"taxonomy":"post_tag","embeddable":true,"href":"https:\/\/www.bibula.com\/index.php?rest_route=%2Fwp%2Fv2%2Ftags&post=1872"}],"curies":[{"name":"wp","href":"https:\/\/api.w.org\/{rel}","templated":true}]}}