{"id":18707,"date":"2010-02-23T16:45:20","date_gmt":"2010-02-23T21:45:20","guid":{"rendered":"http:\/\/www.bibula.com\/?p=18707"},"modified":"2010-02-23T16:45:20","modified_gmt":"2010-02-23T21:45:20","slug":"metlik-w-glowie-marszalka-komorowskiego-jestem-za-zyciem-wiec-i-za-in-vitro","status":"publish","type":"post","link":"https:\/\/www.bibula.com\/?p=18707","title":{"rendered":"M\u0119tlik w g\u0142owie Marsza\u0142ka Komorowskiego: Jestem za \u017cyciem&#8230; wi\u0119c i za in vitro"},"content":{"rendered":"<p><strong>Jaki jest osobisty pogl\u0105d marsza\u0142ka Sejmu na temat in vitro? &#8211;  Konsekwentnie jestem za \u017cyciem &#8211; odpowiada \u201eGo\u015bciowi Niedzielnemu\u201d  g\u0142o\u015bno deklaruj\u0105cy sw\u00f3j katolicyzm polityk. I dodaje, \u017ce z tego powodu  popiera sztuczne zap\u0142odnienie t\u0105 metod\u0105. Jednak mimo to Komorowskiego  jako katolika zachwala W\u0142adys\u0142aw Bartoszewski.<\/strong><\/p>\r\n\r\n<p>We  wtorek w Gda\u0144sku Komorowskiego jako kandydata na prezydenta popar\u0142 Lech  Wa\u0142\u0119sa. Marsza\u0142ka bardzo serdecznie podejmowa\u0142 te\u017c o.Maciej Zi\u0119ba,  dyrektor Europejskiego Centrum Solidarno\u015bci<\/p>\r\n\r\n<p>Marsza\u0142ek jest krytykowany z lewa i prawa za to, \u017ce blokuje prace nad  regulacjami spraw bioetycznych. &#8211; To jawna obstrukcja &#8211; stwierdzi\u0142 w  rozmowie z portalem Fronda.pl publicysta \u201eGo\u015bcia\u201d Bogumi\u0142 \u0141ozi\u0144ski.<\/p>\r\n\r\n<p>Na dodatek obecnie w sprawie in vitro nie ma w Polsce praktycznie  \u017cadnych regulacji i ludzkie zarodki nie s\u0105 w og\u00f3le chronione.<\/p>\r\n\r\n<p>Polityk, ubiegaj\u0105cy si\u0119 o urz\u0105d prezydenta RP, nie zamierza si\u0119 tym  jednak przejmowa\u0107. &#8211; Konsekwentnie jestem za \u017cyciem. W zwi\u0105zku z tym  jestem przeciwko aborcji, przeciwko eutanazji, karze \u015bmierci, ale i za  metod\u0105 in vitro, gdy\u017c jest to szansa na \u017cycie &#8211; wy\u0142uszcza w katolickim  tygodniku. Co stwierdza na to, \u017ce ta metoda r\u00f3wnie\u017c zabija?<\/p>\r\n\r\n<p>&#8211; Dlatego trzeba spr\u00f3bowa\u0107 ustaw\u0119 tak napisa\u0107, aby nie popa\u015b\u0107 w  konflikt z nauk\u0105 Ko\u015bcio\u0142a, a jednak stworzy\u0107 szans\u0119 tym polskim  rodzinom, kt\u00f3re tylko dzi\u0119ki tej metodzie mog\u0105 doczeka\u0107 si\u0119 w\u0142asnego  potomstwa &#8211; stwierdza filozoficznie wsp\u00f3\u0142autor obowi\u0105zuj\u0105cej obecnie  kompromisowej ustawy antyaborcyjnej.<\/p>\r\n\r\n<p>Okazuje si\u0119 wi\u0119c, \u017ce marsza\u0142ek polskiego Sejmu, uwa\u017cany przez  niekt\u00f3rych za konserwatyst\u0119 i arystokrat\u0119, w sprawach moralnych ma  gorsze rozeznanie, ni\u017c gwiazdki popkultury <a href=\"http:\/\/www.fronda.pl\/news\/czytaj\/jennifer_lopez_przeciw_in_vitro\">Jennifer  Lopez<\/a>, czy <a href=\"http:\/\/www.fronda.pl\/news\/czytaj\/czworo_dzieci_celine_dion_zmarlo_w_wyniku_in_vitro\">Celine  Dion<\/a>. Nie przeszkadza to W\u0142adys\u0142awowi Bartoszewskiemu, sekretarzowi  stanu w kancelarii premiera Tuska. &#8211; Katolik, ojciec pi\u0119ciorga dzieci &#8211;  zachwala\u0142 go w TVN.<\/p>\r\n\r\n<p>mm\/Go\u015b\u0107 Niedzielny<\/p>","protected":false},"excerpt":{"rendered":"Jaki jest osobisty pogl\u0105d marsza\u0142ka Sejmu na temat in vitro? &#8211; Konsekwentnie jestem za \u017cyciem &#8211; odpowiada \u201eGo\u015bciowi Niedzielnemu\u201d g\u0142o\u015bno deklaruj\u0105cy sw\u00f3j katolicyzm polityk. I dodaje, \u017ce z tego powodu popiera sztuczne zap\u0142odnienie t\u0105 metod\u0105. Jednak mimo to Komorowskiego jako katolika zachwala W\u0142adys\u0142aw Bartoszewski. We wtorek w Gda\u0144sku Komorowskiego jako kandydata na prezydenta popar\u0142 Lech [&hellip;]","protected":false},"author":1,"featured_media":0,"comment_status":"closed","ping_status":"closed","sticky":false,"template":"","format":"standard","meta":{"_acf_changed":false,"_monsterinsights_skip_tracking":false,"_monsterinsights_sitenote_active":false,"_monsterinsights_sitenote_note":"","_monsterinsights_sitenote_category":0,"ngg_post_thumbnail":0,"footnotes":"","_wp_rev_ctl_limit":""},"categories":[8],"tags":[94,98],"acf":[],"_links":{"self":[{"href":"https:\/\/www.bibula.com\/index.php?rest_route=\/wp\/v2\/posts\/18707"}],"collection":[{"href":"https:\/\/www.bibula.com\/index.php?rest_route=\/wp\/v2\/posts"}],"about":[{"href":"https:\/\/www.bibula.com\/index.php?rest_route=\/wp\/v2\/types\/post"}],"author":[{"embeddable":true,"href":"https:\/\/www.bibula.com\/index.php?rest_route=\/wp\/v2\/users\/1"}],"replies":[{"embeddable":true,"href":"https:\/\/www.bibula.com\/index.php?rest_route=%2Fwp%2Fv2%2Fcomments&post=18707"}],"version-history":[{"count":0,"href":"https:\/\/www.bibula.com\/index.php?rest_route=\/wp\/v2\/posts\/18707\/revisions"}],"wp:attachment":[{"href":"https:\/\/www.bibula.com\/index.php?rest_route=%2Fwp%2Fv2%2Fmedia&parent=18707"}],"wp:term":[{"taxonomy":"category","embeddable":true,"href":"https:\/\/www.bibula.com\/index.php?rest_route=%2Fwp%2Fv2%2Fcategories&post=18707"},{"taxonomy":"post_tag","embeddable":true,"href":"https:\/\/www.bibula.com\/index.php?rest_route=%2Fwp%2Fv2%2Ftags&post=18707"}],"curies":[{"name":"wp","href":"https:\/\/api.w.org\/{rel}","templated":true}]}}