{"id":18534,"date":"2010-02-19T11:11:01","date_gmt":"2010-02-19T16:11:01","guid":{"rendered":"http:\/\/www.bibula.com\/?p=18534"},"modified":"2010-02-19T11:11:01","modified_gmt":"2010-02-19T16:11:01","slug":"nie-bedzie-pomnika-gierka-we-wloclawku","status":"publish","type":"post","link":"https:\/\/www.bibula.com\/?p=18534","title":{"rendered":"Nie b\u0119dzie pomnika Gierka we W\u0142oc\u0142awku"},"content":{"rendered":"<p>We W\u0142oc\u0142awku nie stanie pomnik Edwarda Gierka. Oficjalnie rodzina by\u0142ego  komunistycznego kacyka si\u0119 na to nie zgadza. Nieoficjalnie &#8211;  postkomunistom przesz\u0142a gierkomania.<\/p>\r\n\r\n<p><img decoding=\"async\" class=\"alignleft\" style=\"margin: 10px;\" src=\"http:\/\/www.fronda.pl\/files\/Gierek_pomnik.jpg\" alt=\"\" width=\"190\" height=\"181\" align=\"left\" \/><\/p>\r\n\r\n<p>&#8211; Profesor Adam Gierek [syn Edwarda Gierka, europose\u0142 Unii Pracy]  prosi\u0142, aby\u015bmy nie robili ju\u017c rozg\u0142osu. Trzeba szanowa\u0107 wol\u0119 cz\u0142onk\u00f3w  rodziny. To w ko\u0144cu ich nazwisko &#8211; twierdzi jeden z za\u0142o\u017cycieli komitetu  budowy pomnika Edwarda Gierka, Eugeniusz Wypijewski. T\u0142umaczy, \u017ce nie  chodzi\u0142o o budow\u0119 monumentu, a o wmurowanie w pomnik Ludzi Pracy  medalion z podobizn\u0105 by\u0142ego I sekretarza KC PZPR i tablic\u0105 jego pami\u0119ci.<\/p>\r\n\r\n<p>Okazuje si\u0119 jednak, \u017ce komitet, kt\u00f3ry powsta\u0142 w 2002 roku, nie  zdzia\u0142a\u0142 przez ten czas zbyt wiele. Nadal formalnie istnieje, jednak  zawiesi\u0142 dzia\u0142alno\u015b\u0107. Zebrane w tym czasie kilka tysi\u0119cy z\u0142otych  zamro\u017cono na oprocentowanym koncie. &#8211; Mo\u017ce w przysz\u0142o\u015bci przeka\u017cemy je  na jaki\u015b dom dziecka?  &#8211; zastanawia si\u0119 Wypijewski.<\/p>\r\n\r\n<p>W tym samym W\u0142oc\u0142awku powstaje obecnie pierwsze w Polsce <a href=\"http:\/\/fronda.pl\/news\/czytaj\/wloclawek_pierwsze_sanktuarium_ks_popieluszki\">sanktuarium  ks. Jerzego Popie\u0142uszki<\/a>, kt\u00f3ry zostanie wyniesiony na o\u0142tarze 6  czerwca 2010. To tutaj mordercy wrzucili cia\u0142o m\u0119czennika do Wis\u0142y.  Edward Gierek nie mia\u0142 z kolei z W\u0142oc\u0142awkiem nic wsp\u00f3lnego pr\u00f3cz tego,  \u017ce za jego urz\u0119dowania miasto sta\u0142o si\u0119 stolic\u0105 wojew\u00f3dztwa.<\/p>\r\n\r\n<p>sks\/Gazeta.pl<\/p>","protected":false},"excerpt":{"rendered":"We W\u0142oc\u0142awku nie stanie pomnik Edwarda Gierka. Oficjalnie rodzina by\u0142ego komunistycznego kacyka si\u0119 na to nie zgadza. Nieoficjalnie &#8211; postkomunistom przesz\u0142a gierkomania. &#8211; Profesor Adam Gierek [syn Edwarda Gierka, europose\u0142 Unii Pracy] prosi\u0142, aby\u015bmy nie robili ju\u017c rozg\u0142osu. Trzeba szanowa\u0107 wol\u0119 cz\u0142onk\u00f3w rodziny. To w ko\u0144cu ich nazwisko &#8211; twierdzi jeden z za\u0142o\u017cycieli komitetu budowy [&hellip;]","protected":false},"author":1,"featured_media":0,"comment_status":"closed","ping_status":"closed","sticky":false,"template":"","format":"standard","meta":{"_acf_changed":false,"_monsterinsights_skip_tracking":false,"_monsterinsights_sitenote_active":false,"_monsterinsights_sitenote_note":"","_monsterinsights_sitenote_category":0,"ngg_post_thumbnail":0,"footnotes":"","_wp_rev_ctl_limit":""},"categories":[8],"tags":[66,92,98],"acf":[],"_links":{"self":[{"href":"https:\/\/www.bibula.com\/index.php?rest_route=\/wp\/v2\/posts\/18534"}],"collection":[{"href":"https:\/\/www.bibula.com\/index.php?rest_route=\/wp\/v2\/posts"}],"about":[{"href":"https:\/\/www.bibula.com\/index.php?rest_route=\/wp\/v2\/types\/post"}],"author":[{"embeddable":true,"href":"https:\/\/www.bibula.com\/index.php?rest_route=\/wp\/v2\/users\/1"}],"replies":[{"embeddable":true,"href":"https:\/\/www.bibula.com\/index.php?rest_route=%2Fwp%2Fv2%2Fcomments&post=18534"}],"version-history":[{"count":0,"href":"https:\/\/www.bibula.com\/index.php?rest_route=\/wp\/v2\/posts\/18534\/revisions"}],"wp:attachment":[{"href":"https:\/\/www.bibula.com\/index.php?rest_route=%2Fwp%2Fv2%2Fmedia&parent=18534"}],"wp:term":[{"taxonomy":"category","embeddable":true,"href":"https:\/\/www.bibula.com\/index.php?rest_route=%2Fwp%2Fv2%2Fcategories&post=18534"},{"taxonomy":"post_tag","embeddable":true,"href":"https:\/\/www.bibula.com\/index.php?rest_route=%2Fwp%2Fv2%2Ftags&post=18534"}],"curies":[{"name":"wp","href":"https:\/\/api.w.org\/{rel}","templated":true}]}}