{"id":18511,"date":"2010-02-19T10:13:12","date_gmt":"2010-02-19T15:13:12","guid":{"rendered":"http:\/\/www.bibula.com\/?p=18511"},"modified":"2010-02-19T10:13:53","modified_gmt":"2010-02-19T15:13:53","slug":"stalin-powraca-w-chwale-do-moskwy","status":"publish","type":"post","link":"https:\/\/www.bibula.com\/?p=18511","title":{"rendered":"Stalin powraca w chwale do Moskwy"},"content":{"rendered":"<p>Z  okazji obchod\u00f3w 65. rocznicy zwyci\u0119stwa nad faszyzmem w\u0142adze Moskwy  zdecydowa\u0142y, \u017ce 9-go maja w rosyjskiej stolicy zawisn\u0105 plakaty ze  Stalinem, gloryfikuj\u0105ce dokonania zbrodniarza. Wizerunki Stalina nie  pojawia\u0142y si\u0119 ani od po\u0142owy lat pi\u0119\u0107dziesi\u0105tych w Zwi\u0105zku Radzieckim,  kiedy pot\u0119piono kult jednostki i zbrodnie dyktatora, ani potem w Rosji.<\/p>\r\n\r\n<div>\r\n<p>Tegoroczna  defilada ma by\u0107 najwi\u0119ksz\u0105 w historii i maj\u0105 w niej uczestniczy\u0107  przyw\u00f3dcy pa\u0144stw bior\u0105cych udzia\u0142 w walce z faszyzmem.<\/p>\r\n\r\n<p><img decoding=\"async\" class=\"alignleft\" style=\"margin: 10px; border: 0pt none;\" title=\"Image\" src=\"http:\/\/aspektpolski.pl\/\/images\/stories\/stalinhitler.jpg\" border=\"0\" alt=\"Image\" hspace=\"6\" width=\"149\" height=\"154\" align=\"left\" \/><\/p>\r\n\r\n<p>Decyzja w\u0142adz rosyjskiej stolicy zosta\u0142a podj\u0119ta pod  naciskiem komunist\u00f3w, tymczasem obro\u0144cy praw cz\u0142owieka zapowiadaj\u0105  protesty, m. in. stowarzyszenie badaj\u0105ce zbrodnie komunityczne,  Memoria\u0142. Maj\u0105 oni nadziej\u0119 na zablokowanie powrotu Stalina przez  demokratyczn\u0105 opozycj\u0119 oraz na pomoc prezydenta Miedwiediewa.<\/p>\r\n\r\n<p>Pod koniec grudnia 2009 roku burz\u0119 wywo\u0142a\u0142y s\u0142owa ks.  Filipa Riabycha z Moskiewskiego Patriarchatu, kt\u00f3ry powiedzia\u0142, \u017ce  &#8222;Stalin spowodowa\u0142 cierpienia i nieszcz\u0119\u015bcia milion\u00f3w. Dlaczego mamy to  ukrywa\u0107 i robi\u0107 z niego bohatera? Pr\u00f3ba przedstawiania tego okrutnego  prze\u015bladowcy Ko\u015bcio\u0142a jako dobroczy\u0144cy i wierz\u0105cego chrze\u015bcijanina jest  niebezpieczna i mo\u017ce spowodowa\u0107 tylko duchowe szkody&#8221;.<\/p>\r\n\r\n<p>To stanowisko popar\u0142 patriarcha Cyryl, kt\u00f3ry  stwierdzi\u0142, \u017ce nie mo\u017cna usprawiedliwia\u0107 Stalina tylko z powodu  zwyci\u0119stwa w II wojnie \u015bwiatowej. &#8211; Cudu zjednoczenia narodowego w  zwyci\u0119stwie nad nad hitlerowcami nie mo\u017cna wyja\u015bni\u0107 dzia\u0142aniami partii,  czy autorytetem Stalina &#8211; t\u0142umaczy\u0142, wskazuj\u0105c na g\u0142\u00f3wnego bohatera &#8211;  nar\u00f3d.<\/p>\r\n\r\n<p>By\u0142a to jedna z pierwszych tak ostro  sformu\u0142owanych deklaracji patriarchatu moskiewskiego w sprawie rozlicze\u0144  historycznych.\r\n<\/div>\r\n\r\n<p class=\"zrodlo\">Fronda.pl\/Interia.pl\/AJa<\/p>","protected":false},"excerpt":{"rendered":"Z okazji obchod\u00f3w 65. rocznicy zwyci\u0119stwa nad faszyzmem w\u0142adze Moskwy zdecydowa\u0142y, \u017ce 9-go maja w rosyjskiej stolicy zawisn\u0105 plakaty ze Stalinem, gloryfikuj\u0105ce dokonania zbrodniarza. Wizerunki Stalina nie pojawia\u0142y si\u0119 ani od po\u0142owy lat pi\u0119\u0107dziesi\u0105tych w Zwi\u0105zku Radzieckim, kiedy pot\u0119piono kult jednostki i zbrodnie dyktatora, ani potem w Rosji. Tegoroczna defilada ma by\u0107 najwi\u0119ksz\u0105 w historii [&hellip;]","protected":false},"author":1,"featured_media":0,"comment_status":"closed","ping_status":"closed","sticky":false,"template":"","format":"standard","meta":{"_acf_changed":false,"_monsterinsights_skip_tracking":false,"_monsterinsights_sitenote_active":false,"_monsterinsights_sitenote_note":"","_monsterinsights_sitenote_category":0,"ngg_post_thumbnail":0,"footnotes":"","_wp_rev_ctl_limit":""},"categories":[6],"tags":[66],"acf":[],"_links":{"self":[{"href":"https:\/\/www.bibula.com\/index.php?rest_route=\/wp\/v2\/posts\/18511"}],"collection":[{"href":"https:\/\/www.bibula.com\/index.php?rest_route=\/wp\/v2\/posts"}],"about":[{"href":"https:\/\/www.bibula.com\/index.php?rest_route=\/wp\/v2\/types\/post"}],"author":[{"embeddable":true,"href":"https:\/\/www.bibula.com\/index.php?rest_route=\/wp\/v2\/users\/1"}],"replies":[{"embeddable":true,"href":"https:\/\/www.bibula.com\/index.php?rest_route=%2Fwp%2Fv2%2Fcomments&post=18511"}],"version-history":[{"count":0,"href":"https:\/\/www.bibula.com\/index.php?rest_route=\/wp\/v2\/posts\/18511\/revisions"}],"wp:attachment":[{"href":"https:\/\/www.bibula.com\/index.php?rest_route=%2Fwp%2Fv2%2Fmedia&parent=18511"}],"wp:term":[{"taxonomy":"category","embeddable":true,"href":"https:\/\/www.bibula.com\/index.php?rest_route=%2Fwp%2Fv2%2Fcategories&post=18511"},{"taxonomy":"post_tag","embeddable":true,"href":"https:\/\/www.bibula.com\/index.php?rest_route=%2Fwp%2Fv2%2Ftags&post=18511"}],"curies":[{"name":"wp","href":"https:\/\/api.w.org\/{rel}","templated":true}]}}