{"id":1841,"date":"2008-03-20T18:40:06","date_gmt":"2008-03-20T18:40:06","guid":{"rendered":""},"modified":"-0001-11-30T00:00:00","modified_gmt":"-0001-11-30T04:00:00","slug":"","status":"publish","type":"post","link":"https:\/\/www.bibula.com\/?p=1841","title":{"rendered":"Unia ods\u0142ania wilcze k\u0142y &#8211; <em>Stanis\u0142aw Michalkiewicz<\/em>"},"content":{"rendered":"<p>&#8222;<em>Traktat  Lizbo\u0144ski nie jest zwyczajnym traktatem. Ratyfikacja Traktatu  Lizbo\u0144skiego oznacza zgod\u0119 Polski na proklamowanie w Europie nowego  pa\u0144stwa pod nazw\u0105: Unia Europejska &ndash; oraz na w\u0142\u0105czenie Polski do tego  nowego pa\u0144stwa w charakterze jego cz\u0119\u015bci sk\u0142adowej. [&#8230;]<\/em>&#8221; <\/p>\r\n<p>&nbsp;<\/p>\r\n<p>Szanowni Pa\u0144stwo! <\/p>\r\n<p> Jak wiadomo, groteska jest to pomieszanie element\u00f3w tragicznych z  komicznymi. Oto na przyk\u0142ad dygnitarzowi przemawiaj\u0105cego na pogrzebie  zas\u0142u\u017conego obywatela, ni z tego, ni z owego opad\u0142y spodnie. To w\u0142a\u015bnie  jest sytuacja groteskowa. <\/p>\r\n<p>Z podobn\u0105 sytuacj\u0105 groteskow\u0105 mieli\u015bmy do czynienia przy okazji  debaty nad ratyfikacj\u0105 Traktatu Lizbo\u0144skiego. Prawo i Sprawiedliwo\u015b\u0107 w  ostatniej chwili domaga\u0142o si\u0119 wprowadzenia do ustawy ratyfikacyjnej  preambu\u0142y, \u017ceby stworzy\u0107 u wyborc\u00f3w wra\u017cenie, \u017ce oto niepodleg\u0142o\u015b\u0107  Polski jest uratowana. Tymczasem preambu\u0142a do takiej ustawy nie ma  \u017cadnego znaczenia prawnego. Ustawa ratyfikacyjna bowiem stanowi tylko o  upowa\u017cnieniu prezydenta do ratyfikowania konkretnej umowy  mi\u0119dzynarodowej &ndash; w tym przypadku &ndash; Traktatu Lizbo\u0144skiego &ndash; natomiast  tre\u015bci samego traktatu ju\u017c w niczym nie zmienia. Ratyfikacja traktatu  przez pa\u0144stwo oznacza za\u015b, \u017ce pa\u0144stwo to zobowi\u0105zuje si\u0119 przestrzega\u0107  wszystkich jego postanowie\u0144. Zatem wszystkie zabiegi Prawa i  Sprawiedliwo\u015bci wok\u00f3\u0142 preambu\u0142y stanowi\u0142y desperacka pr\u00f3b\u0119  przys\u0142oni\u0119cia swojej figi jakim\u015b listkiem figowym, a z kolei Platforma,  rywalizuj\u0105ca przecie\u017c z PiS-em o wyborc\u00f3w, nie zamierza\u0142a p\u00f3j\u015b\u0107 mu na  r\u0119k\u0119 i o \u017cadnych listkach figowych nie chcia\u0142a s\u0142ysze\u0107. <\/p>\r\n<p>By\u0142oby to wy\u0142\u0105cznie komiczne, gdyby nie okoliczno\u015b\u0107, \u017ce Traktat  Lizbo\u0144ski nie jest zwyczajnym traktatem. Ratyfikacja Traktatu  Lizbo\u0144skiego oznacza zgod\u0119 Polski na proklamowanie w Europie nowego  pa\u0144stwa pod nazw\u0105: Unia Europejska &ndash; oraz na w\u0142\u0105czenie Polski do tego  nowego pa\u0144stwa w charakterze jego cz\u0119\u015bci sk\u0142adowej. A poniewa\u017c nigdy  cz\u0119\u015b\u0107 sk\u0142adowa jakiegokolwiek pa\u0144stwa nie by\u0142a niepodleg\u0142a, tylko  przeciwnie &ndash; stawa\u0142a si\u0119 podporz\u0105dkowana w\u0142adzom tego pa\u0144stwa, w\u0142a\u015bnie  jako jego cz\u0119\u015b\u0107 sk\u0142adowa &ndash; to znaczy, \u017ce Traktat Lizbo\u0144ski oznacza  rezygnacj\u0119 z niepodleg\u0142o\u015bci Polski. A to nadaje ca\u0142ej debacie  ratyfikacyjnej r\u00f3wnie\u017c charakteru tragicznego. W sumie &ndash; groteska. <\/p>\r\n<p>Ale przy okazji tej debaty Unia Europejska bodaj\u017ce po raz pierwszy  pokaza\u0142a na moment wilcze k\u0142y. Podczas swego sejmowego przem\u00f3wienia  premier Donald Tusk powiedzia\u0142 m.in. \u017ce &bdquo;<em>nie pozwolimy nikomu ani uczyni\u0107 z Polski wojew\u00f3dztwa Unii Europejskiej, ani Polski z Unii Europejskiej wyprowadzi\u0107<\/em>&rdquo;. O ile pierwsza cz\u0119\u015b\u0107 tego zdania jest oczywistym k\u0142amstwem, o tyle druga &ndash; z\u0142owrog\u0105 prawd\u0105. <\/p>\r\n<p> Dlaczego pierwsza jest k\u0142amstwem? Ano dlatego, \u017ce ratyfikacja Traktatu  Lizbo\u0144skiego czyni z Polski cz\u0119\u015b\u0107 sk\u0142adow\u0105 Unii Europejskiej, jedn\u0105 z  jej prowincji, a wi\u0119c &ndash; rodzaj wojew\u00f3dztwa. Donald Tusk jest na tyle  spostrzegawczy, ze nie mo\u017ce nie zdawa\u0107 sobie z tego sprawy. A skoro  tak, to znaczy, \u017ce k\u0142amie, bo co to znaczy, \u017ce &bdquo;<em>nie pozwoli<\/em>&rdquo;? Komu &bdquo;<em>nie pozwoli<\/em>&rdquo;, skoro w\u0142a\u015bnie a\u017c przebiera nogami, \u017ceby &bdquo;<em>pozwoli\u0107<\/em>&rdquo;? Przecie\u017c ca\u0142e &bdquo;<em>stronnictwo pruskie<\/em>&rdquo;  w Polsce po to istnieje, po to Niemcy wspieraj\u0105 je finansowo,  wywiadowczo, propagandowo i politycznie &ndash; \u017ceby przeprowadzi\u0107 oczekiwany  Anschluss i w ten spos\u00f3b zapewni\u0107 niemieck\u0105 hegemoni\u0119 nad Europ\u0105  &#346;rodkow\u0105. W tej sytuacji deklaracji premiera Tuska, \u017ce &bdquo;<em>nie pozwoli<\/em>&rdquo;, niepodobna traktowa\u0107 powa\u017cnie. Niechby tylko spr\u00f3bowa\u0142 &ndash; to gestapo zdmuchn\u0119\u0142oby go w jednej chwili, jak gromnic\u0119. <\/p>\r\n<p> Natomiast druga cz\u0119\u015b\u0107 jego deklaracji, ze &bdquo;<em>nie pozwolimy nikomu Polski z Unii Europejskiej wyprowadzi\u0107<\/em>&rdquo;,  jest gro\u017an\u0105 zapowiedzi\u0105 przysz\u0142o\u015bci. Jest bowiem oczywiste, ze je\u015bli  tylko Polska zrzeknie si\u0119 niepodleg\u0142o\u015bci, to Niemcy ju\u017c jej z r\u0105k nie  wypuszcz\u0105 i u\u017cyj\u0105 wszelkich \u015brodk\u00f3w, by zd\u0142awi\u0107 ka\u017cd\u0105 pr\u00f3b\u0119 odzyskania  niepodleg\u0142o\u015bci. Niekoniecznie musz\u0105 robi\u0107 to sami. Z ich punktu  widzenia rozs\u0105dniej i wygodniej b\u0119dzie pos\u0142u\u017cy\u0107 si\u0119 tubylcami. Tak  zreszt\u0105 post\u0119powa\u0142y w czasie okupacji tworz\u0105c grup\u0119 tak zwanych &bdquo;<em>folksdojcz\u00f3w<\/em>&rdquo;. Dzisiaj &bdquo;<em>stronnictwo pruskie<\/em>&rdquo; najwyra\u017aniej przygotowuje si\u0119 do odegrania takiej roli, o czym \u015bwiadczy deklaracja premiera Donalda Tuska. <\/p>\r\n<p> Jest ona charakterystyczna jeszcze i z tego powodu, \u017ce artyku\u0142 49a.  Traktatu przewiduje, i\u017c ka\u017cde pa\u0144stwo cz\u0142onkowskie mo\u017ce, zgodnie ze  swoimi wymogami konstytucyjnymi, podj\u0105\u0107 decyzje o wyst\u0105pieniu z Unii.  Mo\u017cliwo\u015b\u0107 ta obwarowana jest co prawda skomplikowana procedur\u0105, ale  przecie\u017c istnieje. Premier Donald Tusk, podpisuj\u0105c 13 grudnia ub. roku  w Lizbonie wspomniany Traktat, na pewno zapozna\u0142 si\u0119 przedtem z jego  tre\u015bci\u0105, a zatem nie mo\u017ce nie wiedzie\u0107 o takiej mo\u017cliwo\u015bci. Sk\u0105d zatem  te z\u0142owrogie pogr\u00f3\u017cki, kt\u00f3re skierowa\u0142 z trybuny sejmowej, \u017ce &bdquo;<em>nie pozwolimy nikomu<\/em>&rdquo;  &ndash; i tak dalej? W czyim imieniu grozi\u0142; czy tylko Platformy  Obywatelskiej, czy r\u00f3wnie\u017c &ndash; swoich tubylczych i zagranicznych  mocodawc\u00f3w? I wreszcie &ndash; komu grozi\u0142? Czy tylko pos\u0142om Prawa i  Sprawiedliwo\u015bci, czy r\u00f3wnie\u017c tej cz\u0119\u015bci obywateli, kt\u00f3ra albo jest  przeciwna przy\u0142\u0105czaniu Polski do Unii Europejskiej dzisiaj, albo kt\u00f3ra,  w razie dokonania Anschlussu, chcia\u0142aby Polsk\u0119 wyprowadzi\u0107 z Unii w  przysz\u0142o\u015bci? <\/p>\r\n<p>Obawiam si\u0119, \u017ce premier Tusk nie grozi\u0142 tylko w imieniu Platformy  Obywatelskiej, bo ta dzisiaj jest, a jutro mo\u017ce ju\u017c jej nie by\u0107.  Przecie\u017c sam Donald Tusk najpierw by\u0142 pos\u0142em z ramienia Komitet\u00f3w  Obywatelskich, potem &ndash; z ramienia Kongresu Liberalno-Demokratycznego,  potem &ndash; senatorem z ramienia Unii Wolno\u015bci, a wreszcie &ndash; pos\u0142em i  premierem rz\u0105du z ramienia Platformy Obywatelskiej. Nie jest zatem  wykluczone, \u017ce za par\u0119 lat b\u0119dzie reprezentowa\u0142 barwy partii o nazwie,  dajmy na to, &bdquo;<em>R\u00f3bmy Sobie Na R\u0119k\u0119<\/em>&rdquo;  &ndash; je\u015bli razwiedce spodoba si\u0119 tak\u0105 parti\u0119 na tubylczej scenie  politycznej utworzy\u0107 i postawi\u0107 Donalda Tuska na jej czele w  charakterze figuranta. <\/p>\r\n<p>Je\u015bli zatem mamy jego gro\u017aby traktowa\u0107 powa\u017cnie, to tylko wtedy, gdy  wypowiada je w imieniu dukaczewszczyzny, kt\u00f3ra w\u0142a\u015bnie ponownie  zagarnia pod siebie ca\u0142e obszary pa\u0144stwa, poczynaj\u0105c od tajnych s\u0142u\u017cb &ndash;  oraz w imieniu protektor\u00f3w &bdquo;<em>stronnictwa pruskiego<\/em>&rdquo;,  kt\u00f3re reprezentuje. Nie stanowi to dla nas zaskoczenia. Przeciwnie &#8211;  tego w\u0142a\u015bnie obawiali\u015bmy si\u0119 od samego pocz\u0105tku i przed tym  ostrzegali\u015bmy na d\u0142ugo przed referendum akcesyjnym w roku 2003. Nie po  to Niemcy przez tyle dziesi\u0119cioleci inwestowa\u0142y tyle pieni\u0119dzy w zabaw\u0119  w integracj\u0119 europejsk\u0105, \u017ceby potem wypuszcza\u0107 z r\u0119ki zdobycz, kt\u00f3ra  sama wpad\u0142a w ich obj\u0119cia. <\/p>\r\n<p>Obawiam si\u0119 te\u017c, \u017ce znajd\u0105 dostatecznie wielu pomocnik\u00f3w, kt\u00f3rzy dla  przypodobania si\u0119 im, nie cofna si\u0119 nawet przed masakr\u0105 rodak\u00f3w. Oto  znany publicysta i &bdquo;<em>historyk idei<\/em>&rdquo;, profesor Marcin Kr\u00f3l w swojej ksi\u0105\u017cce &bdquo;<em>Patriotyzm przysz\u0142o\u015bci<\/em>&rdquo; przewiduje konieczno\u015b\u0107 u\u017cycia &bdquo;<em>pewnych form przemocy<\/em>&rdquo; wobec &bdquo;<em>grupy<\/em>&rdquo; niepodatnej na &bdquo;<em>perswazj\u0119<\/em>&rdquo;, chocia\u017c pragn\u0105\u0142by, aby ta decyzja by\u0142a &bdquo;<em>w miar\u0119 mo\u017cno\u015bci prawnie podbudowana<\/em>&rdquo;. <\/p>\r\n<p> Ach, to z pewno\u015bci\u0105 da si\u0119 bez trudu za\u0142atwi\u0107, panie profesorze, &bdquo;<em>historyku idei<\/em>&rdquo;! Genera\u0142 Jaruzelski tak sprawnie &bdquo;<em>podbudowa\u0142 prawnie<\/em>&rdquo;  wprowadzenie stanu wojennego i przej\u0119cie w\u0142adzy przez soldatesk\u0119, \u017ce do  dzisiejszego dnia nic mu z tego powodu nie zrobiono. Podobnie  arcykap\u0142ani &#8211; nie tylko postarali si\u0119 u Pi\u0142ata o &bdquo;<em>prawn\u0105 podbudow\u0119<\/em>&rdquo; egzekucji Pana Jezusa, ale r\u00f3wnie\u017c &ndash; o &bdquo;<em>podbudow\u0119 propagandow\u0105<\/em>&rdquo;, kiedy to dali \u017co\u0142nierzom &bdquo;<em>sporo pieni\u0119dzy<\/em>&rdquo;, aby ci rozpowszechniali fa\u0142szywe wiadomo\u015bci, jakoby uczniowie w nocy cia\u0142o Jezusa z grobu wykradli. <\/p>\r\n<p> A jednak, mimo tych wszystkich przezorno\u015bci, Pan Jezus zmartwychwsta\u0142,  a prawda o tym fakcie przebi\u0142a si\u0119 przez ca\u0142\u0105 z\u0142o\u015b\u0107 i z\u0142oto, kt\u00f3rych  folksdojczom pewnie i teraz nie zabraknie. <\/p>\r\n<br \/>\r\n<img decoding=\"async\" src=\"http:\/\/www.michalkiewicz.pl\/img\/kwad.gif\" height=\"12\" width=\"6\" \/><em>&nbsp;Stanis\u0142aw Michalkiewicz<\/em> <br \/>\r\n<em>Felieton &nbsp;&middot;&nbsp; Radio Maryja &nbsp;&middot;&nbsp; 2008-03-20 &nbsp;|&nbsp; www.michalkiewicz.pl<\/em><br \/>\r\n\r\n","protected":false},"excerpt":{"rendered":"&#8222;Traktat Lizbo\u0144ski nie jest zwyczajnym traktatem. Ratyfikacja Traktatu Lizbo\u0144skiego oznacza zgod\u0119 Polski na proklamowanie w Europie nowego pa\u0144stwa pod nazw\u0105: Unia Europejska &ndash; oraz na w\u0142\u0105czenie Polski do tego nowego pa\u0144stwa w charakterze jego cz\u0119\u015bci sk\u0142adowej. [&#8230;]&#8221; &nbsp; Szanowni Pa\u0144stwo! Jak wiadomo, groteska jest to pomieszanie element\u00f3w tragicznych z komicznymi. Oto na przyk\u0142ad dygnitarzowi przemawiaj\u0105cego [&hellip;]","protected":false},"author":1,"featured_media":0,"comment_status":"closed","ping_status":"open","sticky":false,"template":"","format":"standard","meta":{"_acf_changed":false,"_monsterinsights_skip_tracking":false,"ngg_post_thumbnail":0,"footnotes":"","_wp_rev_ctl_limit":""},"categories":[9],"tags":[34],"acf":[],"_links":{"self":[{"href":"https:\/\/www.bibula.com\/index.php?rest_route=\/wp\/v2\/posts\/1841"}],"collection":[{"href":"https:\/\/www.bibula.com\/index.php?rest_route=\/wp\/v2\/posts"}],"about":[{"href":"https:\/\/www.bibula.com\/index.php?rest_route=\/wp\/v2\/types\/post"}],"author":[{"embeddable":true,"href":"https:\/\/www.bibula.com\/index.php?rest_route=\/wp\/v2\/users\/1"}],"replies":[{"embeddable":true,"href":"https:\/\/www.bibula.com\/index.php?rest_route=%2Fwp%2Fv2%2Fcomments&post=1841"}],"version-history":[{"count":0,"href":"https:\/\/www.bibula.com\/index.php?rest_route=\/wp\/v2\/posts\/1841\/revisions"}],"wp:attachment":[{"href":"https:\/\/www.bibula.com\/index.php?rest_route=%2Fwp%2Fv2%2Fmedia&parent=1841"}],"wp:term":[{"taxonomy":"category","embeddable":true,"href":"https:\/\/www.bibula.com\/index.php?rest_route=%2Fwp%2Fv2%2Fcategories&post=1841"},{"taxonomy":"post_tag","embeddable":true,"href":"https:\/\/www.bibula.com\/index.php?rest_route=%2Fwp%2Fv2%2Ftags&post=1841"}],"curies":[{"name":"wp","href":"https:\/\/api.w.org\/{rel}","templated":true}]}}