{"id":184,"date":"2006-03-24T00:00:00","date_gmt":"2006-03-24T00:00:00","guid":{"rendered":""},"modified":"2016-03-24T10:56:01","modified_gmt":"2016-03-24T14:56:01","slug":"wloski-minister-holandio-wytlumacz-sie-europie-ze-swoich-ludobojczych-praktyk","status":"publish","type":"post","link":"https:\/\/www.bibula.com\/?p=184","title":{"rendered":"W\u0142oski minister: Holandio, wyt\u0142umacz si\u0119 Europie ze swoich ludob\u00f3jczych praktyk"},"content":{"rendered":"<p><strong>W\u0142oski minister Carlo Giovanardi, cz\u0142onek partii Chrze\u015bcija\u0144skich Demokrat\u00f3w, kt\u00f3ry zosta\u0142 skrytykowany przez holenderskiego Premiera Jan Peter Balkenende za por\u00f3wnanie holenderskiego prawa zezwalaj\u0105cego na eutanazj\u0119, w tym u\u015bmiercanie &#8222;wybrakowanych&#8221; dzieci, do eugenicznego programu funkcjonuj\u0105cego w nazistowskich Niemczech, ostro odpar\u0142 zarzuty.<\/strong><\/p><p>W odpowiedzi na krytyk\u0119 Premiera Holandii, minister Giovanardi powiedzia\u0142, \u017ce &#8222;Nie mam za co przeprasza\u0107, poniewa\u017c jestem przeciwko morderstwu chorych ludzi. To w\u0142a\u015bnie Holandia powinna si\u0119 wyt\u0142umaczy\u0107 Europie ze swoich ludob\u00f3jczych praktyk. W Holandii dozwolone jest u\u015bmiercanie ci\u0119\u017cko chorych dzieci, pocz\u0105wszy od 12 roku \u017cycia.&#8221; Holandia &#8211; doda\u0142 w\u0142oski minister &#8211; &#8222;wyrzek\u0142a sie dw\u00f3ch tysi\u0119cy lat Chrze\u015bcija\u0144stwa&#8221; i wybra\u0142a drog\u0119 &#8222;eliminacji g\u0142uchoniemych, niewidomych i starc\u00f3w.&#8221;<\/p>","protected":false},"excerpt":{"rendered":"W\u0142oski minister Carlo Giovanardi, cz\u0142onek partii Chrze\u015bcija\u0144skich Demokrat\u00f3w, kt\u00f3ry zosta\u0142 skrytykowany przez holenderskiego Premiera Jan Peter Balkenende za por\u00f3wnanie holenderskiego prawa zezwalaj\u0105cego na eutanazj\u0119, w tym u\u015bmiercanie &#8222;wybrakowanych&#8221; dzieci, do eugenicznego programu funkcjonuj\u0105cego w nazistowskich Niemczech, ostro odpar\u0142 zarzuty.W odpowiedzi na krytyk\u0119 Premiera Holandii, minister Giovanardi powiedzia\u0142, \u017ce &#8222;Nie mam za co przeprasza\u0107, poniewa\u017c jestem [&hellip;]","protected":false},"author":1,"featured_media":0,"comment_status":"closed","ping_status":"open","sticky":false,"template":"","format":"standard","meta":{"_acf_changed":false,"_monsterinsights_skip_tracking":false,"_monsterinsights_sitenote_active":false,"_monsterinsights_sitenote_note":"","_monsterinsights_sitenote_category":0,"ngg_post_thumbnail":0,"footnotes":"","_wp_rev_ctl_limit":""},"categories":[6],"tags":[49,207,102,280],"acf":[],"_links":{"self":[{"href":"https:\/\/www.bibula.com\/index.php?rest_route=\/wp\/v2\/posts\/184"}],"collection":[{"href":"https:\/\/www.bibula.com\/index.php?rest_route=\/wp\/v2\/posts"}],"about":[{"href":"https:\/\/www.bibula.com\/index.php?rest_route=\/wp\/v2\/types\/post"}],"author":[{"embeddable":true,"href":"https:\/\/www.bibula.com\/index.php?rest_route=\/wp\/v2\/users\/1"}],"replies":[{"embeddable":true,"href":"https:\/\/www.bibula.com\/index.php?rest_route=%2Fwp%2Fv2%2Fcomments&post=184"}],"version-history":[{"count":0,"href":"https:\/\/www.bibula.com\/index.php?rest_route=\/wp\/v2\/posts\/184\/revisions"}],"wp:attachment":[{"href":"https:\/\/www.bibula.com\/index.php?rest_route=%2Fwp%2Fv2%2Fmedia&parent=184"}],"wp:term":[{"taxonomy":"category","embeddable":true,"href":"https:\/\/www.bibula.com\/index.php?rest_route=%2Fwp%2Fv2%2Fcategories&post=184"},{"taxonomy":"post_tag","embeddable":true,"href":"https:\/\/www.bibula.com\/index.php?rest_route=%2Fwp%2Fv2%2Ftags&post=184"}],"curies":[{"name":"wp","href":"https:\/\/api.w.org\/{rel}","templated":true}]}}