{"id":18228,"date":"2010-02-10T17:05:35","date_gmt":"2010-02-10T22:05:35","guid":{"rendered":"http:\/\/www.bibula.com\/?p=18228"},"modified":"2010-02-10T17:22:10","modified_gmt":"2010-02-10T22:22:10","slug":"90-rocznice-zaslubin-polski-z-morzem","status":"publish","type":"post","link":"https:\/\/www.bibula.com\/?p=18228","title":{"rendered":"90. rocznica za\u015blubin Polski z morzem"},"content":{"rendered":"<p><strong>Dzi\u015b mija 90. rocznica symbolicznych za\u015blubin Polski z morzem. 10 lutego 1920 r. w Pucku gen. J\u00f3zef Haller wraz z wicepremierem Wincentym Witosem, ministrem spraw wewn\u0119trznych Stanis\u0142awem Wojciechowskim i w\u0142adzami wojew\u00f3dztwa pomorskiego z Maciejem Ratajem, wojewod\u0105 pomorskim dokonali aktu potwierdzaj\u0105cego polsk\u0105 obecno\u015b\u0107 nad Ba\u0142tykiem.<\/strong><\/p>\r\n\r\n<div>\r\n<p>Symbolicznym wyrazem za\u015blubin by\u0142o wrzucenie przez gen. Hallera do Ba\u0142tyku platynowego pier\u015bcienia, podarowanego mu wcze\u015bniej i ufundowanego przez Polak\u00f3w mieszkaj\u0105cych w Gda\u0144sku. 11 lutego ceremonia za\u015blubin zosta\u0142a powt\u00f3rzona we W\u0142adys\u0142awowie, a w morzu znalaz\u0142 si\u0119 drugi pier\u015bcie\u0144 od gda\u0144skich Polak\u00f3w.<\/p>\r\n\r\n<p>&#8222;Oto dzi\u015b dzie\u0144 krawi i chwa\u0142y! &#8211; m\u00f3wi\u0142 do zgromadzonych gen. J\u00f3zef Haller &#8211; jest on dniem wolno\u015bci, bo rozpostar\u0142 skrzyd\u0142a Orze\u0142 Bia\u0142y nie tylko nad ziemiami polskimi, ale i nad morzem polskim. Nar\u00f3d czuje, \u017ce ju\u017c go nie dusi hydra, kt\u00f3ra dotychczas okr\u0119ca\u0142a mu szyj\u0119 i piersi&#8221;.<\/p>\r\n\r\n<p>Pami\u0105tk\u0105 za\u015blubin by\u0142 wbity do morza s\u0142up z wyrytym napisem: &#8222;Roku Pa\u0144skiego 1920, 10 lutego Wojsko Polskie z gen. J\u00f3zefem Hallerem na czele obj\u0119\u0142o na wieczyste posiadanie polskie morze&#8221;.<\/p>\r\n\r\n<p>Na mocy traktatu wersalskiego Polska uzyska\u0142a dost\u0119p do morza. Polskie wybrze\u017ce liczy\u0142o ok. 140 km i by\u0142y to tereny zaniedbane. Gda\u0144sk zosta\u0142 uznany wolnym miastem pod kontrol\u0105 Ligi Narod\u00f3w. Kilka lat p\u00f3\u017aniej na polskim wybrze\u017cu wyros\u0142a Gdynia.\r\n<\/div>","protected":false},"excerpt":{"rendered":"Dzi\u015b mija 90. rocznica symbolicznych za\u015blubin Polski z morzem. 10 lutego 1920 r. w Pucku gen. J\u00f3zef Haller wraz z wicepremierem Wincentym Witosem, ministrem spraw wewn\u0119trznych Stanis\u0142awem Wojciechowskim i w\u0142adzami wojew\u00f3dztwa pomorskiego z Maciejem Ratajem, wojewod\u0105 pomorskim dokonali aktu potwierdzaj\u0105cego polsk\u0105 obecno\u015b\u0107 nad Ba\u0142tykiem. Symbolicznym wyrazem za\u015blubin by\u0142o wrzucenie przez gen. Hallera do Ba\u0142tyku platynowego [&hellip;]","protected":false},"author":1,"featured_media":0,"comment_status":"closed","ping_status":"closed","sticky":false,"template":"","format":"standard","meta":{"_acf_changed":false,"_monsterinsights_skip_tracking":false,"ngg_post_thumbnail":0,"footnotes":"","_wp_rev_ctl_limit":""},"categories":[8],"tags":[30],"acf":[],"_links":{"self":[{"href":"https:\/\/www.bibula.com\/index.php?rest_route=\/wp\/v2\/posts\/18228"}],"collection":[{"href":"https:\/\/www.bibula.com\/index.php?rest_route=\/wp\/v2\/posts"}],"about":[{"href":"https:\/\/www.bibula.com\/index.php?rest_route=\/wp\/v2\/types\/post"}],"author":[{"embeddable":true,"href":"https:\/\/www.bibula.com\/index.php?rest_route=\/wp\/v2\/users\/1"}],"replies":[{"embeddable":true,"href":"https:\/\/www.bibula.com\/index.php?rest_route=%2Fwp%2Fv2%2Fcomments&post=18228"}],"version-history":[{"count":0,"href":"https:\/\/www.bibula.com\/index.php?rest_route=\/wp\/v2\/posts\/18228\/revisions"}],"wp:attachment":[{"href":"https:\/\/www.bibula.com\/index.php?rest_route=%2Fwp%2Fv2%2Fmedia&parent=18228"}],"wp:term":[{"taxonomy":"category","embeddable":true,"href":"https:\/\/www.bibula.com\/index.php?rest_route=%2Fwp%2Fv2%2Fcategories&post=18228"},{"taxonomy":"post_tag","embeddable":true,"href":"https:\/\/www.bibula.com\/index.php?rest_route=%2Fwp%2Fv2%2Ftags&post=18228"}],"curies":[{"name":"wp","href":"https:\/\/api.w.org\/{rel}","templated":true}]}}