{"id":18182,"date":"2010-02-10T10:17:18","date_gmt":"2010-02-10T15:17:18","guid":{"rendered":"http:\/\/www.bibula.com\/?p=18182"},"modified":"2010-02-10T10:17:18","modified_gmt":"2010-02-10T15:17:18","slug":"od-rzemyczka-do-stanislaw-michalkiewicz","status":"publish","type":"post","link":"https:\/\/www.bibula.com\/?p=18182","title":{"rendered":"Od rzemyczka do&#8230; &#8211; <em>Stanis\u0142aw Michalkiewicz<\/em>"},"content":{"rendered":"<p>Giuseppe Tomasi di Lampedusa w znakomitej powie\u015bci \u201e<em>Lampart<\/em>\u201d wk\u0142ada w usta ksi\u0119cia Saliny sentencj\u0119 aktualn\u0105 r\u00f3wnie\u017c dzisiaj w Polsce &#8211; \u017ce mianowicie \u201e<em>trzeba wiele zmieni\u0107, by wszystko pozosta\u0142o po staremu<\/em>\u201d. Pod koniec 2008 roku Sejm g\u0142osami 366 pos\u0142\u00f3w przeciwko 50, przy 22 wstrzymuj\u0105cych si\u0119, uchwali\u0142 ustaw\u0119 o zmniejszeniu tak zwanych \u201e<em>ubeckich<\/em>\u201d emerytur. Wesz\u0142a ona w \u017cycie 1 stycznia tego roku, obejmuj\u0105c oko\u0142o 24 tysi\u0119cy funkcjonariuszy bezpieki spo\u015br\u00f3d 38 tysi\u0119cy zweryfikowanych. Przeci\u0119tne zmniejszenie emerytury wynios\u0142o 561 z\u0142otych, chocia\u017c zdarzaj\u0105 si\u0119 te\u017c ci\u0119cia wynosz\u0105ce i 4 tysi\u0105ce. Czy ustawa utrzyma si\u0119 w obecnym kszta\u0142cie &#8211; tego jeszcze nie wiadomo, bo Trybuna\u0142 Konstytucyjny na razie nie odwa\u017cy\u0142 si\u0119 wyda\u0107 w tej sprawie orzeczenia, najwyra\u017aniej czekaj\u0105c na dalsze rozkazy. Oczekuj\u0105c tedy na wyrok niezawis\u0142ego Trybuna\u0142u mo\u017cemy odda\u0107 si\u0119 rozmy\u015blaniom, czy na przyk\u0142ad obci\u0119cie emerytury obj\u0119\u0142o r\u00f3wnie\u017c np. genera\u0142a Gromos\u0142awa Czempi\u0144skiego, w swoim czasie wysokiego oficera bezpieki, co to do s\u0142awnego \u201e<em>wywiadu gospodarczego<\/em>\u201d zwerbowa\u0142 nawet samego Andrzeja Olechowskiego, kt\u00f3ry oczywi\u015bcie w tamtym czasie nie wygl\u0105da\u0142 tak nobliwie i \u201e<em>ponadpartyjnie<\/em>\u201d, jak teraz &#8211; tego samego genera\u0142a Czempi\u0144skiego, kt\u00f3remu podobnie\u017c jaki\u015b Turek ukrad\u0142 ze szwajcarskiego konta bankowego 2 miliony dolar\u00f3w, a genera\u0142 nawet tego nie zauwa\u017cy\u0142. Chyba nie, bo przecie\u017c genera\u0142 Czempi\u0144ski, je\u015bli w og\u00f3le przeszed\u0142 na emerytur\u0119, to ze stanowiska szefa Urz\u0119du Ochrony Pa\u0144stwa ju\u017c w \u201e<em>Polsce Niepodleg\u0142ej<\/em>\u201d, a poza tym zosta\u0142 wyr\u00f3\u017cniony \u201e<em>pour le merite<\/em>\u201d r\u00f3wnie\u017c przez Amerykan\u00f3w, kiedy nasza razwiedka przygotowywa\u0142a si\u0119 do odwr\u00f3cenia sojuszy. A gdyby nawet, to skoro nie zauwa\u017ca znikni\u0119cia nawet 2 milion\u00f3w dolar\u00f3w, to zauwa\u017cy obci\u0119cie emerytury o 561 z\u0142otych? Przy okazji 20 rocznicy rozwi\u0105zanie PZPR pan Marek Biernacki przypomina, \u017ce partyjniacy, a i bezpieczniacy zak\u0142adali mn\u00f3stwo firm, kt\u00f3re potem sprawnie i masowo upada\u0142y, wyprowadza\u0107 pieni\u0105dze w tak zwan\u0105 sin\u0105 dal, wi\u0119c nie s\u0105dz\u0119, by PiS z Platform\u0105 Obywatelsk\u0105 rzeczywi\u015bcie zrobili im jak\u0105\u015b krzywd\u0119. By\u0142o to raczej przedstawienie dla ludu, \u017ceby mia\u0142 satysfakcj\u0119 patrz\u0105c, jak to POPiS wymierza sprawiedliwo\u015b\u0107 spo\u0142eczn\u0105 i dziejow\u0105.<\/p>\r\n\r\n<p>Sprawiedliwo\u015b\u0107 spo\u0142eczna, jak wiadomo, polega na tym, i\u017c pa\u0144stwo wychodzi naprzeciw bardzo rozpowszechnionemu w wielu \u015brodowiskach pragnieniu, by ka\u017cdemu by\u0142o tak \u017ale, jak mnie. I tym w\u0142a\u015bnie t\u0142umacz\u0119 fakt, \u017ce Platforma Obywatelska spe\u0142ni\u0142a r\u00f3wnie\u017c i ten postulat programowy Prawa i Sprawiedliwo\u015bci, chocia\u017c oczywi\u015bcie nie do ko\u0144ca, na co zwr\u00f3ci\u0142 uwag\u0119 pan pose\u0142 Gosiewski m\u00f3wi\u0105c, \u017ce on najch\u0119tniej tym znienawidzonym ubeckim genera\u0142om nic by nie da\u0142, ale skoro dostan\u0105 nie 9, tylko 6 tysi\u0119cy z\u0142otych emerytury, to jest to krok we w\u0142a\u015bciwym kierunku. Niezale\u017cnie wi\u0119c od tego, jaki w ko\u0144cu rozkaz wykona niezawis\u0142y Trybuna\u0142 Konstytucyjny, warto zastanowi\u0107 si\u0119 nad owym \u201e<em>w\u0142a\u015bciwym kierunkiem<\/em>\u201d zw\u0142aszcza, \u017ce pojawi\u0142y si\u0119 nast\u0119pne drogowskazy, kt\u00f3re r\u00f3wnie\u017c go wytyczaj\u0105.<\/p>\r\n\r\n<p>Ju\u017c kilka lat temu \u00f3wczesny prezes Rady Nadzorczej ZUS, dr Robert Gwiazdowski publicznie o\u015bwiadczy\u0142, \u017ce system emerytalny w Polsce zmierza w stron\u0119 bankructwa. Wylecia\u0142 za to z posady, ale nie trzeba nikogo przekonywa\u0107, \u017ce to sytuacji w systemie emerytalnym przecie\u017c nie poprawi\u0142o. St\u0105d te\u017c niczym kr\u00f3liki, zacz\u0119\u0142y mno\u017cy\u0107 si\u0119 rozmaite inicjatywy, a to, \u017ceby obci\u0105\u0107 emerytury ubekom, a to &#8211; \u017ceby wyd\u0142u\u017cy\u0107 wiek emerytalny kobiet, bo okaza\u0142o si\u0119, \u017ce \u017cyj\u0105 one d\u0142u\u017cej od m\u0119\u017cczyzn, co rzeczywi\u015bcie jest skandalem ur\u0105gaj\u0105cym zasadom sprawiedliwo\u015bci spo\u0142ecznej, a to &#8211; \u017ceby i m\u0119\u017cczyznom wyd\u0142u\u017cy\u0107 wiek emerytalny &#8211; i tak dalej i tak dalej. Przewidzia\u0142 to ju\u017c dawno Alexis de Tocqueville, zauwa\u017caj\u0105c, \u017ce nie ma takiego okrucie\u0144stwa, ani takiej niesprawiedliwo\u015bci, jakiej nie dopu\u015bci\u0142by si\u0119 sk\u0105din\u0105d \u0142agodny rz\u0105d, kiedy zabraknie mu pieni\u0119dzy. Wprawdzie poczyni\u0142 on swoje spostrze\u017cenie jeszcze w wieku XIX, ale zachowa\u0142o ono aktualno\u015b\u0107 r\u00f3wnie\u017c dzisiaj, co potwierdza m.in. prof. Lucjan Israel, francuski specjalista chor\u00f3b p\u0142ucnych, informuj\u0105c w wywiadzie udzielonym \u201e<em>Le Figaro Magazine<\/em>\u201d, \u017ce propaganda eutanazji nasila si\u0119 w krajach, w kt\u00f3rych systemy emerytalne zmierzaj\u0105 do bankructwa &#8211; m.in. dlatego, \u017ce wydatki na cz\u0142owieka w 6 ostatnich miesi\u0105cach jego \u017cycia s\u0105 r\u00f3wne wydatkom, jakie ubezpieczalnia ponosi na tego cz\u0142owieka przez ca\u0142y wcze\u015bniejszy okres jego \u017cycia, zatem rachunek ekonomiczny domaga si\u0119 skr\u00f3cenia tego okresu do minimum, a najlepiej ca\u0142kowitego wyeliminowania go. Oczywi\u015bcie g\u0142o\u015bno nie wypada tego powiedzie\u0107, ale od czeg\u00f3\u017c stada post\u0119pak\u00f3w, kt\u00f3re za par\u0119 groszy dyskretnie wsuni\u0119tych w ramach pomocy dla \u201e<em>organizacji pozarz\u0105dowych<\/em>\u201d, przeprowadz\u0105 kampani\u0119 propagandow\u0105 we w\u0142a\u015bciwym kierunku? U nas jest to troch\u0119 trudniejsze, bo wp\u0142ywowy Ko\u015bci\u00f3\u0142 katolicki jeszcze nie zosta\u0142 odpowiednio wytresowany do nieub\u0142aganego post\u0119pu, dlatego w Polsce praktykuje si\u0119 eutanazj\u0119 a la polonaise, kt\u00f3ra polega na tym, \u017ce NFZ tak kraje, jak mu staje i po krzyku. Kto ma \u017cy\u0107, ten prze\u017cyje, no a komu pisana \u015bmier\u0107, to i tak nic na to poradzi\u0107 przecie\u017c nie mo\u017cna.<\/p>\r\n\r\n<p>Ale to oczywi\u015bcie tylko p\u00f3\u0142\u015brodki, podobnie jak ci\u0119cia w ubeckich emeryturach, kt\u00f3re by\u0142y tylko programem pilota\u017cowym przed operacj\u0105 w\u0142a\u015bciw\u0105. Dlatego ju\u017c nast\u0119pnego dnia, kiedy to premier Tusk za namow\u0105 Naszej Z\u0142otej Pani Anieli zrezygnowa\u0142 z kandydowania w tubylczych wyborach prezydenckich, og\u0142osi\u0142 on zbawienny program sanacji finans\u00f3w publicznych. W\u015br\u00f3d rozmaitych pomys\u0142\u00f3w by\u0142a r\u00f3wnie\u017c zapowied\u017a likwidacji przywilej\u00f3w emerytalnych s\u0142u\u017cb mundurowych. O ile tamte inne zapowiedzi pewnie nie zostan\u0105 zrealizowane, bo premier Tusk nie zada\u0142 sobie nawet fatygi skonsultowania ich z koalicyjnym PSL-em, o tyle likwidacja przywilej\u00f3w, a konkretnie &#8211; mo\u017cliwo\u015bci wcze\u015bniejszego przej\u015bcia na emerytur\u0119, jest bardzo prawdopodobna, m.in. zgodnie z prawem Murphy\u2019ego, \u017ce je\u015bli co\u015b z\u0142ego mo\u017ce si\u0119 sta\u0107, to na pewno si\u0119 stanie.<\/p>\r\n\r\n<p>Czy jednak w tych warunkach, przy jednoczesnym braku pieni\u0119dzy na armi\u0119, mo\u017cna b\u0119dzie zapewni\u0107 odpowiedni nap\u0142yw ochotnik\u00f3w zar\u00f3wno do wojska, jak i policji? Przy niskich zarobkach, ni\u017cszych od biurokracji cywilnej, mo\u017cliwo\u015b\u0107 wcze\u015bniejszej emerytury stanowi\u0142a jak\u0105\u015b zach\u0119t\u0119 dla kandydat\u00f3w do wojska, czy policji. Je\u015bli ta zach\u0119ta zostanie zlikwidowana, a w jej miejsce nie pojawi\u0105 si\u0119 \u017cadne inne, to operacja ujednolicania emerytur mo\u017ce by\u0107 tylko pseudonimem kolejnego etapu rozbrajania i demonta\u017cu pa\u0144stwa. Czy\u017cby dlatego w\u0142a\u015bnie Nasza Z\u0142ota Pani Aniela tak namawia\u0142a premiera Tuska, \u017ceby pozosta\u0142 na swoim stanowisku nawet za cen\u0119 rezygnacji z prezydenckich ambicji? Tego wykluczy\u0107 nie mo\u017cna, podobnie jak i tego, \u017ce premier Tusk prawid\u0142owo zrozumia\u0142 te zach\u0119ty, skoro tak ostentacyjnie pokazuje, \u017ce ju\u017c nie zale\u017cy mu ani na poparciu ze strony tubylczych si\u0142 zbrojnych, ani nawet &#8211; ze strony tubylczej policji. Czy\u017cby s\u0105dzi\u0142, \u017ce ma lepsze gwarancje?\r\n\r\n<p><strong><em>Stanis\u0142aw Michalkiewicz<\/em><\/strong><\/p>\r\n\r\n<p>Felieton \u00a0<strong>\u2022<\/strong> Gazeta internetowa \u201eSuper-Nowa\u201d (www.super-nowa.pl) \u00a0<strong>\u2022<\/strong> 10 lutego 2010<\/p>","protected":false},"excerpt":{"rendered":"Giuseppe Tomasi di Lampedusa w znakomitej powie\u015bci \u201eLampart\u201d wk\u0142ada w usta ksi\u0119cia Saliny sentencj\u0119 aktualn\u0105 r\u00f3wnie\u017c dzisiaj w Polsce &#8211; \u017ce mianowicie \u201etrzeba wiele zmieni\u0107, by wszystko pozosta\u0142o po staremu\u201d. Pod koniec 2008 roku Sejm g\u0142osami 366 pos\u0142\u00f3w przeciwko 50, przy 22 wstrzymuj\u0105cych si\u0119, uchwali\u0142 ustaw\u0119 o zmniejszeniu tak zwanych \u201eubeckich\u201d emerytur. Wesz\u0142a ona w [&hellip;]","protected":false},"author":1,"featured_media":0,"comment_status":"closed","ping_status":"closed","sticky":false,"template":"","format":"standard","meta":{"_acf_changed":false,"_monsterinsights_skip_tracking":false,"ngg_post_thumbnail":0,"footnotes":"","_wp_rev_ctl_limit":""},"categories":[9],"tags":[49,34,36],"acf":[],"_links":{"self":[{"href":"https:\/\/www.bibula.com\/index.php?rest_route=\/wp\/v2\/posts\/18182"}],"collection":[{"href":"https:\/\/www.bibula.com\/index.php?rest_route=\/wp\/v2\/posts"}],"about":[{"href":"https:\/\/www.bibula.com\/index.php?rest_route=\/wp\/v2\/types\/post"}],"author":[{"embeddable":true,"href":"https:\/\/www.bibula.com\/index.php?rest_route=\/wp\/v2\/users\/1"}],"replies":[{"embeddable":true,"href":"https:\/\/www.bibula.com\/index.php?rest_route=%2Fwp%2Fv2%2Fcomments&post=18182"}],"version-history":[{"count":0,"href":"https:\/\/www.bibula.com\/index.php?rest_route=\/wp\/v2\/posts\/18182\/revisions"}],"wp:attachment":[{"href":"https:\/\/www.bibula.com\/index.php?rest_route=%2Fwp%2Fv2%2Fmedia&parent=18182"}],"wp:term":[{"taxonomy":"category","embeddable":true,"href":"https:\/\/www.bibula.com\/index.php?rest_route=%2Fwp%2Fv2%2Fcategories&post=18182"},{"taxonomy":"post_tag","embeddable":true,"href":"https:\/\/www.bibula.com\/index.php?rest_route=%2Fwp%2Fv2%2Ftags&post=18182"}],"curies":[{"name":"wp","href":"https:\/\/api.w.org\/{rel}","templated":true}]}}