{"id":17975,"date":"2010-02-06T10:25:01","date_gmt":"2010-02-06T15:25:01","guid":{"rendered":"http:\/\/www.bibula.com\/?p=17975"},"modified":"2010-02-06T10:25:01","modified_gmt":"2010-02-06T15:25:01","slug":"caly-pogrzeb-na-nic-stanislaw-michalkiewicz","status":"publish","type":"post","link":"https:\/\/www.bibula.com\/?p=17975","title":{"rendered":"Ca\u0142y pogrzeb na nic? &#8211; <em>Stanis\u0142aw Michalkiewicz<\/em>"},"content":{"rendered":"<p>W proroczej ksi\u0105\u017cce Jerzego Orwella \u201e<em>Rok 1984<\/em>\u201d jedn\u0105 z czo\u0142owych instytucji \u00f3wczesnego pa\u0144stwa, obok oczywi\u015bcie Ministerstwa Mi\u0142o\u015bci, oferuj\u0105cego najwymy\u015blniejsze rodzaje tortur i udr\u0119cze\u0144, jest te\u017c Ministerstwo Prawdy. Ministerstwo Prawdy zajmuje si\u0119 korygowaniem historii wstecz, to znaczy &#8211; takim przedstawianiem minionych wydarze\u0144, jakie akurat z jakich\u015b wzgl\u0119d\u00f3w pasuje Wielkiemu Bratu. W tym celu Ministerstwo Prawdy sporz\u0105dza nowe egzemplarze starych numer\u00f3w gazet, retuszuje stare zdj\u0119cia i filmy, usuwaj\u0105c z nich osoby niewygodne, a umieszczaj\u0105c te, co potrzeba &#8211; i tak dalej. Pracuje nad tym zesp\u00f3\u0142 pierwszorz\u0119dnych fachowc\u00f3w, oczywi\u015bcie pod nadzorem jeszcze wybitniejszych fachowc\u00f3w z Ministerstwa Mi\u0142o\u015bci, no i oczywi\u015bcie &#8211; samego Wielkiego Brata. Orwell inspirowa\u0142 si\u0119 poczynaniami sowieckich instytucji propagandowych, ale to by\u0142y dopiero parva principia, czyli skromne pocz\u0105tki. Mimo bowiem triumfalnego zadeklarowania upadku totalitaryzmu coraz wi\u0119cej poszlak wskazuje na to, \u017ce panowanie Wielkiego Brata ze swoim Ministerstwem Mi\u0142o\u015bci i Ministerstwem Prawdy jest dopiero przed nami. Nie musi w tym by\u0107 zreszt\u0105 nic demonicznego; w jednym z opowiada\u0144 Lema planet\u0119 terroryzuje drobny urz\u0119dniczyna w zar\u0119kawkach, tytu\u0142owany Kalkulatorem.<\/p>\r\n\r\n<p>Pomijam ju\u017c coraz bardziej oczywist\u0105 fasadowo\u015b\u0107 demokracji politycznej, kt\u00f3ra jeszcze w latach 60-tych ubieg\u0142ego wieku zwi\u0119d\u0142a w konfrontacji z lodowatym podmuchem globalnej strategii nuklearnej z jej nieub\u0142aganymi konsekwencjami dla polityki wewn\u0119trznej, przede wszystkim w postaci gwa\u0142townego wzrostu politycznej roli tajnych s\u0142u\u017cb. Przesta\u0142y one by\u0107 \u201e<em>s\u0142u\u017cbami<\/em>\u201d, a sta\u0142y si\u0119 g\u0142\u00f3wnymi organizatorami \u017cycia pa\u0144stwowego, rodzajem kolektywnego \u201e<em>Wielkiego Brata<\/em>\u201d. Ale utrzymanie demokratycznej fasady podtrzymuje niewolnik\u00f3w pa\u0144stwa w dobrym samopoczuciu, zw\u0142aszcza co do tak zwanej \u201e<em>godno\u015bci<\/em>\u201d, co u\u0142atwia wymuszenie uleg\u0142o\u015bci bez uciekania si\u0119 do terroru. W rezultacie do dzier\u017cenia zewn\u0119trznych znamion w\u0142adzy, w charakterze Umi\u0142owanych Przyw\u00f3dc\u00f3w wysuwani s\u0105 tuzinkowi figuranci, a to wymaga otoczenia ich tak zwan\u0105 \u201e<em>legend\u0105<\/em>\u201d Do tego w\u0142a\u015bnie s\u0142u\u017c\u0105 dzisiaj Ministerstwa Prawdy, ju\u017c bez \u017cadnego skr\u0119powania uprawiaj\u0105ce \u201e<em>polityk\u0119 historyczn\u0105<\/em>\u201d.<\/p>\r\n\r\n<p>Legendy mog\u0105 by\u0107 oczywi\u015bcie i pozytywne i negatywne. Na przyk\u0142ad Ministerstwo Prawdy organizacji przemys\u0142u holokaustu od pewnego czasu forsuje czarn\u0105 legend\u0119 Jego \u015awi\u0105tobliwo\u015bci Piusa XII, \u017ce to niby nie zrobi\u0142 \u201e<em>wszystkiego<\/em>\u201d gwoli zahamowania masakry \u017byd\u00f3w w Europie. Co konkretnie mia\u0142by zrobi\u0107 &#8211; tego Ministerstwo Prawdy nie wyja\u015bnia, ale to przecie\u017c niewa\u017cne, bo ta czarna legenda ma s\u0142u\u017cy\u0107 uzasadnieniu zatwierdzonej do wierzenia tezy, \u017ce odpowiedzialni za t\u0119 masakr\u0119 s\u0105 chrze\u015bcijanie, a konkretnie &#8211; znienawidzony Ko\u015bci\u00f3\u0142 katolicki. Ostentacja i natarczywo\u015b\u0107, z jak\u0105 pogl\u0105d ten jest forsowany, zirytowa\u0142a nawet JE biskupa Tadeusza Pieronka, co spowodowa\u0142o nies\u0142ychan\u0105 konsternacj\u0119 w Salonie. Ale to jeszcze nic w por\u00f3wnaniu z filmem, jaki 1 lutego wyemitowa\u0142a pa\u0144stwowa telewizja o generale Jaruzelskim, z kt\u00f3rego wynika czarno na bia\u0142ym, \u017ce by\u0142 on lokajczukiem moskiewskich okupant\u00f3w. Tymczasem Ministerstwo Prawdy od 1981 roku kreuje genera\u0142a Jaruzelskiego na Zbawc\u0119 Narodu Polskiego. Ale genera\u0142 Jaruzelski nie jest bynajmniej Zbawc\u0105 jedynym.<\/p>\r\n\r\n<p>Za drugiego Zbawc\u0119 Narodu Polskiego uchodzi red. Adam Michnik. Nic wi\u0119c dziwnego, \u017ce kiedy jeden Zbawca dogada\u0142 si\u0119 z drugim Zbawc\u0105 w Magdalence, ten wyda\u0142 najwy\u017cszy rozkaz, \u017ceby si\u0119 od genera\u0142a \u201e<em>odpieprzy\u0107<\/em>\u201d i to nawet &#8211; za \u201e<em>antysemickie czystki<\/em>\u201d w wojsku i pa\u0144stwie. Pokazuje to, \u017ce Hermann Goering nie by\u0142 odosobniony m\u00f3wi\u0105c, \u017ce to on decyduje kto jest \u017bydem. Red. Michnik na identycznej zasadzie decyduje, kto jest antysemit\u0105, a od kogo nale\u017cy si\u0119 \u201e<em>odpieprzy\u0107<\/em>\u201d. Reakcja ze strony SLD dowodzi, \u017ce emisja tego filmu przez pa\u0144stwow\u0105 telewizj\u0119 jest niew\u0105tpliwie wypadkiem przy pracy, spowodowanym niedoci\u0105gni\u0119ciami na odcinku koordynacji, ale w tej sytuacji tylko patrze\u0107, jak wszystko zostanie dopi\u0119te na ostatni guzik, \u0142\u0105cznie z zamykaniem \u201e<em>stron niedozwolonych<\/em>\u201d w internecie. I s\u0142usznie &#8211; bo w przeciwnym razie zaraz jaka\u015b Schwein mog\u0142aby przypomnie\u0107 sobie np. list, w kt\u00f3rym pan prezydent Lech Kaczy\u0144ski wyra\u017ca \u201e<em>rado\u015b\u0107<\/em>\u201d z reaktywowania w Polsce Lo\u017cy Zakonu Syn\u00f3w Przymierza &#8211; i ca\u0142y pogrzeb na nic.\r\n\r\n<p><strong><em>Stanis\u0142aw Michalkiewicz<\/em><\/strong><\/p>\r\n\r\n<p>Felieton \u00a0<strong>\u2022<\/strong> \u201eNasz Dziennik\u201d \u00a0<strong>\u2022<\/strong> 6 lutego 2010<\/p>\r\n\r\n<p><em>Sta\u0142y komentarz Stanis\u0142awa Michalkiewicza z cyklu \u201e\u015acie\u017cka obok drogi\u201d ukazuje si\u0119 w \u201eNaszym Dzienniku\u201d w ka\u017cdy pi\u0105tek.<\/em><\/p>","protected":false},"excerpt":{"rendered":"W proroczej ksi\u0105\u017cce Jerzego Orwella \u201eRok 1984\u201d jedn\u0105 z czo\u0142owych instytucji \u00f3wczesnego pa\u0144stwa, obok oczywi\u015bcie Ministerstwa Mi\u0142o\u015bci, oferuj\u0105cego najwymy\u015blniejsze rodzaje tortur i udr\u0119cze\u0144, jest te\u017c Ministerstwo Prawdy. Ministerstwo Prawdy zajmuje si\u0119 korygowaniem historii wstecz, to znaczy &#8211; takim przedstawianiem minionych wydarze\u0144, jakie akurat z jakich\u015b wzgl\u0119d\u00f3w pasuje Wielkiemu Bratu. W tym celu Ministerstwo Prawdy sporz\u0105dza [&hellip;]","protected":false},"author":1,"featured_media":0,"comment_status":"closed","ping_status":"closed","sticky":false,"template":"","format":"standard","meta":{"_acf_changed":false,"_monsterinsights_skip_tracking":false,"_monsterinsights_sitenote_active":false,"_monsterinsights_sitenote_note":"","_monsterinsights_sitenote_category":0,"ngg_post_thumbnail":0,"footnotes":"","_wp_rev_ctl_limit":""},"categories":[9],"tags":[75,16,22,53,37,34],"acf":[],"_links":{"self":[{"href":"https:\/\/www.bibula.com\/index.php?rest_route=\/wp\/v2\/posts\/17975"}],"collection":[{"href":"https:\/\/www.bibula.com\/index.php?rest_route=\/wp\/v2\/posts"}],"about":[{"href":"https:\/\/www.bibula.com\/index.php?rest_route=\/wp\/v2\/types\/post"}],"author":[{"embeddable":true,"href":"https:\/\/www.bibula.com\/index.php?rest_route=\/wp\/v2\/users\/1"}],"replies":[{"embeddable":true,"href":"https:\/\/www.bibula.com\/index.php?rest_route=%2Fwp%2Fv2%2Fcomments&post=17975"}],"version-history":[{"count":0,"href":"https:\/\/www.bibula.com\/index.php?rest_route=\/wp\/v2\/posts\/17975\/revisions"}],"wp:attachment":[{"href":"https:\/\/www.bibula.com\/index.php?rest_route=%2Fwp%2Fv2%2Fmedia&parent=17975"}],"wp:term":[{"taxonomy":"category","embeddable":true,"href":"https:\/\/www.bibula.com\/index.php?rest_route=%2Fwp%2Fv2%2Fcategories&post=17975"},{"taxonomy":"post_tag","embeddable":true,"href":"https:\/\/www.bibula.com\/index.php?rest_route=%2Fwp%2Fv2%2Ftags&post=17975"}],"curies":[{"name":"wp","href":"https:\/\/api.w.org\/{rel}","templated":true}]}}