{"id":17851,"date":"2010-02-03T15:07:50","date_gmt":"2010-02-03T20:07:50","guid":{"rendered":"http:\/\/www.bibula.com\/?p=17851"},"modified":"2010-02-03T15:07:50","modified_gmt":"2010-02-03T20:07:50","slug":"glosy-zza-odry-iv-tomasz-gabis","status":"publish","type":"post","link":"https:\/\/www.bibula.com\/?p=17851","title":{"rendered":"G\u0142osy zza Odry (IV) &#8211; <em>Tomasz Gabi\u015b<\/em>"},"content":{"rendered":"<p><strong>Za Odr\u0105 coraz dono\u015bniejsze staj\u0105 si\u0119 g\u0142osy kwestionuj\u0105ce tez\u0119 o globalnym ociepleniu ewentualnie o cz\u0142owieku jako jego sprawcy. Kiedy w Kopenhadze odbywa\u0142 si\u0119 tzw. szczyt klimatyczny, pismu \u201eCicero\u201d wywiadu udzieli\u0142 prof. Horst Malberg, wieloletni dyrektor Instytutu Meteorologicznego na Wolnym Uniwersytecie w Berlinie, autor licznych ksi\u0105\u017cek z dziedziny meteorologii i klimatologii. Odrzuci\u0142 on ca\u0142kowicie teori\u0119 globalnego ocieplenia, poniewa\u017c, jego zdaniem, nie ma ona \u017cadnych podstaw empirycznych, i stwierdzi\u0142 wprost, \u017ce \u201eZiemia stoi w obliczu ozi\u0119bienia\u201d.<\/strong><\/p>\r\n\r\n<p>Nie pr\u00f3\u017cnuje r\u00f3wnie\u017c niemiecka prawica skupiona w organizacji Niemieccy Konserwaty\u015bci (Die Deutschen Konservativen), kt\u00f3rej korzenie tkwi\u0105 w za\u0142o\u017conym w 1980 roku komitecie wyborczym Platforma Obywatelska \u201eDemokraci na rzecz Straussa\u201d. Platforma Obywatelska przekszta\u0142ci\u0142a si\u0119 w Akcj\u0119 Konserwatywn\u0105, a ta w 1985 roku w Niemieckich Konserwatyst\u00f3w (ND). Zas\u0142yn\u0119li oni z akcji przeciwko re\u017cimowi komunistycznemu w NRD, na przyk\u0142ad w 1983 roku na Bernauerstrasse wybili dziur\u0119 w murze berli\u0144skim. Niemieccy Konserwaty\u015bci wys\u0142ali na terytorium NRD tysi\u0105ce balon\u00f3w z antykomunistycznymi ulotkami. Prowadz\u0105 codzienn\u0105 walk\u0119 przeciwko lewicy i lewicowym mediom. Zwalczaj\u0105 wszelkie formy socjalizmu i s\u0105 za wykluczeniem postkomunist\u00f3w z udzia\u0142u w rz\u0105dach. W pa\u017adzierniku 2009 roku wydali publikacj\u0119 <em>Die gr\u00fcne Gefahr. Der &#8222;Treibhaus-Schwindel\u201d und andere \u00c3\u2013ko-T\u00c3\u00a4uschungen<\/em> (<em>Zielone niebezpiecze\u0144stwo. \u201eCieplarniany szwindel\u201d i inne ekooszustwa<\/em>). Wst\u0119pem opatrzy\u0142 j\u0105 Heinrich Lummer, prezes honorowy ND, b. berli\u0144ski polityk i deputowany CDU do Bundestagu przez kilka kadencji, autor znanego has\u0142a \u201ezwyci\u0119stwo nad komunizmem nie jest ostatecznym zwyci\u0119stwem\u201d. W pierwszej cz\u0119\u015bci <em>Zielonego niebezpiecze\u0144stwa<\/em> Peter Helmes (w latach 1959-1996 aktywny dzia\u0142acz chadecji, obecnie jeden z lider\u00f3w ND) pokazuje, gdzie czai si\u0119 \u201ezielone niebezpiecze\u0144stwo\u201d, za\u015b w drugiej dr Wolfgang Th\u00fcne, dyplomowany meteorolog, wyja\u015bnia, na czym polega \u201ecieplarniany szwindel\u201d.<\/p>\r\n\r\n<p>Poniewa\u017c niemieccy Zieloni odgrywaj\u0105 wa\u017cn\u0105 rol\u0119 w ca\u0142ej europejskiej ekolewicy, to warto wiedzie\u0107, \u017ce, jak stwierdza we wst\u0119pie Heinrich Lummer, ich celem nie jest w \u017cadnym razie ochrona przyrody, ale realizacja czysto ideologicznego projektu; w pierwszym rz\u0119dzie chodzi im o zniszczenie wolno\u015bciowego porz\u0105dku rynkowego. S\u0105 takimi samymi internacjonalistami jak komuni\u015bci i pragn\u0105 &#8211; wraz z podobnymi ruchami w innych krajach &#8211; ustanowi\u0107 globalne \u201epa\u0144stwo\u201d interwencjonistyczne i globaln\u0105 gospodark\u0119 planow\u0105. Lummer ostrzega, \u017ce w \u201enowym zielonym porz\u0105dku \u015bwiatowym\u201d wolno\u015b\u0107 jednostki zostanie &#8211; zgodnie zasadami socjalizmu &#8211; drastycznie ograniczona. Niemcy i inni Europejczycy stoj\u0105 dzi\u015b przed wyborem, czy chc\u0105 by\u0107 trzod\u0105 becz\u0105cych owiec, za kt\u00f3re \u201er\u00f3wniejsze\u201d owce oraz psy b\u0119d\u0105 decydowa\u0107, co dla nich jest dobre, czy te\u017c uwierz\u0105, \u017ce cz\u0142owiek jest wolny i potrafi wzi\u0105\u0107 odpowiedzialno\u015b\u0107 za sw\u00f3j los.<\/p>\r\n\r\n<p>Peter Helmes pisze, \u017ce Zieloni \u017cyj\u0105 z wywo\u0142ywania strachu i to jest rzeczywista \u201eideologiczna\u201d podwalina ich dzia\u0142a\u0144. Pierwotny \u201eekoidealizm\u201d uleg\u0142 degrengoladzie do poziomu \u201eekoimperializmu\u201d; ochrona przyrody, o kt\u00f3rej tyle si\u0119 m\u00f3wi, jest zas\u0142on\u0105 dymn\u0105 dla radykalnej lewicowej ideologii oraz wymiernych materialnych interes\u00f3w. Dla urzeczywistnienia swoich cel\u00f3w Zieloni (Czerwoni w \u015brodku) nie przebieraj\u0105 w \u015brodkach, do kt\u00f3rych nale\u017c\u0105 m.in.: bezustanne wywo\u0142ywanie paniki i propagowanie coraz to bardziej fantastycznych scenariuszy zag\u0142ady ludzko\u015bci. Ich wizje pozbawione s\u0105 jakiejkolwiek podstawy naukowej, co nie dziwi, gdy\u017c to nie klasyczne dyscypliny naukowe dostarczaj\u0105 im argument\u00f3w, ale wywodz\u0105ca si\u0119 z neomarksistowskiej \u201eTeorii Krytycznej\u201d koncepcja quasi-nauki \u201eu\u017cytecznej spo\u0142ecznie\u201d. Helmes tak diagnozuje obecn\u0105 sytuacj\u0119: \u201eznajdujemy si\u0119 ju\u017c na drodze do ekosocjalistycznej dyktatury, kt\u00f3ra ka\u017cdemu obywatelowi chce nakazywa\u0107, jak ma \u017cy\u0107, oddycha\u0107, konsumowa\u0107 i pracowa\u0107. Pod p\u0142aszczykiem \u00abochrony klimatu i \u015brodowiska\u00bb chce si\u0119 przeprowadzi\u0107 najwi\u0119ksz\u0105 w dziejach ludzko\u015bci redystrybucj\u0119 bogactwa\u201d. Dalej pokazuje kosztowne absurdy energii wiatrowej i s\u0142onecznej &#8211; jak obliczy\u0142 jeden z niemieckich ekonomist\u00f3w, urz\u0105dzenia do wytwarzania energii wiatrowej s\u0105 rentowne (czyli przynosz\u0105 najmniejsze straty) wtedy, kiedy wiatr nie wieje. W b\u0142oto wyrzucono ju\u017c miliardy euro i planuje si\u0119 wyrzuci\u0107 kolejne. Do zachowania dziedzictwa przyrodniczego w niczym si\u0119 to nie przyczynia, a jedynie oszpeca pi\u0119kne niemieckie krajobrazy. Zieloni nie s\u0105 \u017cadn\u0105 \u201ealternatywn\u0105\u201d parti\u0105; s\u0105 tak samo jak inne partie op\u0119tani na punkcie w\u0142adzy, pieni\u0119dzy i presti\u017cu. Zdaniem Helmesa, jedynie konserwaty\u015bci naprawd\u0119 troszcz\u0105 si\u0119 o zachowanie Stworzenia.<\/p>\r\n\r\n<p>Dr Wolfgang Th\u00fcne studiowa\u0142 meteorologi\u0119 i geofizyk\u0119, a dodatkowo matematyk\u0119, fizyk\u0119 i geografi\u0119 na uniwersytecie w Kolonii i Wolnym Uniwersytecie w Berlinie. Od 1967 do 1974 roku pracowa\u0142 w Niemieckiej S\u0142u\u017cbie Meteorologicznej. W latach 1971-1986 by\u0142 wsp\u00f3\u0142pracownikiem telewizji ZDF odpowiedzialnym za przygotowywanie prognozy pogody. Pracowa\u0142 w Krajowym Urz\u0119dzie Ochrony \u015arodowiska Nadrenii-Palatynatu, gdzie kierowa\u0142 wydzia\u0142em Podstawowych Problem\u00f3w Ekologii i referatem klimatologii miejskiej i terenowej, a nast\u0119pnie w Ministerstwie \u015arodowiska. By\u0142 przedstawicielem Nadrenii-Palatynatu w Radzie ds. Klimatu rz\u0105du federalnego. Jest autorem kilku ksi\u0105\u017cek, m.in. <em>Der Treibhaus-Schwindel<\/em> (<em>Cieplarniane oszustwo<\/em>, 1998) oraz <em>Freispruch f\u00fcr<\/em> <em>CO<sub>2<\/sub><\/em> (<em>Wyrok uniewinniaj\u0105cy dla dwutlenku w\u0119gla<\/em>, 2002). Dr Th\u00fcne uwa\u017ca, \u017ce z punktu widzenia meteorologii, paleoklimatologii, geofizyki i geologii ca\u0142a koncepcja \u201eglobalnego ocieplenia\u201d jest absurdem, naukow\u0105 bajk\u0105 i tragicznym rozdzia\u0142em w historii nauki skorumpowanej ekonomicznie i politycznie. To nie oznacza jednak, \u017ce nie nale\u017cy jej traktowa\u0107 z najwy\u017csz\u0105 powag\u0105, a to dlatego, \u017ce kryje si\u0119 za ni\u0105, pocz\u0119ty z ducha rewolucji kulturalnej, projekt ekologicznej przebudowy spo\u0142ecze\u0144stw uprzemys\u0142owionych. G\u0142oszenie \u201eefektu cieplarnianego\u201d ma jednoznacznie polityczny charakter. Zieloni graj\u0105 na, by\u0107 mo\u017ce ci\u0105gle tkwi\u0105cym gdzie\u015b g\u0142\u0119boko w pod\u015bwiadomo\u015bci cz\u0142owieka, strachu przed kar\u0105 zsy\u0142an\u0105 przez bog\u00f3w w postaci burz, powodzi, huragan\u00f3w etc. \u201eEksperci klimatyczni\u201d sami pozuj\u0105 na bog\u00f3w, kt\u00f3rzy posiedli absolutn\u0105 wiedz\u0119 i potrafi\u0105 sterowa\u0107 pogod\u0105 (bo nie klimatem, kt\u00f3ry jest pewn\u0105 abstrakcj\u0105 wywiedzion\u0105 z przesz\u0142ych stan\u00f3w pogodowych). Ale ten, kto, jak Zieloni i ich \u201eeksperci\u201d, neguje prawa natury, ten tworzy \u015bwiat fikcji i g\u0142osi ideologiczne nonsensy. A im wi\u0119ksze niedorzeczno\u015bci si\u0119 g\u0142osi, tym wi\u0119ksza jest agresywno\u015b\u0107 i nietolerancja wobec tych, kt\u00f3rzy maj\u0105 odmienne zdanie.<\/p>\r\n\r\n<p>Obawy niemieckich konserwatyst\u00f3w nie s\u0105 odosobnione; zaczyna je podziela\u0107 prasa g\u0142\u00f3wnego nurtu. Na przyk\u0142ad Ulli Kulke w \u201eDie Welt\u201d przytacza szereg wypowiedzi niemieckich i ameryka\u0144skich socjolog\u00f3w i politolog\u00f3w, kt\u00f3rzy &#8211; bior\u0105c za punkt wyj\u015bcia apokaliptyczne \u201eprognozy pogody\u201d &#8211; dowodz\u0105, \u017ce nale\u017cy przemodelowa\u0107 ca\u0142y porz\u0105dek spo\u0142eczny. Okazuje si\u0119, \u017ce dla \u201eratowania planety\u201d przed klimatycznym \u201eko\u0144cem \u015bwiata\u201d, trzeba b\u0119dzie porzuci\u0107 obecny model liberalnej demokracji i zast\u0105pi\u0107 go modelem autorytarnym, ale, dodajmy, nie autorytarno-liberalnym, lecz autorytarno-socjalistyczno-totalitarnym. Kulke uwa\u017ca, \u017ce obecna debata o zagro\u017ceniach dla klimatu mo\u017ce wtr\u0105ci\u0107 liberaln\u0105 demokracj\u0119 w kryzys legitymizacji. Na przyk\u0142ad psycholog spo\u0142eczny Harald Welzer i politolog Claus Leggewie do\u015b\u0107 otwarcie lansuj\u0105 model chi\u0144ski, jako ten, kt\u00f3ry &#8211; ze wzgl\u0119du na scentralizowan\u0105 struktur\u0119 w\u0142adzy &#8211; lepiej poradzi sobie z zagro\u017ceniami dla globalnego klimatu ni\u017c tradycyjna demokracja parlamentarna. Nawet Vaclav Havel o\u015bwiadczy\u0142: \u201eNie zgadzam si\u0119 z tymi, kt\u00f3rzy ostrzegaj\u0105 przed ograniczeniami wolno\u015bci obywatelskich. Je\u015bli sprawdz\u0105 si\u0119 przepowiednie niekt\u00f3rych badaczy klimatu, to nasze wolno\u015bci b\u0119d\u0105 tak wielkie, jak wolno\u015b\u0107 cz\u0142owieka zwisaj\u0105cego z parapetu na dwudziestym pi\u0119trze\u201d. C\u00f3\u017c, typ argumentacji jakby znajomy. Na razie, pisze w zako\u0144czeniu swojego artyku\u0142u Kulke, nikt nie wo\u0142a o dyktatora, ale w czasach wielkich l\u0119k\u00f3w zawsze wybija\u0142a godzina totalitarnych fantazji.<\/p>\r\n\r\n<p><strong><em>Tomasz Gabi\u015b<\/em><\/strong><\/p>\r\n\r\n<p>Pierwodruk: \u201eOpcja na Prawo\u201d, 2010 nr 1.<\/p>","protected":false},"excerpt":{"rendered":"Za Odr\u0105 coraz dono\u015bniejsze staj\u0105 si\u0119 g\u0142osy kwestionuj\u0105ce tez\u0119 o globalnym ociepleniu ewentualnie o cz\u0142owieku jako jego sprawcy. Kiedy w Kopenhadze odbywa\u0142 si\u0119 tzw. szczyt klimatyczny, pismu \u201eCicero\u201d wywiadu udzieli\u0142 prof. Horst Malberg, wieloletni dyrektor Instytutu Meteorologicznego na Wolnym Uniwersytecie w Berlinie, autor licznych ksi\u0105\u017cek z dziedziny meteorologii i klimatologii. Odrzuci\u0142 on ca\u0142kowicie teori\u0119 globalnego [&hellip;]","protected":false},"author":1,"featured_media":0,"comment_status":"closed","ping_status":"closed","sticky":false,"template":"","format":"standard","meta":{"_acf_changed":false,"_monsterinsights_skip_tracking":false,"_monsterinsights_sitenote_active":false,"_monsterinsights_sitenote_note":"","_monsterinsights_sitenote_category":0,"ngg_post_thumbnail":0,"footnotes":"","_wp_rev_ctl_limit":""},"categories":[9],"tags":[116],"acf":[],"_links":{"self":[{"href":"https:\/\/www.bibula.com\/index.php?rest_route=\/wp\/v2\/posts\/17851"}],"collection":[{"href":"https:\/\/www.bibula.com\/index.php?rest_route=\/wp\/v2\/posts"}],"about":[{"href":"https:\/\/www.bibula.com\/index.php?rest_route=\/wp\/v2\/types\/post"}],"author":[{"embeddable":true,"href":"https:\/\/www.bibula.com\/index.php?rest_route=\/wp\/v2\/users\/1"}],"replies":[{"embeddable":true,"href":"https:\/\/www.bibula.com\/index.php?rest_route=%2Fwp%2Fv2%2Fcomments&post=17851"}],"version-history":[{"count":0,"href":"https:\/\/www.bibula.com\/index.php?rest_route=\/wp\/v2\/posts\/17851\/revisions"}],"wp:attachment":[{"href":"https:\/\/www.bibula.com\/index.php?rest_route=%2Fwp%2Fv2%2Fmedia&parent=17851"}],"wp:term":[{"taxonomy":"category","embeddable":true,"href":"https:\/\/www.bibula.com\/index.php?rest_route=%2Fwp%2Fv2%2Fcategories&post=17851"},{"taxonomy":"post_tag","embeddable":true,"href":"https:\/\/www.bibula.com\/index.php?rest_route=%2Fwp%2Fv2%2Ftags&post=17851"}],"curies":[{"name":"wp","href":"https:\/\/api.w.org\/{rel}","templated":true}]}}