{"id":1760,"date":"2008-03-04T16:51:51","date_gmt":"2008-03-04T16:51:51","guid":{"rendered":""},"modified":"2018-03-04T09:42:33","modified_gmt":"2018-03-04T14:42:33","slug":"nowa-wiosna-kosciola-w-irlandii","status":"publish","type":"post","link":"https:\/\/www.bibula.com\/?p=1760","title":{"rendered":"Nowa Wiosna Ko\u015bcio\u0142a w Irlandii"},"content":{"rendered":"<p>Jak podaje <a class=\"content_sz\" href=\"http:\/\/info.wiara.pl\/index.php?grupa=4&amp;art=1204325777\">KAI<\/a> &#8211; w Irlandii gwa\u0142townie spada liczba ksi\u0119\u017cy i zakonnik\u00f3w.<\/p>\r\n<p>Na Zielonej Wyspie z roku na rok ubywa kap\u0142an\u00f3w i wkr\u00f3tce mo\u017ce ich w og\u00f3le zabrakn\u0105\u0107 &#8211; wynika z najnowszego irlandzkiego rocznika katolickiego.<br>\r\n W ubieg\u0142ym roku, g\u0142\u00f3wnie z powodu \u015bmierci zwi\u0105zanej z podesz\u0142ym wiekiem, liczba ksi\u0119\u017cy w tym kraju zmala\u0142a o 160, podczas gdy wy\u015bwi\u0119cono zaledwie 9 nowych prezbiter\u00f3w. W ca\u0142ym kraju pracuje obecnie 4.750 duchownych, ale je\u015bli dotychczasowa tendencja si\u0119 utrzyma, do 2028 r. Irlandia b\u0119dzie mia\u0142a niespe\u0142na 1500 kap\u0142an\u00f3w.<br>\r\n <br>\r\n Dyrektor archidiecezjalnego o\u015brodka powo\u0142a\u0144 w Dublinie ks. Eamonn Bourke zwraca uwag\u0119, \u017ce proces ten mo\u017ce by\u0107 zaskoczeniem g\u0142\u00f3wnie dla ludzi \u015bwieckich, kt\u00f3rzy dopiero teraz (sic!!! &#8211; Dextimus) zaczynaj\u0105 sobie zdawa\u0107 spraw\u0119 ze skali problemu i przysz\u0142ych, dramatycznych skutk\u00f3w spadku powo\u0142a\u0144. \u201eB\u0119dzie to oznacza\u0142o konieczno\u015b\u0107 \u0142\u0105czenia parafii, w niekt\u00f3rych parafiach nie b\u0119dzie codziennej Mszy \u015bw. i prawdopodobnie nawet niedzielnego nabo\u017ce\u0144stwa\u201d &#8211; powiedzia\u0142 kap\u0142an ameryka\u0144skiej agencji Catholic News Service.<br>\r\n <br>\r\n Wyliczaj\u0105c inne drastyczne rezultaty niekorzystnego zjawiska, ks. Bourke maluje obraz ewentualnej przysz\u0142o\u015bci, gdy sakrament ma\u0142\u017ce\u0144stwa irlandzkie pary b\u0119d\u0105 musia\u0142y zawiera\u0107 w grupach. Podobne rozwi\u0105zania dotyczy\u0107 mog\u0105 tak\u017ce pogrzeb\u00f3w. Zdaniem dyrektora o\u015brodka, spadek powo\u0142a\u0144 dzia\u0142a demoralizuj\u0105co na ksi\u0119\u017cy, kt\u00f3rych i tak zniech\u0119caj\u0105 pedofilskie skandale z udzia\u0142em duchownych i og\u00f3lny kryzys wiary w\u015br\u00f3d Irlandczyk\u00f3w.<br>\r\n <br>\r\n (&#8230;)<br>\r\n <br>\r\n Jeszcze bardziej ponuro wygl\u0105da sytuacja \u017ce\u0144skich powo\u0142a\u0144 zakonnych. Wed\u0142ug tegorocznego wydania rocznika liczba zakonnic w Irlandii w ubieg\u0142ym roku zmniejszy\u0142a si\u0119 o 228 &#8211; g\u0142\u00f3wnie z powodu \u015bmierci zwi\u0105zanej z podesz\u0142ym wiekiem. \u015aluby zakonne z\u0142o\u017cy\u0142y w 2007 r. tylko dwie kobiety.<\/p>\r\n<p><strong>-160 +9<br>\r\n -228 +2<\/strong><\/p>\r\n<p><strong>Te liczby m\u00f3wi\u0105 same za siebie. Nie mo\u017ce dobre drzewo rodzi\u0107 z\u0142ych owoc\u00f3w, ani z\u0142e drzewo rodzi\u0107 dobrych owoc\u00f3w. <\/strong><\/p>\r\n<p class=\"zrodlo\">Za: <a href=\"http:\/\/breviarium.blogspot.com\/2008\/03\/nowa-wiosna-kocioa-w-irlandii.html\" target=\"_blank\" rel=\"noopener\">Kronika Novus Ordo, Napisa\u0142 Dextimus dnia (1.3.08)<\/a><\/p>","protected":false},"excerpt":{"rendered":"Jak podaje KAI &#8211; w Irlandii gwa\u0142townie spada liczba ksi\u0119\u017cy i zakonnik\u00f3w. Na Zielonej Wyspie z roku na rok ubywa kap\u0142an\u00f3w i wkr\u00f3tce mo\u017ce ich w og\u00f3le zabrakn\u0105\u0107 &#8211; wynika z najnowszego irlandzkiego rocznika katolickiego. W ubieg\u0142ym roku, g\u0142\u00f3wnie z powodu \u015bmierci zwi\u0105zanej z podesz\u0142ym wiekiem, liczba ksi\u0119\u017cy w tym kraju zmala\u0142a o 160, podczas [&hellip;]","protected":false},"author":1,"featured_media":0,"comment_status":"closed","ping_status":"open","sticky":false,"template":"","format":"standard","meta":{"_acf_changed":false,"_monsterinsights_skip_tracking":false,"_monsterinsights_sitenote_active":false,"_monsterinsights_sitenote_note":"","_monsterinsights_sitenote_category":0,"ngg_post_thumbnail":0,"footnotes":"","_wp_rev_ctl_limit":""},"categories":[3],"tags":[237,33],"acf":[],"_links":{"self":[{"href":"https:\/\/www.bibula.com\/index.php?rest_route=\/wp\/v2\/posts\/1760"}],"collection":[{"href":"https:\/\/www.bibula.com\/index.php?rest_route=\/wp\/v2\/posts"}],"about":[{"href":"https:\/\/www.bibula.com\/index.php?rest_route=\/wp\/v2\/types\/post"}],"author":[{"embeddable":true,"href":"https:\/\/www.bibula.com\/index.php?rest_route=\/wp\/v2\/users\/1"}],"replies":[{"embeddable":true,"href":"https:\/\/www.bibula.com\/index.php?rest_route=%2Fwp%2Fv2%2Fcomments&post=1760"}],"version-history":[{"count":0,"href":"https:\/\/www.bibula.com\/index.php?rest_route=\/wp\/v2\/posts\/1760\/revisions"}],"wp:attachment":[{"href":"https:\/\/www.bibula.com\/index.php?rest_route=%2Fwp%2Fv2%2Fmedia&parent=1760"}],"wp:term":[{"taxonomy":"category","embeddable":true,"href":"https:\/\/www.bibula.com\/index.php?rest_route=%2Fwp%2Fv2%2Fcategories&post=1760"},{"taxonomy":"post_tag","embeddable":true,"href":"https:\/\/www.bibula.com\/index.php?rest_route=%2Fwp%2Fv2%2Ftags&post=1760"}],"curies":[{"name":"wp","href":"https:\/\/api.w.org\/{rel}","templated":true}]}}