{"id":1759,"date":"2008-03-04T16:34:27","date_gmt":"2008-03-04T16:34:27","guid":{"rendered":""},"modified":"2018-03-04T18:55:42","modified_gmt":"2018-03-04T23:55:42","slug":"wicepremier-schetyna-kazal-wojewodom-przywracac-zydom-polskie-obywatelstwa","status":"publish","type":"post","link":"https:\/\/www.bibula.com\/?p=1759","title":{"rendered":"Wicepremier Schetyna kaza\u0142 wojewodom przywraca\u0107 \u017bydom polskie obywatelstwa"},"content":{"rendered":"<p>Wicepremier-minister spraw wewn\u0119trznych i administracji Grzegorz Schetyna poinformowa\u0142, \u017ce jego resort wystosowa\u0142 zalecenie do wojewod\u00f3w, by uznawali obywatelstwo polskie os\u00f3b pochodzenia \u017cydowskiego zmuszonych do emigracji w marcu 1968 roku. Niekt\u00f3re urz\u0119dy wojew\u00f3dzkie blokowa\u0142y ostatnio te decyzje.<\/p>\r\n<p>Wicepremier Schetyna powiedzia\u0142, \u017ce dotyczy to kilku wojew\u00f3dztw: ma\u0142opolskiego, \u0142\u00f3dzkiego, ma\u0142opolskiego i dolno\u015bl\u0105skiego. Podania emigrant\u00f3w marcowych maj\u0105 by\u0107 rozpatrywane przez wojewod\u00f3w.&nbsp;&nbsp;&nbsp;&nbsp;&nbsp;&nbsp;&nbsp;&nbsp; <\/p>\r\n<p>Wicepremier powiedzia\u0142 te\u017c, \u017ce je\u015bli osoby te uzyska\u0142y negatywne decyzje od wojewod\u00f3w, to b\u0119d\u0105 mog\u0142y odwo\u0142a\u0107 si\u0119 do MSWiA, kt\u00f3ry zmieni te decyzje.&nbsp;<\/p>\r\n<p>IAR\/GJ<\/p>\r\n<p class=\"zrodlo\">Za: <a class=\"content_sz\" href=\"http:\/\/www.prawy.pl\/?dz=nowosci&amp;id=37149&amp;subdz=&amp;where=rss\" target=\"_blank\" rel=\"noopener\">prawy.pl<\/a><\/p>\r\n<p>&nbsp;<\/p>","protected":false},"excerpt":{"rendered":"Wicepremier-minister spraw wewn\u0119trznych i administracji Grzegorz Schetyna poinformowa\u0142, \u017ce jego resort wystosowa\u0142 zalecenie do wojewod\u00f3w, by uznawali obywatelstwo polskie os\u00f3b pochodzenia \u017cydowskiego zmuszonych do emigracji w marcu 1968 roku. Niekt\u00f3re urz\u0119dy wojew\u00f3dzkie blokowa\u0142y ostatnio te decyzje. Wicepremier Schetyna powiedzia\u0142, \u017ce dotyczy to kilku wojew\u00f3dztw: ma\u0142opolskiego, \u0142\u00f3dzkiego, ma\u0142opolskiego i dolno\u015bl\u0105skiego. Podania emigrant\u00f3w marcowych maj\u0105 by\u0107 rozpatrywane [&hellip;]","protected":false},"author":1,"featured_media":0,"comment_status":"closed","ping_status":"open","sticky":false,"template":"","format":"standard","meta":{"_acf_changed":false,"_monsterinsights_skip_tracking":false,"_monsterinsights_sitenote_active":false,"_monsterinsights_sitenote_note":"","_monsterinsights_sitenote_category":0,"ngg_post_thumbnail":0,"footnotes":"","_wp_rev_ctl_limit":""},"categories":[8],"tags":[92,61,18],"acf":[],"_links":{"self":[{"href":"https:\/\/www.bibula.com\/index.php?rest_route=\/wp\/v2\/posts\/1759"}],"collection":[{"href":"https:\/\/www.bibula.com\/index.php?rest_route=\/wp\/v2\/posts"}],"about":[{"href":"https:\/\/www.bibula.com\/index.php?rest_route=\/wp\/v2\/types\/post"}],"author":[{"embeddable":true,"href":"https:\/\/www.bibula.com\/index.php?rest_route=\/wp\/v2\/users\/1"}],"replies":[{"embeddable":true,"href":"https:\/\/www.bibula.com\/index.php?rest_route=%2Fwp%2Fv2%2Fcomments&post=1759"}],"version-history":[{"count":0,"href":"https:\/\/www.bibula.com\/index.php?rest_route=\/wp\/v2\/posts\/1759\/revisions"}],"wp:attachment":[{"href":"https:\/\/www.bibula.com\/index.php?rest_route=%2Fwp%2Fv2%2Fmedia&parent=1759"}],"wp:term":[{"taxonomy":"category","embeddable":true,"href":"https:\/\/www.bibula.com\/index.php?rest_route=%2Fwp%2Fv2%2Fcategories&post=1759"},{"taxonomy":"post_tag","embeddable":true,"href":"https:\/\/www.bibula.com\/index.php?rest_route=%2Fwp%2Fv2%2Ftags&post=1759"}],"curies":[{"name":"wp","href":"https:\/\/api.w.org\/{rel}","templated":true}]}}