{"id":17555,"date":"2010-01-21T23:14:28","date_gmt":"2010-01-22T04:14:28","guid":{"rendered":"http:\/\/www.bibula.com\/?p=17555"},"modified":"2020-09-20T18:31:35","modified_gmt":"2020-09-20T22:31:35","slug":"odwet-za-patrioty-w-moragu-rosja-zapowiada-wzmocnienie-marynarki-wojennej-na-morzu-baltyckim","status":"publish","type":"post","link":"https:\/\/www.bibula.com\/?p=17555","title":{"rendered":"Odwet za patrioty w Mor\u0105gu &#8211; Rosja zapowiada wzmocnienie marynarki wojennej na Morzu Ba\u0142tyckim"},"content":{"rendered":"<p><strong>W odpowiedzi na plany rozmieszczenia w Polsce, w pobli\u017cu granicy z obwodem kaliningradzkim, ameryka\u0144skiej baterii rakiet Patriot, Rosja zamierza wzmocni\u0107 swoj\u0105 Flot\u0119 Ba\u0142tyck\u0105. Opr\u00f3cz pocisk\u00f3w balistycznych kr\u00f3tkiego zasi\u0119gu Iskander, na Morzu Ba\u0142tyckim ma si\u0119 pojawi\u0107 wi\u0119ksza liczba korwet z rakietami dalekiego zasi\u0119gu, jak i \u0142odzi podwodnych.<\/strong><br \/>\r\n<br \/>\r\n&#8211; Wzmocniona zostanie przede wszystkim nawodna, podwodna i lotnicza cz\u0119\u015b\u0107 Floty Batyckiej &#8211; podkre\u015bli\u0142 w rozmowie z RIA-Nowosti anonimowy przedstawiciel rosyjskiej marynarki wojennej. Informator zaznaczy\u0142, \u017ce g\u0142\u00f3wny akcent zostanie po\u0142o\u017cony na uzupe\u0142nienie okr\u0119t\u00f3w Floty Ba\u0142tyckiej o jednostki bojowe klasy &#8222;korweta&#8221;, wyposa\u017cone w precyzyjne pociski manewruj\u0105ce dalekiego zasi\u0119gu. Nie wykluczy\u0142, \u017ce Marynarka Wojenna Federacji Rosyjskiej operuj\u0105ca na Ba\u0142tyku zostanie wzmocniona konwencjonalnymi okr\u0119tami podwodnymi oraz b\u0119d\u0105cymi w trakcie budowy okr\u0119tami podwodnymi typu \u0141ada. Z kolei ekspert z ministerstwa obrony Rosji &#8211; Igor Korotczenko, w rozmowie z rosyjskim dziennikiem &#8222;Wiedomosti&#8221; stwierdzi\u0142, \u017ce Rosja mo\u017ce w obwodzie kaliningradzkim umie\u015bci\u0107 tak\u017ce rakiety taktyczne typu Iskander. Wcze\u015bniej Rosjanie grozili iskanderami, gdy by\u0142a mowa o umieszczeniu w Polsce i Czechach ameryka\u0144skiej tarczy antyrakietowej. <\/p>\r\n<p>Oficjalnie rosyjskie ministerstwo obrony zaprzecza tym rewelacjom. &#8222;Podana przez niekt\u00f3re media informacja o rzekomym wzmocnieniu nawodnej, podwodnej i lotniczej cz\u0119\u015bci Floty Ba\u0142tyckiej w zwi\u0105zku z rozmieszczeniem w Polsce w pobli\u017cu granic z Rosj\u0105 ameryka\u0144skich wyrzutni rakietowych Patriot jest niezgodna z rzeczywisto\u015bci\u0105&#8221; &#8211; przytacza o\u015bwiadczenie resortu PAP.<br \/>\r\nRakiety Patriot wraz z setk\u0105 ameryka\u0144skich \u017co\u0142nierzy b\u0119d\u0105 stacjonowa\u0142y w Mor\u0105gu okresowo. Pocz\u0105tkowo maj\u0105 si\u0119 pojawi\u0107 ich nieuzbrojone wersje i zmieni si\u0119 to dopiero po ratyfikowaniu umowy przez parlament i podpisaniu jej przez prezydenta. Prawdopodobnie wi\u0119c pierwszy rotacyjny pobyt rakiet na naszym terytorium rozpocznie si\u0119 na prze\u0142omie marca i kwietnia. &#8211; W tym tygodniu rozpocz\u0119\u0142a si\u0119 ratyfikacja porozumienia SOFA, zatem ca\u0142y proces wchodzi w now\u0105 faz\u0119. Mam nadziej\u0119, \u017ce Sejm b\u0119dzie got\u00f3w do zako\u0144czenia ratyfikacji przed po\u0142ow\u0105 lutego, i po podpisie prezydenta umowa umo\u017cliwi stronie ameryka\u0144skiej przys\u0142anie do Polski po raz pierwszy baterii Patriot wraz z obs\u0142ug\u0105 na prze\u0142omie marca i kwietnia &#8211; zaznaczy\u0142 Bogdan Klich, minister obrony.<\/p>\r\n<p><em><strong>Marta Ziarnik<\/strong><\/em><\/p>","protected":false},"excerpt":{"rendered":"W odpowiedzi na plany rozmieszczenia w Polsce, w pobli\u017cu granicy z obwodem kaliningradzkim, ameryka\u0144skiej baterii rakiet Patriot, Rosja zamierza wzmocni\u0107 swoj\u0105 Flot\u0119 Ba\u0142tyck\u0105. Opr\u00f3cz pocisk\u00f3w balistycznych kr\u00f3tkiego zasi\u0119gu Iskander, na Morzu Ba\u0142tyckim ma si\u0119 pojawi\u0107 wi\u0119ksza liczba korwet z rakietami dalekiego zasi\u0119gu, jak i \u0142odzi podwodnych. &#8211; Wzmocniona zostanie przede wszystkim nawodna, podwodna i lotnicza [&hellip;]","protected":false},"author":1,"featured_media":0,"comment_status":"closed","ping_status":"closed","sticky":false,"template":"","format":"standard","meta":{"_acf_changed":false,"_monsterinsights_skip_tracking":false,"_monsterinsights_sitenote_active":false,"_monsterinsights_sitenote_note":"","_monsterinsights_sitenote_category":0,"ngg_post_thumbnail":0,"footnotes":"","_wp_rev_ctl_limit":""},"categories":[6],"tags":[84,98,141,221],"acf":[],"_links":{"self":[{"href":"https:\/\/www.bibula.com\/index.php?rest_route=\/wp\/v2\/posts\/17555"}],"collection":[{"href":"https:\/\/www.bibula.com\/index.php?rest_route=\/wp\/v2\/posts"}],"about":[{"href":"https:\/\/www.bibula.com\/index.php?rest_route=\/wp\/v2\/types\/post"}],"author":[{"embeddable":true,"href":"https:\/\/www.bibula.com\/index.php?rest_route=\/wp\/v2\/users\/1"}],"replies":[{"embeddable":true,"href":"https:\/\/www.bibula.com\/index.php?rest_route=%2Fwp%2Fv2%2Fcomments&post=17555"}],"version-history":[{"count":1,"href":"https:\/\/www.bibula.com\/index.php?rest_route=\/wp\/v2\/posts\/17555\/revisions"}],"predecessor-version":[{"id":118518,"href":"https:\/\/www.bibula.com\/index.php?rest_route=\/wp\/v2\/posts\/17555\/revisions\/118518"}],"wp:attachment":[{"href":"https:\/\/www.bibula.com\/index.php?rest_route=%2Fwp%2Fv2%2Fmedia&parent=17555"}],"wp:term":[{"taxonomy":"category","embeddable":true,"href":"https:\/\/www.bibula.com\/index.php?rest_route=%2Fwp%2Fv2%2Fcategories&post=17555"},{"taxonomy":"post_tag","embeddable":true,"href":"https:\/\/www.bibula.com\/index.php?rest_route=%2Fwp%2Fv2%2Ftags&post=17555"}],"curies":[{"name":"wp","href":"https:\/\/api.w.org\/{rel}","templated":true}]}}