{"id":1755,"date":"2008-03-03T09:50:08","date_gmt":"2008-03-03T09:50:08","guid":{"rendered":""},"modified":"-0001-11-30T00:00:00","modified_gmt":"-0001-11-30T04:00:00","slug":"","status":"publish","type":"post","link":"https:\/\/www.bibula.com\/?p=1755","title":{"rendered":"Czekaj\u0105c na Fajg\u0119 Danielak &#8211; <em>Stanis\u0142aw Michalkiewicz<\/em>"},"content":{"rendered":"<p> Jeszcze\u015bmy nie och\u0142on\u0119li po festiwalu, jaki razwiedkowe media urz\u0105dzi\u0142y  z okazji 100 dni rz\u0105du Donalda Tuska, a tu ju\u017c czekaj\u0105 nas kolejne  prze\u017cycia. Ale &ndash; incipiam. Poniewa\u017c min\u0119\u0142o 100 dni od powo\u0142ania i  zaprzysi\u0119\u017cenia rz\u0105du Donalda Tuska, razwiedka postanowi\u0142a nada\u0107 temu  jubileuszowi pogodny, a nawet radosny charakter, k\u0142ad\u0105c akcenty raczej  na rado\u015b\u0107 &bdquo;<em>Polak\u00f3w<\/em>&rdquo;  ze stylu sprawowania w\u0142adzy przez rz\u0105d PO-PSL, ni\u017c na konkretne  osi\u0105gni\u0119cia, przede wszystkim z uwagi na to, \u017ce jeszcze nie wynaleziono  aparatu fotograficznego, kt\u00f3ry by\u0142by w stanie je utrwali\u0107. Tedy  przodownicy wyszkolenia bojowego i politycznego w kontrolowanych przez  razwiedk\u0119 telewizjach, radiach i gazetach przeprowadzali wywiady, pij\u0105c  z dzi\u00f3bk\u00f3w poszczeg\u00f3lnym ministrom, a zw\u0142aszcza minister zdrowia pani  Ewie Kopacz. Znajdowa\u0142a si\u0119 ona w szczeg\u00f3lnie k\u0142opotliwej sytuacji, bo  akurat trwa\u0142y strajki szpitali po\u0142\u0105czone z odchodzeniem piel\u0119gniarek od  \u0142\u00f3\u017cek pacjent\u00f3w. Jednak przoduj\u0105ca w wyszkoleniu bojowym i politycznym  funkcjonariuszka Tadla potrafi\u0142a tak poprowadzi\u0107 rozmow\u0119, \u017ce nawet sama  pani minister wydawa\u0142a si\u0119 zaskoczona w\u0142asnymi zdolno\u015bciami i zas\u0142ugami  dla Polski, a ochrony zdrowia &ndash; w szczeg\u00f3lno\u015bci. Na tym tle pretensje  lekarzy i piel\u0119gniarek, brak pieni\u0119dzy i zad\u0142u\u017cenie szpitali wydawa\u0142y  si\u0119 tak odleg\u0142e, b\u0142ahe i nieistotne, \u017ce nie warto w og\u00f3le zaprz\u0105ta\u0107  sobie nimi uwagi. Dopiero na pierwszej linii konfrontacji mo\u017cna by\u0142o  przekona\u0107 si\u0119, \u017ce jest akurat odwrotnie, co mia\u0142em mo\u017cno\u015b\u0107 stwierdzi\u0107  osobi\u015bcie. Le\u017c\u0105c na stole operacyjnym w Pracowni Hemodynamiki Instytutu  Kardiologii w Aninie mimowolnie s\u0142ysza\u0142em rozmowy, jakie prowadzi\u0142y  mi\u0119dzy sob\u0105 piel\u0119gniarki na temat odbywaj\u0105cych si\u0119 tam dramatycznych  negocjacji p\u0142acowych. <\/p>\r\n<p> Potrzeb\u0119 nadania festiwalowi z okazji studni\u00f3wki rz\u0105du Donalda Tuska  pogodnego i radosnego charakteru zrozumia\u0142a nawet antagonistyczna  opozycja. PiS wyprodukowa\u0142o z tej okazji animowany film o babci,  czerwonym kapturku i z\u0142ym wilku, a ponadto jaki\u015b skecz o &bdquo;<em>matrixie<\/em>&rdquo;.  Ale w matrixie to my przecie\u017c \u017cyjemy od 1944 roku i innej  rzeczywisto\u015bci poza podstawion\u0105 nie znamy, wi\u0119c nie bardzo mog\u0142em  zrozumie\u0107, na czym w\u0142a\u015bciwie mia\u0142aby polega\u0107 ta rewelacja akurat w  zwi\u0105zku z Donaldem Tuskiem. <\/p>\r\n<p>Zreszt\u0105 Donald Tusk, jak si\u0119 okaza\u0142o, te\u017c przygotowa\u0142 z tej okazji  tradycyjne makagigi, przypominaj\u0105c, \u017ce tym razem to ju\u017c na pewno  wprowadzi podatek liniowy, a nawet tak si\u0119 rozochoci\u0142, \u017ce zapowiedzia\u0142  podj\u0119cie pr\u00f3by zast\u0105pienia finansowania partii politycznych z bud\u017cetu  pa\u0144stwa dobrowolnymi odpisami 1 procenta podatku przy sk\u0142adaniu zezna\u0144  podatkowych. Nikt si\u0119 jednak tym specjalnie nie przej\u0105\u0142, bo wiadomo, \u017ce  PSL nie pozwoli premieru Tusku na \u017cadne podatki liniowe, podobnie jak  nikt nie zrezygnuje z pewnej bud\u017cetowej forsy na rzecz lotnych piask\u00f3w  podatniczych sympatii. Wiadomo, \u017ce jak partia m\u00f3wi, \u017ce da &ndash; to m\u00f3wi,  wi\u0119c nic nie zak\u0142\u00f3ca\u0142o pogodnego nastroju, dzi\u0119ki czemu festiwal  zako\u0144czy\u0142 si\u0119 weso\u0142ym oberkiem. Wprawdzie PiS urz\u0105dzi\u0142o konwencj\u0119,  podczas kt\u00f3rej Jaros\u0142aw Kaczy\u0144ski strasznie si\u0119 odgra\u017ca\u0142, czego to on  nie zrobi, jak na bia\u0142ym koniu powr\u00f3ci do w\u0142adzy i w og\u00f3le, ale  publiczno\u015b\u0107 zdawa\u0142a sobie spraw\u0119, \u017ce to tylko tak, \u017ceby by\u0142o \u0142adniej,  bo zasadniczo mi\u0119dzy Platform\u0105 Obywatelsk\u0105 a PiS-em wielkiej r\u00f3\u017cnicy  przecie\u017c nie ma. <\/p>\r\n<p>Potwierdzi\u0142o si\u0119 to ju\u017c we czwartek 28 lutego o godzinie 9.07, kiedy  to w Sejmie odby\u0142o si\u0119 g\u0142osowanie nad uchwa\u0142\u0105, \u017ce nie b\u0119dzie referendum  w sprawie ratyfikacji Traktatu Lizbo\u0144skiego. G\u0142osowa\u0142o za ni\u0105 192  pos\u0142\u00f3w Platformy, ale tak\u017ce 89 pos\u0142\u00f3w PiS, w tej liczbie r\u00f3wnie\u017c sam  Jaros\u0142aw Kaczy\u0144ski i jego faworyci: pos\u0142owie Brudzi\u0144ski, Cyma\u0144ski,  Gosiewski, Kami\u0144ski (ten z CBA), Kuchci\u0144ski, Kurski, Lipi\u0144ski, Putra,  Szczyg\u0142o i Szczypi\u0144ska. Przeciw byli m.in. pos\u0142owie G\u00f3rski, Kozak,  Libicki, Macierewicz, Mas\u0142owska, Sobecka, So\u015bnierz i Zaj\u0105c. 45 pos\u0142\u00f3w  LiD by\u0142o oczywi\u015bcie &bdquo;<em>za<\/em>&rdquo;,  podobnie jak 26 pos\u0142\u00f3w sojuszniczego PSL. O ile zatem mo\u017cna by  powiedzie\u0107, \u017ce ca\u0142a Platforma Obywatelska nale\u017cy do stronnictwa  pruskiego, to PiS &ndash; tylko w wi\u0119kszo\u015bci. <\/p>\r\n<p>Tote\u017c zdominowane przez razwiedk\u0119 media nie zatrzymywa\u0142y si\u0119  specjalnie nad tym g\u0142osowaniem, chocia\u017c by\u0107 mo\u017ce do tej daty przysz\u0142e  pokolenia Polak\u00f3w b\u0119d\u0105 przywi\u0105zywa\u0142y tak\u0105 sam\u0105 wag\u0119, jak do daty III  rozbioru Polski, wybuchu II wojny \u015bwiatowej, konferencji w Ja\u0142cie, czy  wprowadzenia stanu wojennego. Tymczasem jednak przodownicy wyszkolenia  bojowego i politycznego otrzymali nowe zadanie, kt\u00f3re odt\u0105d b\u0119dzie z  dnia na dzie\u0144 coraz bardziej zaprz\u0105ta\u0107 nasz\u0105 uwag\u0119. Chodzi oczywi\u015bcie o  40 rocznic\u0119 wydarze\u0144 marcowych, a nawet nie tyle o ni\u0105 sam\u0105, co o  przywr\u00f3cenie \u017bydom, nazywanych ju\u017c &bdquo;<em>ofiarami Marca 1968<\/em>&rdquo;, polskiego obywatelstwa. Wicemarsza\u0142ek Niesio\u0142owski stwierdzi\u0142 nawet, \u017ce dla Polski jest to &bdquo;<em>sprawa honoru<\/em>&rdquo;,  a skoro Niesio\u0142owski z tego klucza ju\u017c \u015bpiewa, to nie jest wykluczone,  \u017ce nad tym w\u0105tkiem operacji upokarzania Polski na arenie  mi\u0119dzynarodowej najwy\u017cszy protektorat obj\u0105\u0142 sam sanhedryn. Ach, jaka  szkoda, \u017ce Jakub Berman, Roman Romkowski (Natan Grynszpan-Kinkiel),  Mietkowski (Moj\u017cesz Bobrowicki), R\u00f3\u017ca\u0144ski (Goldberg), Fejgin,  Brystygierowa, Andrzejewski (Lejba Ajzen), &#346;wiat\u0142o (Izaak Fleischfarb),  Alster (Nahum Alster), Wac\u0142aw Komar (Mendel Kossoj) &ndash; \u017ce wymieni\u0119 tylko  ubowc\u00f3w najbardziej zas\u0142u\u017conych w krzewieniu w Polsce tolerancji i praw  cz\u0142owieka &#8211; tego nie do\u017cyli! Mogliby dzisiaj albo powr\u00f3ci\u0107 do Polski w  glorii &bdquo;<em>ofiar Marca 1968<\/em>&rdquo;, albo te\u017c &ndash; o ile nie stracili  polskiego obywatelstwa &ndash; otrzyma\u0107 Order Or\u0142a Bia\u0142ego od prezydenta  Lecha Kaczy\u0144skiego, kt\u00f3ry pewnie ju\u017c nie mo\u017ce si\u0119 doczeka\u0107 upowa\u017cnienia  i do ratyfikacji Traktatu Lizbo\u0144skiego i do zado\u015b\u0107uczynienia &bdquo;<em>ofiarom Marca<\/em>&rdquo;. Czy Fajga Danielak (Helena Woli\u0144ska) ju\u017c si\u0119 pakuje? <\/p>\r\n<br \/>\r\n<br \/>\r\n<\/p>\r\n<p class=\"content\"><img decoding=\"async\" src=\"http:\/\/www.michalkiewicz.pl\/img\/kwad.gif\" height=\"12\" width=\"6\" \/><em>&nbsp;Stanis\u0142aw Michalkiewicz<\/em> \r\n<br \/>\r\n<em>Komentarz &nbsp;&middot;&nbsp; tygodnik &bdquo;Goniec&rdquo; (Toronto) &nbsp;&middot;&nbsp; 2008-03-02 &nbsp;|&nbsp; www.michalkiewicz.pl<\/em><br \/>\r\n<br \/>\r\n<em>Sta\u0142y komentarz Stanis\u0142awa Michalkiewicza ukazuje si\u0119 w ka\u017cdym numerze tygodnika &bdquo;Goniec&rdquo; (Toronto, Kanada).<\/em>\r\n","protected":false},"excerpt":{"rendered":"Jeszcze\u015bmy nie och\u0142on\u0119li po festiwalu, jaki razwiedkowe media urz\u0105dzi\u0142y z okazji 100 dni rz\u0105du Donalda Tuska, a tu ju\u017c czekaj\u0105 nas kolejne prze\u017cycia. Ale &ndash; incipiam. Poniewa\u017c min\u0119\u0142o 100 dni od powo\u0142ania i zaprzysi\u0119\u017cenia rz\u0105du Donalda Tuska, razwiedka postanowi\u0142a nada\u0107 temu jubileuszowi pogodny, a nawet radosny charakter, k\u0142ad\u0105c akcenty raczej na rado\u015b\u0107 &bdquo;Polak\u00f3w&rdquo; ze stylu [&hellip;]","protected":false},"author":1,"featured_media":0,"comment_status":"closed","ping_status":"open","sticky":false,"template":"","format":"standard","meta":{"_acf_changed":false,"_monsterinsights_skip_tracking":false,"ngg_post_thumbnail":0,"footnotes":"","_wp_rev_ctl_limit":""},"categories":[9],"tags":[34],"acf":[],"_links":{"self":[{"href":"https:\/\/www.bibula.com\/index.php?rest_route=\/wp\/v2\/posts\/1755"}],"collection":[{"href":"https:\/\/www.bibula.com\/index.php?rest_route=\/wp\/v2\/posts"}],"about":[{"href":"https:\/\/www.bibula.com\/index.php?rest_route=\/wp\/v2\/types\/post"}],"author":[{"embeddable":true,"href":"https:\/\/www.bibula.com\/index.php?rest_route=\/wp\/v2\/users\/1"}],"replies":[{"embeddable":true,"href":"https:\/\/www.bibula.com\/index.php?rest_route=%2Fwp%2Fv2%2Fcomments&post=1755"}],"version-history":[{"count":0,"href":"https:\/\/www.bibula.com\/index.php?rest_route=\/wp\/v2\/posts\/1755\/revisions"}],"wp:attachment":[{"href":"https:\/\/www.bibula.com\/index.php?rest_route=%2Fwp%2Fv2%2Fmedia&parent=1755"}],"wp:term":[{"taxonomy":"category","embeddable":true,"href":"https:\/\/www.bibula.com\/index.php?rest_route=%2Fwp%2Fv2%2Fcategories&post=1755"},{"taxonomy":"post_tag","embeddable":true,"href":"https:\/\/www.bibula.com\/index.php?rest_route=%2Fwp%2Fv2%2Ftags&post=1755"}],"curies":[{"name":"wp","href":"https:\/\/api.w.org\/{rel}","templated":true}]}}