{"id":17525,"date":"2010-01-21T08:33:13","date_gmt":"2010-01-21T13:33:13","guid":{"rendered":"http:\/\/www.bibula.com\/?p=17525"},"modified":"2010-01-21T08:33:13","modified_gmt":"2010-01-21T13:33:13","slug":"czyj-jest-gdansk-jerzy-jaskowski","status":"publish","type":"post","link":"https:\/\/www.bibula.com\/?p=17525","title":{"rendered":"Czyj jest Gda\u0144sk? &#8211; <em>Jerzy Ja\u015bkowski<\/em>"},"content":{"rendered":"<p>Przed ponad 6 laty napisa\u0142em artyku\u0142 pod powy\u017cszym tytu\u0142em. Praktycznie nie by\u0142o \u017cadnej reakcji tak zwykle agresywnych medi\u00f3w. \u0179aden z pos\u0142\u00f3w nawet nie pr\u00f3bowa\u0142 udzieli\u0107 odpowiedzi na to pytanie. Dw\u00f3ch ministr\u00f3w, goszcz\u0105cych na otwartych spotkaniach np. w Domu Technika w Gda\u0144sku, zmieni\u0142o szybko temat. To &#8211; niestety &#8211; tak\u017ce jest odpowiedzi\u0105. A sprawa jest niezwykle powa\u017cna, szczeg\u00f3lnie w \u015bwietle podpisania konstytucji Unii Europejskiej i prowadzonej konsekwentnie polityki niemieckiej.<\/p>\r\n\r\n<p>Wbrew bowiem ci\u0105gle powtarzanym twierdzeniom polityk\u00f3w, pos\u0142\u00f3w i mass medi\u00f3w w Polsce, a w szczeg\u00f3lno\u015bci <strong><em>GWybi\u00f3rczej<\/em><\/strong>, o konieczno\u015bci odcinania si\u0119 od Ja\u0142ty i Poczdamu, sprawa nie jest taka prosta. Jak wiadomo, sprawa polskich granic zosta\u0142a \u201eza\u0142atwiona\u201d dopiero w dniu 2 sierpnia 1945 roku w zabytkowym dworku <em>Cecilienhof w Poczdamie<\/em>. Tam i w owym czasie ustalono los Ziem zwanych p\u00f3\u017aniej Odzyskanymi. Ustalono tak\u017ce, \u017ce obszar Wolnego Miasta Gda\u0144ska, anektowanego przez Rzesz\u0119 Niemieck\u0105 we wrze\u015bniu 1939 roku, na okres 50 lat zostanie poddany pod jurysdykcj\u0119 Polsce.<\/p>\r\n\r\n<p>Uk\u0142ad Poczdamski wygas\u0142, jak powszechnie wiadomo, w 1995 roku. I co<strong>? I nic!!!, cisza. <\/strong>Ta cisza jest bardzo niepokoj\u0105ca dla Polak\u00f3w zamieszka\u0142ych na obszarze by\u0142ego Wolnego Miasta Gda\u0144ska.<\/p>\r\n\r\n<p>Niemcy nigdy i nigdzie nie uzna\u0142y Uk\u0142adu Poczdamskiego, nazywaj\u0105c obszary po\u0142o\u017cone na wsch\u00f3d od linii \u015awinouj\u015bcie &#8211; Odra &#8211; Nysa \u0141u\u017cycka jako: \u201e<strong><em>terytorium niemieckie pod administracj\u0105 polsk\u0105\u201d<\/em><\/strong> dodaj\u0105c poj\u0119cie &#8211; <strong><em>czasow\u0105<\/em><\/strong>. Ostatnie uzgodnienia pomi\u0119dzy stronami niemieck\u0105 i polsk\u0105 nie dotycz\u0105 sprawy Wolnego Miasta Gda\u0144ska.<\/p>\r\n\r\n<p>Inna jest bowiem sytuacja prawna Gda\u0144ska. Ot\u00f3\u017c 15 czerwca 1980 roku w Koblencji odby\u0142y si\u0119 rozmowy z udzia\u0142em ponad dwu tysi\u0119cy os\u00f3b, w ramach federalnego spotkania Zrzeszenia Gda\u0144szczan. Podczas spotkania wybrano Rad\u0119 Wolnego Miasta <strong><em>Gda\u0144ska [Rat der Freien Stadt Danzig]<\/em><\/strong><em> (za Die Tat z 27 czerwca 1980 r.)<\/em>. Uprawnieni do wyboru zostali wszyscy mieszka\u0144cy Wolnego Miasta Gda\u0144ska i ich potomkowie. Faktycznie wi\u0119c wy\u0142oniona Rada sta\u0142a si\u0119 wybranym Parlamentem Wolnego Miasta Gda\u0144ska na uchod\u017astwie.<\/p>\r\n\r\n<p>Uchwalono, \u017ce powsta\u0142y Senat przejmuje polityczn\u0105 reprezentacj\u0119 obywateli Wolnego Miasta Gda\u0144ska i przygotowuje si\u0119 do dzia\u0142a\u0144, kiedy b\u0119dzie mo\u017cna w przysz\u0142o\u015bci uregulowa\u0107 &#8211; <strong>\u201eproblem Gda\u0144ska\u201d.<\/strong><\/p>\r\n\r\n<p>Zgodnie z prawem niemieckim obywatelstwo niemieckie jest dziedziczne, to znaczy, \u017ce przechodzi automatycznie z rodzic\u00f3w na dzieci. <strong>Tak wi\u0119c roszczenia prawne posiadaj\u0105 wszyscy potomkowie mieszka\u0144c\u00f3w Wolnego Miasta Gda\u0144ska<\/strong>.<\/p>\r\n\r\n<p>W dniach od 7 do 10 lutego 1980 roku dosz\u0142o do tajnej narady w Popowie pomi\u0119dzy przedstawicielami Niemiec i Polski. Niemcy by\u0142y reprezentowane przez profesorow Rudolfa Bernharda, Joachima A. Froweina, Wilhelma A. Keweninga i Karla Doehringa. Stron\u0119 polsk\u0105 reprezentowali \u201eprofesorowie\u201d Adam \u0141opatka, Krzysztof Skubiszewski [<strong>TW ksywa Kosk<\/strong>], Tadeusz Walichnowski i Lech Janicki.<\/p>\r\n\r\n<p>Nie uzgodniono \u017cadnego wsp\u00f3lnego stanowiska. Niemcy pozostali przy swojej tezie <em>\u201eotwartego problemu ziem wschodnich a w szczeg\u00f3lno\u015bci Gda\u0144ska\u201d. <\/em><em><\/em><\/p>\r\n\r\n<p>Senat \u201e<em>Wolnego Miasta Gda\u0144ska<\/em>\u201d uznaje Rz\u0105d Polski za kolejnego okupanta [po III Rzeszy], kt\u00f3ry nie liczy si\u0119 z istniej\u0105cym legalnie Rz\u0105dem Wolnego Miasta Gda\u0144ska. Rz\u0105d ten rezyduje we Frankfurcie nad Menem, a w czerwcu 1998 roku wyst\u0105pi\u0142 do ONZ z postulatem przyj\u0119cia go w poczet cz\u0142onk\u00f3w Narod\u00f3w Zjednoczonych.<\/p>\r\n\r\n<p>Jest to szczeg\u00f3lnie powa\u017cna sprawa poniewa\u017c np. jeden z ministr\u00f3w na zadane publicznie pytanie: <strong>Czyj jest Gda\u0144sk?<\/strong> odpowiedzia\u0142 cyt.: <em>&#8222;Trzeba mie\u0107 nadziej\u0119<\/em>.&#8221;<\/p>\r\n\r\n<p>W \u015bwietle fakt\u00f3w dokonanych, szczeg\u00f3lnie w okresie ostatnich kilku lat, sprawa jest naprawd\u0119 powa\u017cna. Wykwaterowano w minionym okresie Garnizon Wojska Polskiego z Gda\u0144ska i przeniesiono do Gdyni. Ostatnie polskie oddzia\u0142y [<strong><em>lotnictwo<\/em><\/strong>] z Pruszcza Gda\u0144skiego zosta\u0142y wysiedlone we wrze\u015bniu 2009 roku. Przeniesiono dyrekcj\u0119 Poczty Polskiej do Lublina.<\/p>\r\n\r\n<p>Nie od rzeczy b\u0119dzie wspomnie\u0107, \u017ce w bardzo dziwnych okoliczno\u015bciach pa\u0144stwowa sp\u00f3\u0142ka niemiecka przej\u0119\u0142a Gda\u0144skie Przedsi\u0119biorstwo Energetyki Cieplnej, posiadaj\u0105ce monopol na ogrzewanie miasta. Zlikwidowano polsk\u0105 pras\u0119 w Gda\u0144sku, a jedyny tytu\u0142 jaki pozosta\u0142 Dziennik Ba\u0142tycki &#8211; dawniej pismo Stronnictwa Demokratycznego &#8211; przej\u0119li Niemcy.<\/p>\r\n\r\n<p>Przed kilku laty pod pretekstem naprawy <em>carillonu<\/em> na ratuszu przy ulicy D\u0142ugiej zlikwidowano, regularne odgrywanie Roty Marii Konopnickiej.<\/p>\r\n\r\n<p>W serii znaczk\u00f3w Miast Polskich nie ma Gda\u0144ska, a jest np. Elbl\u0105g. Sprawa ta jest bardzo powa\u017cna w \u015bwietle ostatnich orzecze\u0144 s\u0105downictwa krajowego, tak\u017ce w Gda\u0144sku, na temat w\u0142asno\u015bci materialnej na tych terenach i zupe\u0142nej bierno\u015bci legislacyjnej przez ostatnie 20 lat &#8211; polskiego rz\u0105du i Sejmu.<\/p>\r\n\r\n<p><em><strong>dr Jerzy Ja\u015bkowski<\/strong><\/em><\/p>","protected":false},"excerpt":{"rendered":"Przed ponad 6 laty napisa\u0142em artyku\u0142 pod powy\u017cszym tytu\u0142em. Praktycznie nie by\u0142o \u017cadnej reakcji tak zwykle agresywnych medi\u00f3w. \u0179aden z pos\u0142\u00f3w nawet nie pr\u00f3bowa\u0142 udzieli\u0107 odpowiedzi na to pytanie. Dw\u00f3ch ministr\u00f3w, goszcz\u0105cych na otwartych spotkaniach np. w Domu Technika w Gda\u0144sku, zmieni\u0142o szybko temat. To &#8211; niestety &#8211; tak\u017ce jest odpowiedzi\u0105. A sprawa jest niezwykle [&hellip;]","protected":false},"author":1,"featured_media":0,"comment_status":"closed","ping_status":"closed","sticky":false,"template":"","format":"standard","meta":{"_acf_changed":false,"_monsterinsights_skip_tracking":false,"_monsterinsights_sitenote_active":false,"_monsterinsights_sitenote_note":"","_monsterinsights_sitenote_category":0,"ngg_post_thumbnail":0,"footnotes":"","_wp_rev_ctl_limit":""},"categories":[9],"tags":[124],"acf":[],"_links":{"self":[{"href":"https:\/\/www.bibula.com\/index.php?rest_route=\/wp\/v2\/posts\/17525"}],"collection":[{"href":"https:\/\/www.bibula.com\/index.php?rest_route=\/wp\/v2\/posts"}],"about":[{"href":"https:\/\/www.bibula.com\/index.php?rest_route=\/wp\/v2\/types\/post"}],"author":[{"embeddable":true,"href":"https:\/\/www.bibula.com\/index.php?rest_route=\/wp\/v2\/users\/1"}],"replies":[{"embeddable":true,"href":"https:\/\/www.bibula.com\/index.php?rest_route=%2Fwp%2Fv2%2Fcomments&post=17525"}],"version-history":[{"count":0,"href":"https:\/\/www.bibula.com\/index.php?rest_route=\/wp\/v2\/posts\/17525\/revisions"}],"wp:attachment":[{"href":"https:\/\/www.bibula.com\/index.php?rest_route=%2Fwp%2Fv2%2Fmedia&parent=17525"}],"wp:term":[{"taxonomy":"category","embeddable":true,"href":"https:\/\/www.bibula.com\/index.php?rest_route=%2Fwp%2Fv2%2Fcategories&post=17525"},{"taxonomy":"post_tag","embeddable":true,"href":"https:\/\/www.bibula.com\/index.php?rest_route=%2Fwp%2Fv2%2Ftags&post=17525"}],"curies":[{"name":"wp","href":"https:\/\/api.w.org\/{rel}","templated":true}]}}