{"id":17201,"date":"2010-01-12T11:39:24","date_gmt":"2010-01-12T16:39:24","guid":{"rendered":"http:\/\/www.bibula.com\/?p=17201"},"modified":"2021-10-27T13:15:31","modified_gmt":"2021-10-27T17:15:31","slug":"odpowiedz-wladz-warszawy-ws-pomnika-ofiar-kl-warschau-komentarz-bibuly","status":"publish","type":"post","link":"https:\/\/www.bibula.com\/?p=17201","title":{"rendered":"Odpowied\u017a w\u0142adz Warszawy ws. pomnika Ofiar KL Warschau &#8211; komentarz <em>BIBU\u0141Y<\/em>"},"content":{"rendered":"<p>Przedstawiamy nades\u0142an\u0105 odpowied\u017a z upowa\u017cnienia Prezydenta Miasta Sto\u0142ecznego Warszawy, w sprawie z\u0142o\u017conego przez nas protestu o nieupami\u0119tnienie Ofiar KL Warschau, podczas manifestacji pod Ratuszem.<\/p>\r\n<p>Po zapoznaniu si\u0119 z pismem z dnia 10 listopada br., w sprawie upami\u0119tnienia Ofiar Obozu KL Warschau w Warszawie, uprzejmie informuj\u0119, \u017ce Prezydentowi Warszawy tak jak i Pa\u0144stwu zale\u017cy na godnym i w\u0142a\u015bciwym uhonorowaniu ofiar tego obozu.<\/p>\r\n<p>Wyja\u015bnienia zapewne wymaga, \u017ce do ustalania fakt\u00f3w historycznych powo\u0142ane s\u0105 specjalne instytucje rz\u0105dowe tj. Rada Ochrony Pami\u0119ci Walk i M\u0119cze\u0144stwa oraz Instytut Pami\u0119ci Narodowej, kt\u00f3rych stanowisko w tej sprawie Prezydent szanuje i uznaje. <span class=\"pullquote\">\u015aledztwo prowadzone przez G\u0142\u00f3wn\u0105 Komisj\u0119 \u015acigania Zbrodni Przeciwko Narodowi Polskiemu (IPN) w sprawie funkcjonowania Obozu KL Warschau nie potwierdzi\u0142o tez stawianych przez Pani\u0105 Mari\u0119 Trzci\u0144sk\u0105, w tym tez dot. okresu funkcjonowania Obozu, liczby podoboz\u00f3w, istnienia kom\u00f3r gazowych oraz liczby ofiar si\u0119gaj\u0105cych 200 tysi\u0119cy.<\/span><\/p>\r\n<p>Rada Ochrony Pami\u0119ci Walk i M\u0119cze\u0144stwa w pi\u015bmie z 25.11.2008r. Pozytywnie zaopiniowa\u0142a koncepcj\u0119 zrealizowania pomnika Ofiar KL Warschau na terenie skweru im. gen. Jana Jura-Gorzechowskiego czyli w rejonie w kt\u00f3rym istnienie tego Obozu jest udokumentowane. Proponowana przez ROPWiM lokalizacja upami\u0119tnienia w\u0142a\u015bnie w tym miejscu jest zdaniem Rady optymalnym rozwi\u0105zaniem wobec rozwoju powojennej zabudowy na obszarze dawnego obozu. W\u0142a\u015bciwy obszar KL Warschau obejmowa\u0142 bowiem obr\u0119b ulic: Zamenhofa, Wo\u0142y\u0144skiej, Ostrowskiej i dawnej G\u0119siej (obecnie Anielewicza). I w\u0142a\u015bnie w blisko\u015bci dawnej ul. G\u0119siej mia\u0142by stan\u0105\u0107 pomnik po\u015bwi\u0119cony ofiarom tego obozu.<\/p>\r\n<p>Na obecnym etapie, po przyj\u0119ciu przez Rad\u0119 Warszawy w dniu 22.10.09r. miejskiego projektu uchwa\u0142y w sprawie pomnika Ofiar Obozu KL Warschau w Warszawie, trwaj\u0105 przygotowania do zorganizowania konkursu architektoniczno-rze\u017abiarskiego na najlepsz\u0105 form\u0119 upami\u0119tnienia ofiar tego obozu. Mamy nadziej\u0119, \u017ce pomnik uda si\u0119 ods\u0142oni\u0107 w ci\u0105gu kilkunastu miesi\u0119cy, licz\u0105c te\u017c na wsp\u00f3\u0142prac\u0119 z Komitetem Budowy upami\u0119tnienia.<\/p>\r\n<p>z up. Prezydenta M. St. Warszawy<br>\r\n\/-\/ Jacek Wojciechowski<br>\r\nZast\u0119pca Prezydenta m. st. Warszawy<\/p>\r\n<p>&nbsp;<\/p>\r\n<blockquote>\r\n<p><strong>KOMENTARZ <em>BIBU\u0141Y<\/em><\/strong>: W pe\u0142ni zgadzamy si\u0119 z wyra\u017con\u0105 w li\u015bcie opini\u0105, i\u017c &#8222;<em>\u015aledztwo prowadzone przez G\u0142\u00f3wn\u0105 Komisj\u0119 \u015acigania Zbrodni Przeciwko Narodowi Polskiemu (IPN) w sprawie funkcjonowania Obozu KL Warschau nie potwierdzi\u0142o tez stawianych przez Pani\u0105 Mari\u0119 Trzci\u0144sk\u0105, w tym tez dot. okresu funkcjonowania Obozu, liczby podoboz\u00f3w, istnienia kom\u00f3r gazowych oraz liczby ofiar si\u0119gaj\u0105cych 200 tysi\u0119cy<\/em>&#8222;.<\/p>\r\n<p>Tak bowiem jest w istocie: \u015bledztwo, dokumenty, zeznania \u015bwiadk\u00f3w, itp, <strong>nie wykazuj\u0105<\/strong> istnienia kom\u00f3r gazowych na terenie obozu KL Warschau oraz nie potwierdzaj\u0105 bezzasadnie podanej przez samozwa\u0144czy autorytet w sprawie obozu KL Warschau, pani\u0105 s\u0119dzin\u0119 Trzci\u0144sk\u0105, liczby &#8222;200 tysi\u0119cy ofiar obozu&#8221;. Pisali\u015bmy o tym ju\u017c wcze\u015bniej, ale przypominamy, \u017ce po wnikliwej i obiektywnej lekturze ksi\u0105\u017cki pani Trzci\u0144skiej, nie ulega w\u0105tpliwo\u015bci, \u017ce Autorka wysuni\u0119tych tez nie podaje w istocie <strong>\u017cadnych dowod\u00f3w<\/strong> na ich poparcie. A\u017c dziw bierze, \u017ce takim nawiedzonym osobom jak pani Trzci\u0144ska oddaje si\u0119 mikrofony (Radio Maryja) i \u0142amy gazet (Nasz Dziennik), bez krytycznej analizy jej swobodnej tw\u00f3rczo\u015bci.<\/p>\r\n<p>Zamiast skupi\u0107 si\u0119 na rzetelnych badaniach dotycz\u0105cych realnych liczb ofiar niemieckich oboz\u00f3w koncentracyjnych &#8211;&nbsp; bada\u0144 nieskr\u0119powanych polityczn\u0105 poprawno\u015bci\u0105 i nie ska\u017conych straszakiem &#8222;antysemityzmu&#8221; &#8211; \u015brodowiska naukowe i dziennikarskie wspieraj\u0105ce pani\u0105 s\u0119dzin\u0119 wol\u0105 zajmowa\u0107 si\u0119 propagowaniem tez o astronomicznych ofiarach KL Warschau i &#8222;komorach gazowych\u201d w tym obozie. Pani Trzci\u0144ska, kt\u00f3ra opowiada niestworzone historie o &#8222;komorach gazowych\u201d (na\u2026 gaz miejski!) czy o rozsypywaniu popio\u0142\u00f3w spalonych 200 tysi\u0119cy ofiar do\u2026 miejskich studzienek \u015bciekowych, kieruje si\u0119 wymy\u015blon\u0105 przez siebie logik\u0105 i stosuje niezrozumia\u0142\u0105 arytmetyk\u0119 polegaj\u0105c\u0105 na dowolnym dobieraniu sk\u0142adnik\u00f3w do z g\u00f3ry ustalonego wyniku r\u00f3wnania. Brakuje ofiar? No to trzeba troch\u0119 odebra\u0107 od ofiar Powstania Warszawskiego, aby pasowa\u0142o. A\u017c dziwne, \u017ce te wszystkie opowiastki o <em>liczbie<\/em> ofiar i <em>przyczynie<\/em> ich \u015bmierci (wszak nikt nie neguje samego istnienia obozu, \u017ceby by\u0142o jasne, bo od razu posypi\u0105 si\u0119 zarzuty!), kupuj\u0105 pos\u0142owie Parlamentu. Na szcz\u0119\u015bcie s\u0105 jeszcze historycy z IPN-u, kt\u00f3rzy opieraj\u0105 si\u0119 na <em>faktach i dokumentach<\/em>, a nie na swobodnej interpretacji i zeznaniach kilku \u015bwiadk\u00f3w, jak na przyk\u0142ad b. wi\u0119\u017ania obozu KL Warschau, prof. Jana Moor-Jankowskiego, na kt\u00f3rego tak cz\u0119sto ostatnio niekt\u00f3rzy powo\u0142uj\u0105 si\u0119. Ale wystarczy wr\u00f3ci\u0107 do archiwalnych nagra\u0144 <em>Rozm\u00f3w Niedoko\u0144czonych<\/em> w Radio Maryja, by samemu wys\u0142ucha\u0107 jego wypowiedzi, bowiem nawet prof. Moor-Jankowski sam ze zdziwieniem dowiedzia\u0142 si\u0119 o &#8222;komorach gazowych\u201d podczas spotkania z egzaltowan\u0105 p. Trzci\u0144sk\u0105 na antenie Radia Maryja. Ten\u017ce \u015bwiadek <strong>nie wiedzia\u0142<\/strong> o rzekomo dzia\u0142aj\u0105cych &#8222;komorach gazowych&#8221; w obozie, w kt\u00f3rym przebywa\u0142, a\u017c do momentu gdy po kilkudziesi\u0119ciu latach po wojnie spotka\u0142 si\u0119 na antenie Radia Maryja z s\u0119dzin\u0105 Trzci\u0144ska, kt\u00f3ra kategorycznie mu o tym oznajmi\u0142a. Wys\u0142uchajcie Pa\u0144stwo raz jeszcze te nagrania by samemu si\u0119 przekona\u0107. Od czasu tego spotkania z p. Trzci\u0144sk\u0105 na antenie Radia Maryja, apologeci tez S\u0119dziny powo\u0142uj\u0105 si\u0119 na na autorytet prof. Moor-Jankowskiego, kt\u00f3ry rzekomo potwierdza\u0142 istnienie kom\u00f3r gazowych w KL Warschau.<\/p>\r\n<p>Czy Polsce naprawd\u0119 brakuje autentycznych miejsc ka\u017ani i bohater\u00f3w, czy nie stracili\u015bmy wystarczaj\u0105co du\u017co tkanki spo\u0142ecznej, \u017ce trzeba ucieka\u0107 si\u0119 do fikcji? Oby\u015bmy w przysz\u0142o\u015bci nie musieli s\u0142ono p\u0142aci\u0107 za tego typu kreowanie historii, oby w\u0142a\u015bnie nas, Polak\u00f3w nie obci\u0105\u017cono za fa\u0142szowanie historii &#8211; co zreszt\u0105 ju\u017c si\u0119 zaczyna dzia\u0107 gdy mowa o zawy\u017conej liczbie ofiar KL Auschwitz, bowiem m\u00f3wi si\u0119 o <em>Polakach<\/em>, a nie o powojennej bandzie komunistyczno-syjonistycznej sprawuj\u0105cej w\u0142adz\u0119 w Polsce, jako o sprawcach propagandowych &#8222;4 milion\u00f3w\u201d.<\/p>\r\n<p>Pani s\u0119dzina Maria Trzci\u0144ska wypisuje nieprawdopodobne historie o &#8222;200 tysi\u0105cach ofiar\u201d obozu KL Warschau, kt\u00f3rzy mieli by\u0107 gazowani\u2026 gazem ziemnym. To nic, \u017ce nie trzyma si\u0119 to logiki, bo i przytaczane przez pani\u0105 S\u0119dzin\u0119 zeznania \u015bwiadk\u00f3w przecz\u0105 samym sobie. Ot, jeden widzia\u0142 wnoszone butle z gazem, inny widzia\u0142 puszki z Cyklonem-B, a jeszcze inni &#8211; w tym mieszka\u0144cy pobliskich dom\u00f3w &#8211; &#8222;czuli gaz\u201d. Nic dziwnego, \u017ce &#8222;czuli gaz\u201d, wszak mieszkali obok gazowni, normalnej gazowni a nie obok &#8222;kom\u00f3r gazowych\u201d. A od gazowni do gazowania ludzi d\u0142uga droga, cho\u0107 pani S\u0119dzina, powo\u0142uj\u0105c si\u0119 na &#8222;\u015bwiadk\u00f3w\u201d skraca sobie t\u0119 drog\u0119 w imi\u0119 jakiej\u015b op\u0119ta\u0144czej ideologii. (A swoj\u0105 drog\u0105 by\u0142oby to chyba jedyne miejsce na \u015bwiecie tego typu, gdzie miano masowo &#8222;gazowa\u0107\u201d ludzi gazem ziemnym. No, ale musimy by\u0107 unikalni &#8211; tak przynajmniej s\u0105dzi pani S\u0119dzina.)<\/p>\r\n<p>Przy okazji powstaje pytanie kolejne: je\u015bli w innych niemieckich obozach koncentracyjnych r\u00f3wnie\u017c odkryto na sk\u0142adzie puszki z Cyklonem-B i w zwi\u0105zku z tym uznano je za \u015brodek masowego u\u015bmiercania ludzi w &#8222;komorach gazowych&#8221;, to dlaczego nie czyni tego pani Trzci\u0144ska w swojej teorii zag\u0142ady i woli ucieka\u0107 si\u0119 do absurdalnego gazu miejskiego? Oczywi\u015bcie i tego typu teza nie mia\u0142aby podstaw, warto bowiem przypomnie\u0107, \u017ce Cyklon-B by\u0142 masowo stosowanym przez Niemc\u00f3w \u015brodkiem owadob\u00f3jczym, stosowanym nie tylko w obozach koncentracyjnych, ale r\u00f3wnie\u017c np. w koszarach wojsk niemieckich &#8211; m.in. do odka\u017cania, odwszawiania ubra\u0144. Sk\u0142ady Cyklonu-B odkryto po wojnie w niemieckich koszarach np. na terenie Finlandii i jako\u015b nikomu nie przychodzi do g\u0142owy aby twierdzi\u0107, \u017ce Niemcy dopuszczali si\u0119 tam ludob\u00f3jstwa w komorach gazowych w tym kraju. Ludob\u00f3jstwo musi bowiem pozosta\u0107 niezmienn\u0105 cech\u0105 niemieckich oboz\u00f3w koncetracyjnych po\u0142o\u017conych na terenie dzisiejszej Polski, bowiem Polska musi kojarzy\u0107 si\u0119 niekt\u00f3rym z cmentarzem.<\/p>\r\n<p>W sumie: ostro\u017cnie z takimi S\u0119dzinami, wi\u0119cej rozeznania dla \u015brodowiska dziennikarskiego i gratulacje dla w\u0142adz Warszawy za &#8211; w tej i tylko w tej sprawie &#8211; zaj\u0119te rozs\u0105dne stanowisko.<\/p>\r\n<\/blockquote>\r\n<blockquote>\r\n<p>LISTY CZYTELNIK\u00d3W:<\/p>\r\n<pre>Pisze pare slow poniewaz nie spodziewalem sie ze \"bibula\" stanie\r\npo stronie oficjalnych wladz Warszawy i Polski a Pani Trzcinska\r\nzostanie tak bardzo ponizona - to ogromna perfidia z waszej strony!!!\r\nTo wpisuje sie w ta wielka propagande szkalujaca Polakow!\r\nDuzo by pisac o latach ciezkiej pracy Pani Trzcinskiej!!!\r\nTylko dwie sprawy porusze - dlaczego nie wspominacie o duzej\r\nilosci dowodow zdobytych w Niemczech\/komory gazowe\/ ?!\r\nJak to jest ze te ' polskie\" wladze od ponad 60-ciu lat tak bardzo\r\ndbaja o to aby sprawa KL-WARSCHAU nigdy nie ujrzala swiatla\r\ndziennego?! Dopiero uporczywe upominanie sie o pamiec przez ta\r\ndzielna kobiete doprowadzilo do tego ze \"nasze\" wladze laskawie\r\nzechca zafundowac Polakom skromna tablice!!!\r\nI jeszcze jedno - kreujecie sie na katolikow,prawice i wielkich\r\nPolakow a ta sprawa to kolejna odslona kim faktycznie jestescie.\r\nCzy mozna Was prosic o ZAMKNIECIE tej strony internetowej\r\ni zakonczenie oglupiania POLAKOW ????\r\nPozdrawiam Was.\r\nEdward Kupracz\r\nmarianedek@yahoo.com<\/pre>\r\n<p><strong>ODPOWIED\u0179 REDAKCJI<\/strong>: Mo\u017ce i praca pani Trzci\u0144skiej jest ci\u0119\u017cka &#8211; nie negujemy tego i doprawdy doceniamy Jej starania o przywo\u0142anie w pami\u0119ci narodowej tego zapomnianego, niemieckiego obozu koncentracyjnego. Zapomnianego oczywi\u015bcie r\u00f3wnie\u017c dlatego, gdy\u017c wykorzystywany by\u0142 po wojnie przez w\u0142adze okupuj\u0105ce Polsk\u0119, czyli band\u0119 komunistyczn\u0105-syjonistyczn\u0105. Nigdy te\u017c nie negowali\u015bmy istnienia tego obozu, lecz emocjonalni zwolennicy tez S\u0119dziny jako\u015b nie maj\u0105 cierpliwo\u015bci aby do ko\u0144ca przeczyta\u0107 nasze komentarze.<br>\r\nZ ca\u0142ym szacunkiem co do w\u0142o\u017conej pracy, nie zgadzamy si\u0119 jednak z wysuni\u0119tymi tezami o funkcjonowaniu w tym obozie &#8222;kom\u00f3r gazowych&#8221; oraz z fantastyczn\u0105 liczb\u0105 &#8222;200 tysi\u0119cy ofiar&#8221;. Na zarzuty, i\u017c &#8222;nie wspominamy o du\u017cej ilo\u015bci dowod\u00f3w zdobytych w Niemczech\/komory gazowe&#8221;, odpowiadamy skromnie: prosimy o udost\u0119pnienie nam wiarygodnych dowod\u00f3w na istnienie i funkcjonowanie takowych kom\u00f3r w KL Warschau, to mo\u017ce podyskutujemy, bo jak do tej pory opracowania pani S\u0119dziny w tej dziedzinie s\u0105 infantylnie nielogiczne, za\u015b profesjonalni naukowcy i historycy nie s\u0105 w stanie przedstawi\u0107 takich dowod\u00f3w. Czekamy zatem na dowody.<\/p>\r\n<p>A za cenzorsk\u0105 rad\u0119 co do przysz\u0142ej dzia\u0142alno\u015bci <em>BIBU\u0141Y<\/em> &#8211; dzi\u0119kujemy, ale nie skorzystamy.<\/p>\r\n<\/blockquote>\r\n<p class=\"zrodlo\">Za: <a href=\"http:\/\/www.owp.org.pl\/index.php?option=com_content&amp;task=view&amp;id=183&amp;Itemid=1\">Ob\u00f3z Wielkiej Polski<\/a><\/p>\r\n<h4>&nbsp;<\/h4>\r\n<hr style=\"background-color: #000000; border-width: 0; color: #000000; height: 2px; line-height: 0; text-align: center; width: 100%;\">\r\n<h4>&nbsp;<\/h4>\r\n<h4><strong>Komentarz internauty pod tekstem: &#8222;<\/strong><a href=\"http:\/\/ewinia.nowyekran.pl.neon24.pl\/post\/133611,kl-warschau-niemiecki-oboz-koncentracyjny-w-warszawie\"><strong><span style=\"text-decoration: underline;\">KL Warschau Niemiecki ob\u00f3z koncentracyjny w Warszawie<\/span>&#8222;<\/strong><\/a><\/h4>\r\n<div class=\"comment_body dNewEmbd\">Tzw. KL Warschau &#8211; to jest fa\u0142szywka Przedsi\u0119biorstwa Holokaust, w kt\u00f3rej kot\u0142ownia z 1951 r. pos\u0142u\u017cy\u0142a jako \u201ekrematorium\u201d, a pochodz\u0105ce z 1972 r. komory wentylacyjne tunelu pod torami kolejowymi (dworzec Warszawa Zach.) &#8211; jako \u201ebanie gazotw\u00f3rcze\u201d.<br>\r\n<br>\r\nJest to szata\u0144ski pomys\u0142 realizowany dla podtrzymania sypi\u0105cego si\u0119 od wielu lat mitu milion\u00f3w ofiar kom\u00f3r gazowych w obozach koncentracyjnych. W tym celu, za cen\u0119 zdemonopolizowania poj\u0119cia \u201eholokaust\u201d, kt\u00f3re by\u0142o nale\u017cne tylko \u201enarodowi wybranemu\u201d &#8211; podsuni\u0119to Polakom jakoby nieznany w\u0105tek martyrologii narodowej, podk\u0142adaj\u0105c haczyk w postaci masowego gazowania ludzi w komorze gazowej, utworzonej w tunelu. Niech no teraz kt\u00f3ry\u015b spr\u00f3buje mie\u0107 jakie\u015b w\u0105tpliwo\u015bci w tej sprawie &#8211; nie ma prawa, bo przecie\u017c tam gin\u0119li masowo nasi rodacy! W ten spos\u00f3b &#8211; haczyk zosta\u0142 po\u0142kni\u0119ty, no bo je\u017celi kto\u015b prze\u0142kn\u0105\u0142 te opowiastki o \u201ebaniach gazotw\u00f3rczych\u201d, to nie mo\u017ce mie\u0107 w\u0105tpliwo\u015bci co do istnienia kom\u00f3r gazowych w Auschwitz i innych obozach koncentracyjnych! Oczywi\u015bcie &#8211; Polacy mieli sw\u00f3j holokaust w czasie II wojny \u015bwiatowej, jednak nie (a przynajmniej &#8211; nie przede wszystkim) w Warszawie i nie przy pomocy domniemanej komory do gazowania utworzonej w tunelu!<br>\r\n<br>\r\nKomora gazowa w tunelu &#8211; to jest kategoria holo-mitu, w tym przypadku maj\u0105cego na celu wykorzystanie w\u0142a\u015bnie liczby 200 tysi\u0119cy mieszka\u0144c\u00f3w Warszawy, zabitych i zaginionych w powstaniu warszawskim i jakby wt\u0142oczenie ich w \u017cydowski holokaust. Tym bardziej, \u017ce w miejscu domniemanego krematorium KL Warschau zbudowano Muzeum Historii \u017byd\u00f3w Polskich. Sprawa kom\u00f3r gazowych w tunelu (na gaz miejski!) to oczywisty nonsens z technicznego punktu widzenia, wi\u0119kszy ni\u017c w przypadku Auschwitz, natomiast co do \u201eKL Warschau\u201d &#8211; mo\u017ce nie wyrazi\u0142em si\u0119 precyzyjnie, ale nie chodzi\u0142o mi o zanegowanie poj\u0119cia jako takiego, lecz jego \u201eholokaustycznej\u201d wersji w wydaniu prof. Trzci\u0144skiej.<br>\r\n<br>\r\nNale\u017cy sobie postawi\u0107 zasadnicze pytanie: jak to mo\u017cliwe, aby istnia\u0142 ob\u00f3z koncentracyjny w milionowym mie\u015bcie i nikt z mieszka\u0144c\u00f3w o tym nie wiedzia\u0142? Na pewno nie by\u0142o na terenie Warszawy obozu w rodzaju Auschwitz lub Majdanka, a pojawiaj\u0105ce si\u0119 w dokumentacji niemieckiej okre\u015blenie \u201eKL Warschau\u201d &#8211; by\u0142o to prawdopodobnie okre\u015blenie administracyjne scalonych, istniej\u0105cych na terenie Warszawy wi\u0119zie\u0144 (ul. G\u0119sia, Pawiak) oraz niewielkich oboz\u00f3w pracy &#8211; przy dworcu Warszawa Zachodnia, gdzie przebywali \u017bydzi pracuj\u0105cy na rzecz kolei niemieckich Ostbahn oraz obozu utworzonego na terenie Getta, po jego likwidacji w 1943 r., gdzie pracowali \u017bydzi przy pracach rozbi\u00f3rkowych.<br>\r\n<br>\r\nNatomiast ob\u00f3z na Kole jest wymys\u0142em prof. Trzci\u0144skiej, gdy\u017c nie potwierdzaj\u0105 tego \u015bwiadkowie mieszkaj\u0105cy w\u00f3wczas na tym terenie, w tym Jan Sitnik, w latach 1938-1978 proboszcz lokalnego ko\u015bcio\u0142a, po\u0142o\u017conego 700 metr\u00f3w od rzekomego obozu. By\u0107 mo\u017ce, rol\u0119 rzekomego obozu mia\u0142o pe\u0142ni\u0107 na zdj\u0119ciach lotniczych robotnicze osiedle, zbudowane tam\u017ce w 1935 r. i nie by\u0142oby to dziwne w sytuacji, gdy kot\u0142ownia mia\u0142a pe\u0142ni\u0107 rol\u0119 krematorium.<br>\r\n<br>\r\nPrzy wszelkich zastrze\u017ceniach do IPN-u, jest to oficjalna instytucja do badania tego rodzaju spraw i je\u017celi ta instytucja nie potwierdza wersji prof. Trzci\u0144skiej &#8211; to w\u0142a\u015bciwie dlaczego mamy w ni\u0105 \u015blepo wierzy\u0107? W zwi\u0105zku za\u015b z obozem nasuwa si\u0119 pytanie &#8211; jak to by\u0142o, \u017ce AK wywiadowczo nie rozpracowa\u0142a, nie obfotografowa\u0142a, i nie nag\u0142o\u015bni\u0142a tego\u017c obozu.<br>\r\n<br>\r\nNie rozbi\u0142a istniej\u0105cymi oddzia\u0142ami i nie wypu\u015bci\u0142a wi\u0119\u017ani\u00f3w, a Rz\u0105d Londy\u0144ski nie wymusi\u0142 na \u201esojusznikach\u201d dzia\u0142a\u0144 odwetowych przeciw ludno\u015bci niemieckiej i przedstawienia ultimatum Niemcom, jak ju\u017c po piwie, to jest na ko\u0144cu Powstania, co udowadnia, \u017ce by\u0142o to mo\u017cliwe.<br>\r\n<br>\r\nCzym zajmowa\u0142a si\u0119 AK, skoro nie rozpracowa\u0142a obozu zag\u0142ady, podobnie jak nie udzieli\u0142a pomocy r\u017cni\u0119tym \u017cywcem Polakom na Wo\u0142yniu i w Ma\u0142opolsce Wschodniej.<br>\r\n<br>\r\nOdpowied\u017a w\u0142adz Warszawy ws. pomnika Ofiar KL Warschau &#8211; komentarz Bibu\u0142y.<br>\r\n<a href=\"http:\/\/www.bibula.com\/?p=17201\" target=\"_blank\" rel=\"noopener\">http:\/\/www.bibula.com\/?p=17201<\/a>\r\n<div class=\"comment_options\">&nbsp;\r\n\r\n<div class=\"post_author\"><a class=\"post_author_link\" href=\"http:\/\/att.neon24.pl\/\">Andrzej Tokarski<\/a> <span class=\"post_date\">06.09.2016 11:13:57<\/span>\r\n<h4>&nbsp;<\/h4>\r\n<hr style=\"background-color: #000000; border-width: 0; color: #000000; height: 2px; line-height: 0; text-align: center; width: 100%;\">\r\n<h4>&nbsp;<\/h4>\r\n<\/div>\r\n<\/div>\r\n<\/div>","protected":false},"excerpt":{"rendered":"Przedstawiamy nades\u0142an\u0105 odpowied\u017a z upowa\u017cnienia Prezydenta Miasta Sto\u0142ecznego Warszawy, w sprawie z\u0142o\u017conego przez nas protestu o nieupami\u0119tnienie Ofiar KL Warschau, podczas manifestacji pod Ratuszem. Po zapoznaniu si\u0119 z pismem z dnia 10 listopada br., w sprawie upami\u0119tnienia Ofiar Obozu KL Warschau w Warszawie, uprzejmie informuj\u0119, \u017ce Prezydentowi Warszawy tak jak i Pa\u0144stwu zale\u017cy na godnym [&hellip;]","protected":false},"author":1,"featured_media":0,"comment_status":"closed","ping_status":"closed","sticky":false,"template":"","format":"standard","meta":{"_acf_changed":false,"_monsterinsights_skip_tracking":false,"_monsterinsights_sitenote_active":false,"_monsterinsights_sitenote_note":"","_monsterinsights_sitenote_category":0,"ngg_post_thumbnail":0,"footnotes":"","_wp_rev_ctl_limit":""},"categories":[8],"tags":[20,59],"acf":[],"_links":{"self":[{"href":"https:\/\/www.bibula.com\/index.php?rest_route=\/wp\/v2\/posts\/17201"}],"collection":[{"href":"https:\/\/www.bibula.com\/index.php?rest_route=\/wp\/v2\/posts"}],"about":[{"href":"https:\/\/www.bibula.com\/index.php?rest_route=\/wp\/v2\/types\/post"}],"author":[{"embeddable":true,"href":"https:\/\/www.bibula.com\/index.php?rest_route=\/wp\/v2\/users\/1"}],"replies":[{"embeddable":true,"href":"https:\/\/www.bibula.com\/index.php?rest_route=%2Fwp%2Fv2%2Fcomments&post=17201"}],"version-history":[{"count":3,"href":"https:\/\/www.bibula.com\/index.php?rest_route=\/wp\/v2\/posts\/17201\/revisions"}],"predecessor-version":[{"id":128753,"href":"https:\/\/www.bibula.com\/index.php?rest_route=\/wp\/v2\/posts\/17201\/revisions\/128753"}],"wp:attachment":[{"href":"https:\/\/www.bibula.com\/index.php?rest_route=%2Fwp%2Fv2%2Fmedia&parent=17201"}],"wp:term":[{"taxonomy":"category","embeddable":true,"href":"https:\/\/www.bibula.com\/index.php?rest_route=%2Fwp%2Fv2%2Fcategories&post=17201"},{"taxonomy":"post_tag","embeddable":true,"href":"https:\/\/www.bibula.com\/index.php?rest_route=%2Fwp%2Fv2%2Ftags&post=17201"}],"curies":[{"name":"wp","href":"https:\/\/api.w.org\/{rel}","templated":true}]}}