{"id":1715,"date":"2008-02-19T19:31:48","date_gmt":"2008-02-19T19:31:48","guid":{"rendered":""},"modified":"2018-02-19T11:48:06","modified_gmt":"2018-02-19T16:48:06","slug":"kardyna-walter-kasper-zoy-rezygnacj","status":"publish","type":"post","link":"https:\/\/www.bibula.com\/?p=1715","title":{"rendered":"Kardyna\u0142 Walter Kasper z\u0142o\u017cy\u0142 rezygnacj\u0119?"},"content":{"rendered":"<p>Kardyna\u0142 Walter Kasper, niemiecki duchowny, teolog, wysoki rang\u0105 hierarcha watyka\u0144ski, z\u0142o\u017cy\u0142 rezygnacj\u0119 z funkcji prezydenta Papieskiej Rady do spraw Popierania Jedno\u015bci Chrze\u015bcijan &#8211; informuje w kr\u00f3tkiej nocie niemiecki serwis katolicki kreuz.net, powo\u0142uj\u0105c si\u0119 na informacje pochodz\u0105ce z Radia Watyka\u0144skiego.<br>\r\n <br>\r\n Kardyna\u0142 Kasper, kt\u00f3ry 5 marca br. ko\u0144czy 75 lat i zgodnie z przepisami zobowi\u0105zany jest do z\u0142o\u017cenia rezygnacji, mia\u0142 wyrazi\u0107 pragnienie kontynuowania dotychczasowej dzia\u0142alno\u015bci na polu &#8222;dialogu ekumenicznego&#8221;.<br>\r\n <br>\r\n Papie\u017c mo\u017ce zaakceptowa\u0107 b\u0105d\u017a odrzuci\u0107 pro\u015bb\u0119 kardyna\u0142a wystosowywan\u0105 po osi\u0105gni\u0119ciu wieku emerytalnego, jakkolwiek niedawna niespodziewana rezygnacja innego niemieckiego hierarchy &#8211; kardyna\u0142a Karla Lehmanna, z funkcji przewodnicz\u0105cego Konferencji Biskup\u00f3w Niemieckich, pozwala s\u0105dzi\u0107, \u017ce papie\u017c Benedykt XVI zamierza zreorganizowa\u0107 niemiecki Ko\u015bci\u00f3\u0142, odsuwaj\u0105c na bok najbardziej skrajnie liberalnych hierarch\u00f3w.<\/p>\r\n<p>Kardyna\u0142 Kasper by\u0142 wsp\u00f3\u0142przewodnicz\u0105cym Katolicko-Lutera\u0144skiej Komisji Promowania Jedno\u015bci Chrze\u015bcijan, a w marcu 2001 roku papie\u017c Jan Pawe\u0142 II powo\u0142a\u0142 go na prezydenta Papieskiej Rady do spraw Popierania Jedno\u015bci Chrze\u015bcijan.<\/p>","protected":false},"excerpt":{"rendered":"Kardyna\u0142 Walter Kasper, niemiecki duchowny, teolog, wysoki rang\u0105 hierarcha watyka\u0144ski, z\u0142o\u017cy\u0142 rezygnacj\u0119 z funkcji prezydenta Papieskiej Rady do spraw Popierania Jedno\u015bci Chrze\u015bcijan &#8211; informuje w kr\u00f3tkiej nocie niemiecki serwis katolicki kreuz.net, powo\u0142uj\u0105c si\u0119 na informacje pochodz\u0105ce z Radia Watyka\u0144skiego. Kardyna\u0142 Kasper, kt\u00f3ry 5 marca br. ko\u0144czy 75 lat i zgodnie z przepisami zobowi\u0105zany jest do [&hellip;]","protected":false},"author":1,"featured_media":0,"comment_status":"closed","ping_status":"open","sticky":false,"template":"","format":"standard","meta":{"_acf_changed":false,"_monsterinsights_skip_tracking":false,"_monsterinsights_sitenote_active":false,"_monsterinsights_sitenote_note":"","_monsterinsights_sitenote_category":0,"ngg_post_thumbnail":0,"footnotes":"","_wp_rev_ctl_limit":""},"categories":[3],"tags":[166,33],"acf":[],"_links":{"self":[{"href":"https:\/\/www.bibula.com\/index.php?rest_route=\/wp\/v2\/posts\/1715"}],"collection":[{"href":"https:\/\/www.bibula.com\/index.php?rest_route=\/wp\/v2\/posts"}],"about":[{"href":"https:\/\/www.bibula.com\/index.php?rest_route=\/wp\/v2\/types\/post"}],"author":[{"embeddable":true,"href":"https:\/\/www.bibula.com\/index.php?rest_route=\/wp\/v2\/users\/1"}],"replies":[{"embeddable":true,"href":"https:\/\/www.bibula.com\/index.php?rest_route=%2Fwp%2Fv2%2Fcomments&post=1715"}],"version-history":[{"count":0,"href":"https:\/\/www.bibula.com\/index.php?rest_route=\/wp\/v2\/posts\/1715\/revisions"}],"wp:attachment":[{"href":"https:\/\/www.bibula.com\/index.php?rest_route=%2Fwp%2Fv2%2Fmedia&parent=1715"}],"wp:term":[{"taxonomy":"category","embeddable":true,"href":"https:\/\/www.bibula.com\/index.php?rest_route=%2Fwp%2Fv2%2Fcategories&post=1715"},{"taxonomy":"post_tag","embeddable":true,"href":"https:\/\/www.bibula.com\/index.php?rest_route=%2Fwp%2Fv2%2Ftags&post=1715"}],"curies":[{"name":"wp","href":"https:\/\/api.w.org\/{rel}","templated":true}]}}