{"id":17007,"date":"2009-12-29T09:41:47","date_gmt":"2009-12-29T14:41:47","guid":{"rendered":"http:\/\/www.bibula.com\/?p=17007"},"modified":"2009-12-29T09:41:47","modified_gmt":"2009-12-29T14:41:47","slug":"arbeit-macht-freier-stanislaw-michalkiewicz","status":"publish","type":"post","link":"https:\/\/www.bibula.com\/?p=17007","title":{"rendered":"Arbeit macht Freier &#8211; <em>Stanis\u0142aw Michalkiewicz<\/em>"},"content":{"rendered":"<p>No i co tu m\u00f3wi\u0107 o post\u0119pie, kiedy za Hitlera taka rzecz nigdy by si\u0119 nie zdarzy\u0142a? M\u00f3wi\u0119 oczywi\u015bcie o kradzie\u017cy napisu \u201e<em>Arbeit macht frei<\/em>\u201d umieszczonego nad bram\u0105 wej\u015bciow\u0105 obozu w O\u015bwi\u0119cimiu, kt\u00f3rego nazwa zosta\u0142a niedawno zatwierdzona w brzmieniu niemieckim, \u017ce \u201e<em>w Auschwitz<\/em>\u201d, \u017ceby nie kusi\u0107 z\u0142ego w postaci freudowskich pomy\u0142ek, jakim coraz cz\u0119\u015bciej ulegaj\u0105 zachodni gryzipi\u00f3rowie. Wprawdzie ci zachodni gryzizpi\u00f3rowie to oczywi\u015bcie banda idiot\u00f3w, kt\u00f3rzy niczego nie wiedz\u0105, ale idiot\u00f3w cwanych. Wprawdzie niczego nie wiedz\u0105, ale jedno wiedz\u0105 &#8211; \u017ce trzeba s\u0142ucha\u0107 starszych i m\u0105drzejszych. Je\u015bli zatem starsi i m\u0105drzejsi dadz\u0105 rozkaz, \u017ce trzeba si\u0119 myli\u0107 na temat przynale\u017cno\u015bci narodowej oboz\u00f3w zag\u0142ady &#8211; to si\u0119 myl\u0105 w podskokach. Tak samo stadnie reaguj\u0105 czytelnicy chlipi\u0105cy swoja intelektualna zup\u0119 z \u201e<em>Gazety Wyborczej<\/em>\u201d; jak redaktorowi Michnikowi zepsuje si\u0119 telefon, to zupe\u0142nie nie wiemy, co my\u015blimy. A jak si\u0119 naprawi &#8211; to znowu my\u015blimy, jak si\u0119 nale\u017cy.<\/p>\r\n\r\n<p>A w og\u00f3le z przynale\u017cno\u015bci\u0105 narodow\u0105 owych oboz\u00f3w jest k\u0142opot, bo wprawdzie nie s\u0105 one, ma si\u0119 rozumie\u0107, \u201e<em>polskie<\/em>\u201d, a najlepszym tego dowodem jest deklaracja pana Kukiza, kt\u00f3ry ka\u017cdemu, kto si\u0119 w tej sprawie pomyli, grozi niezawis\u0142ym s\u0105dem &#8211; ale nie s\u0105 te\u017c \u201e<em>niemieckie<\/em>\u201d. S\u0105 \u201e<em>nazistowskie<\/em>\u201d &#8211; a wi\u0119c przynale\u017c\u0105 do narodu dzisiaj ju\u017c wymar\u0142ego, jak Jad\u017awingowie, Prusowie, czy wcze\u015bniej &#8211; Sumerowie. Jakie by\u0142y przyczyny wygini\u0119cia \u201e<em>nazist\u00f3w<\/em>\u201d? Tego nikt dok\u0142adnie nie wie, bo kto by tam wierzy\u0142 wymys\u0142om autor\u00f3w sowieckiej encyklopedii, pisz\u0105cym, \u017ce \u201e<em>obawiaj\u0105c si\u0119 s\u0105du zagniewanego ludu, Hitler&#8230;<\/em>\u201d &#8211; i tak dalej. W tej sytuacji nie wiadomo, czy \u201e<em>nazi\u015bci<\/em>\u201d wymarli na przyk\u0142ad wskutek globalnego ocieplenia, czy te\u017c mo\u017ce w nast\u0119pstwie jakiego\u015b zapomnianego holokaustu?<\/p>\r\n\r\n<p>Tej ostatniej mo\u017cliwo\u015bci wykluczy\u0107 nie mo\u017cna, bo w\u0142a\u015bnie m\u00f3j spostrzegawczy przyjaciel opowiedzia\u0142 mi o wystawie zorganizowanej w Pary\u017cu z okazji rocznicy tzw. zburzenia muru berli\u0144skiego. Najbardziej spektakularnym i przejmuj\u0105cym elementem tej wystawy by\u0142o przedstawienie cierpie\u0144 niemieckich kobiet i dzieci, no i oczywi\u015bcie &#8211; zniszcze\u0144 Berlina. Ka\u017cdy m\u00f3g\u0142 si\u0119 na w\u0142asne oczy przekona\u0107, kto by\u0142 najwi\u0119ksz\u0105 ofiar\u0105 II wojny \u015bwiatowej &#8211; je\u015bli oczywi\u015bcie nie liczy\u0107 \u017byd\u00f3w z ichnim holokaustem. W takiej sytuacji tylko patrze\u0107, jak dwa holokausty dojd\u0105 mi\u0119dzy sob\u0105 do porozumienia i w atmosferze pokojowego wsp\u00f3\u0142istnienia, dokonaj\u0105 ostatecznej interpretacji Historii, kt\u00f3ra oczywi\u015bcie surowo os\u0105dzi narody wytypowane na sprawc\u00f3w owych holokaust\u00f3w, w nast\u0119pstwie czego zostan\u0105 one wzi\u0119te pod kuratel\u0119 starszych i m\u0105drzejszych. A je\u015bli nawet nie wszystkie, to w ka\u017cdym razie &#8211; ten m\u0142odszy i g\u0142upszy &#8211; ju\u017c na pewno. Ju\u017c bowiem cho\u0107by z faktu kradzie\u017cy napisu znad obozowej bramy wida\u0107, \u017ce o\u015bwi\u0119cimscy tubylcy nie radz\u0105 sobie z problemami, kt\u00f3re Adolf Hitler ze swoimi \u201e<em>nazistami<\/em>\u201d pokonywa\u0142 bez trudu.<\/p>\r\n\r\n<p>Czy bowiem mo\u017cemy wyobrazi\u0107 sobie, by za Hitlera jacy\u015b z\u0142odziejaszkowie, niechby nawet dzia\u0142aj\u0105cy na zlecenie \u201e<em>szalonego kolekcjonera<\/em>\u201d, ukradli napis znad obozowej bramy, po\u0142o\u017conej tu\u017c ko\u0142o wartowni, opatrzonej w ca\u0142odobowy monitoring okolicy z bram\u0105 na czele? To ju\u017c pr\u0119dzej zostaliby bez ostrze\u017cenia zastrzeleni, nie m\u00f3wi\u0105c ju\u017c o tym, \u017ce nie mieliby poj\u0119cia ani o systemie owego monitoringu, ani nawet o systemie pracy obozowych stra\u017cnik\u00f3w &#8211; co podobnie\u017c wiedzieli sprawcy kradzie\u017cy od owego \u201e<em>szalonego kolekcjonera<\/em>\u201d. Wida\u0107 wyra\u017anie, \u017ce ten ca\u0142y kolekcjoner wcale nie by\u0142 taki \u201e<em>szalony<\/em>\u201d. Przeciwnie &#8211; tak\u0105 spostrzegawczo\u015b\u0107, kt\u00f3rej nie powstydzi\u0142aby si\u0119 \u017cadna razwiedka z izraelskim Mosadem na czele, nie tylko przynosi mu zaszczyt, ale r\u00f3wnie\u017c \u015bwiadczy o jego mo\u017cliwo\u015bciach, kt\u00f3re znowu, nolens volens, musimy por\u00f3wna\u0107 z mo\u017cliwo\u015bciami najs\u0142awniejszych razwiedek, do kt\u00f3rych nie wypada nie zaliczy\u0107 Mosadu. Kt\u00f3\u017c inny by\u0142by w stanie spowodowa\u0107 o\u015blepienie ca\u0142odobowego monitoringu, niczym w celach, gdzie powywieszali si\u0119 przest\u0119pcy zamieszani w zab\u00f3jstwo Krzysztofa Olewnika, kt\u00f3\u017c inny by\u0142by w stanie u\u015bpi\u0107 czujno\u015b\u0107 stra\u017cnik\u00f3w tak, \u017ceby nie zauwa\u017cyli demonta\u017cu solidnej stalowej ramy z napisem, umieszczonej wysoko nad bram\u0105 w rz\u0119si\u015bcie o\u015bwietlonym miejscu tu\u017c pod w\u0142asnym nosem?<\/p>\r\n\r\n<p>Ju\u017c staro\u017cytni Rzymianie zauwa\u017cyli, \u017ce \u201e<em>nie ma takiej bramy, kt\u00f3rej nie przeszed\u0142by osio\u0142 ob\u0142adowany z\u0142otem<\/em>\u201d, ale &#8211; powiedzmy sobie szczerze &#8211; kt\u00f3ry\u017c to z tubylczych \u201e<em>szalonych kolekcjoner\u00f3w<\/em>\u201d jest a\u017c tak ob\u0142adowany z\u0142otem, \u017ceby sta\u0107 go by\u0142o na sforsowanie o\u015bwi\u0119cimskiej bramy? Jedyny, kt\u00f3ry przychodzi mi do g\u0142owy, to razwiedka, kt\u00f3ra chyba nie roztrwoni\u0142a jeszcze gigantycznej forsy kradzionej przez 18 lat z Pewexu\u201d i lokowanej w szwajcarskich bankach? Wprawdzie niedawno s\u0142yszeli\u015bmy, jak to jaki\u015b Turek ukrad\u0142 genera\u0142owi Gromos\u0142awowi Czempi\u0144skiemu 2 miliony dolar\u00f3w ze szwajcarskiego konta, ale genera\u0142 podobnie\u017c nawet nie zauwa\u017cy\u0142, \u017ce co\u015b mu uby\u0142o, wi\u0119c mo\u017cna si\u0119 domy\u015bli\u0107, \u017ce troch\u0119 tego z\u0142ota tam jest. No, daj Bo\u017ce ka\u017cdemu, chocia\u017c, ma si\u0119 rozumie\u0107, niekoniecznie ukradzionego &#8211; ale po co w\u0142a\u015bciwie tubylczej razwiedce napis znad o\u015bwi\u0119cimskiej bramy? W \u201e<em>szale\u0144stwo<\/em>\u201d kolekcjonerskie nie bardzo chce mi si\u0119 wierzy\u0107, chyba, \u017ceby za Szekspirem przyj\u0105\u0107, \u017ce \u201e<em>w tym szale\u0144stwie jest metoda<\/em>\u201d.<\/p>\r\n\r\n<p>Bo kiedy tylko wczesnym rankiem okaza\u0142o si\u0119, \u017ce napis zosta\u0142 skradziony, ju\u017c z dalekiego Izraela da\u0142y si\u0119 s\u0142ysze\u0107 g\u0142osy, \u017ce to pocz\u0105tek \u201e<em>wojny przeciw \u017bydom<\/em>\u201d. Sk\u0105d w Izraelu mogli wiedzie\u0107 takie rzeczy, skoro nawet \u015bwiat\u0142o nie zosta\u0142o jeszcze oddzielone od ciemno\u015bci? Jedyne wyja\u015bnienie, jakie w tej sytuacji przychodzi mi do g\u0142owy, to takie, \u017ce \u201e<em>szalony kolekcjoner<\/em>\u201d, to tylko taki pseudonim s\u0142awnego Mosadu. No dobrze, ale po co napis znad o\u015bwi\u0119cimskiej bramy potrzebny by\u0142by Mosadowi? On Mosadowi by\u0142by potrzebny, jak psu pi\u0105ta noga, natomiast potrzebne mog\u0142o by\u0107 nag\u0142o\u015bnienie sprawy i kompromitacja tubylczych w\u0142adz, co to nie potrafi\u0105 radzi\u0107 sobie z problemami, kt\u00f3re Adolf Hitler &#8211; i tak dalej. A po co Mosadowi takie nag\u0142o\u015bnienie i taka kompromitacja? Aaa, bo wytwarza to atmosfer\u0119 sprzyjaj\u0105c\u0105 realizacji scenariusza, w ramach kt\u00f3rego mog\u0142oby zosta\u0107 przeprowadzone nie tylko postulowane w majowej deklaracji CDU-CSU \u201e<em>uznanie praw<\/em>\u201d niemieckich wyp\u0119dzonych, ale r\u00f3wnie\u017c &#8211; w nast\u0119pnym etapie &#8211; pokojowe zrewidowanie nast\u0119pstw krzywdz\u0105cych postanowie\u0144 konferencji czterech mocarstw w Poczdamie, no i utworzenie \u017bydolandu na pozosta\u0142ej cz\u0119\u015bci \u201e<em>polskiego terytorium etnograficznego<\/em>\u201d.<\/p>\r\n\r\n<p>W ko\u0144cu po co\u015b Izrael \u201e<em>wykupuje Polsk\u0119, W\u0119gry i Manhattan<\/em>\u201d &#8211; jak to wypsn\u0119\u0142o si\u0119 prezydentowi Peresowi, po co\u015b organizuje si\u0119 presj\u0119 na Polsk\u0119, by organizacjom przemys\u0142u holokaustu wyp\u0142aci\u0142a haracz w wysoko\u015bci 65 mld dolar\u00f3w, dzi\u0119ki czemu to \u201e<em>wykupywanie<\/em>\u201d mo\u017ce okaza\u0107 si\u0119 darmowe, no i po co\u015b starsi i m\u0105drzejsi d\u0105\u017c\u0105 do obsadzenia w Polsce wszystkich stanowisk, \u201e<em>od komuny a\u017c do kleru<\/em>\u201d tajnymi wsp\u00f3\u0142pracownikami, co to \u201e<em>bez swojej wiedzy i zgody<\/em>\u201d. Kt\u00f3\u017c to wszystko zrobi lepiej od nich?<\/p>\r\n\r\n<p><strong><em>Stanis\u0142aw Michalkiewicz<\/em><\/strong><\/p>\r\n\r\n<p>Felieton \u00a0<strong>\u2022<\/strong> tygodnik \u201eNasza Polska\u201d \u00a0<strong>\u2022<\/strong> 29 grudnia 2009<\/p>\r\n\r\n<p><em>Sta\u0142y komentarz Stanis\u0142awa Michalkiewicza ukazuje si\u0119 w ka\u017cdym numerze tygodnika \u201eNasza Polska\u201d.<\/em><\/p>","protected":false},"excerpt":{"rendered":"No i co tu m\u00f3wi\u0107 o post\u0119pie, kiedy za Hitlera taka rzecz nigdy by si\u0119 nie zdarzy\u0142a? M\u00f3wi\u0119 oczywi\u015bcie o kradzie\u017cy napisu \u201eArbeit macht frei\u201d umieszczonego nad bram\u0105 wej\u015bciow\u0105 obozu w O\u015bwi\u0119cimiu, kt\u00f3rego nazwa zosta\u0142a niedawno zatwierdzona w brzmieniu niemieckim, \u017ce \u201ew Auschwitz\u201d, \u017ceby nie kusi\u0107 z\u0142ego w postaci freudowskich pomy\u0142ek, jakim coraz cz\u0119\u015bciej ulegaj\u0105 [&hellip;]","protected":false},"author":1,"featured_media":0,"comment_status":"closed","ping_status":"closed","sticky":false,"template":"","format":"standard","meta":{"_acf_changed":false,"_monsterinsights_skip_tracking":false,"_monsterinsights_sitenote_active":false,"_monsterinsights_sitenote_note":"","_monsterinsights_sitenote_category":0,"ngg_post_thumbnail":0,"footnotes":"","_wp_rev_ctl_limit":""},"categories":[9],"tags":[22,84,61,34,20,59],"acf":[],"_links":{"self":[{"href":"https:\/\/www.bibula.com\/index.php?rest_route=\/wp\/v2\/posts\/17007"}],"collection":[{"href":"https:\/\/www.bibula.com\/index.php?rest_route=\/wp\/v2\/posts"}],"about":[{"href":"https:\/\/www.bibula.com\/index.php?rest_route=\/wp\/v2\/types\/post"}],"author":[{"embeddable":true,"href":"https:\/\/www.bibula.com\/index.php?rest_route=\/wp\/v2\/users\/1"}],"replies":[{"embeddable":true,"href":"https:\/\/www.bibula.com\/index.php?rest_route=%2Fwp%2Fv2%2Fcomments&post=17007"}],"version-history":[{"count":0,"href":"https:\/\/www.bibula.com\/index.php?rest_route=\/wp\/v2\/posts\/17007\/revisions"}],"wp:attachment":[{"href":"https:\/\/www.bibula.com\/index.php?rest_route=%2Fwp%2Fv2%2Fmedia&parent=17007"}],"wp:term":[{"taxonomy":"category","embeddable":true,"href":"https:\/\/www.bibula.com\/index.php?rest_route=%2Fwp%2Fv2%2Fcategories&post=17007"},{"taxonomy":"post_tag","embeddable":true,"href":"https:\/\/www.bibula.com\/index.php?rest_route=%2Fwp%2Fv2%2Ftags&post=17007"}],"curies":[{"name":"wp","href":"https:\/\/api.w.org\/{rel}","templated":true}]}}