{"id":16982,"date":"2009-12-28T16:04:21","date_gmt":"2009-12-28T21:04:21","guid":{"rendered":"http:\/\/www.bibula.com\/?p=16982"},"modified":"2009-12-28T20:54:25","modified_gmt":"2009-12-29T01:54:25","slug":"przemysl-holokaustu-zada-jeszcze-od-niemiec-dodatkowego-miliarda-euro-odszkodowan","status":"publish","type":"post","link":"https:\/\/www.bibula.com\/?p=16982","title":{"rendered":"&#8222;Przemys\u0142 Holokaustu&#8221; \u017c\u0105da od Niemiec dodatkowego miliarda euro 'odszkodowa\u0144&#8217;"},"content":{"rendered":"<p>Skorumpowany \u017cydowski ruch roszczeniowy pos\u0142uguj\u0105cy si\u0119 retoryk\u0105 tzw. Holokaustu, czyli jak okre\u015bli\u0142 to zjawisko prof. Norman Finkelstein &#8211; &#8222;Przemys\u0142 Holokaustu&#8221;, jest jak wiecznie nienasycona bestia d\u0105\u017c\u0105ca do szukania coraz to nowych ofiar. Tak\u0105 now\u0105-star\u0105 ofiar\u0105 maj\u0105 po raz kolejny sta\u0107 si\u0119 Niemcy, kt\u00f3re, zdaniem izraelskiego ministra finans\u00f3w Yuvala Steinitza, musz\u0105 wyp\u0142aci\u0107 dodatkowo od 450 milion\u00f3w do miliarda Euro tytu\u0142em &#8222;reparacji za \u017byd\u00f3w zmuszanych do przymusowej pracy podczas Holokaustu&#8221;.<\/p>\r\n\r\n<p>Minister Steinitz oznajmi\u0142, \u017ce przedstawi niemieckiemu rz\u0105dowi podczas zaplanowej na pocz\u0105tku 2010 roku sesji w Berlinie &#8222;\u017c\u0105danie [wyp\u0142aty odszkodowa\u0144] w imieniu 30 tysi\u0119cy izraelskich ocala\u0142ych [ang. <em>Israeli survivors<\/em>], zmuszanych do przymusowej pracy w gettach&#8221;.<\/p>\r\n\r\n<p>Jak informuje izraelski dziennik <em>Haaretz<\/em>, &#8222;ka\u017cdy z 30 tysi\u0119cy \u017cyj\u0105cych jeszcze ocala\u0142ych-zmuszanych do przymusowej pracy, powinien otrzyma\u0107 jednorazow\u0105 wyp\u0142at\u0119 w wysoko\u015bci 15 tysi\u0119cy Euro&#8221;.\u00a0 Opr\u00f3cz jednorazowej wyp\u0142aty, ka\u017cdy z 'ocala\u0142ych&#8217; powinien, zdaniem przedstawicieli izraelskiego ministerstwa finans\u00f3w, otrzymywa\u0107 miesi\u0119czn\u0105 zapomog\u0119 wynosz\u0105c\u0105 oko\u0142o 1500 Euro. Koszt tych wyp\u0142at ma obci\u0105\u017cy\u0107 Niemcy kwot\u0105 oko\u0142o 100 milion\u00f3w Euro rocznie.<\/p>\r\n\r\n<p>Przy stale rosn\u0105cych apetytach &#8222;Przemys\u0142u Holokaustu&#8221;, r\u00f3wnocze\u015bnie zamyka si\u0119 wszelkie mo\u017cliwo\u015bci bada\u0144 mog\u0105cych zweryfikowa\u0107 i ustali\u0107 prawdziw\u0105 liczb\u0119 ofiar \u017cydowskich podczas II Wojny \u015awiatowej. Ka\u017cda osoba pr\u00f3buj\u0105ca w spos\u00f3b rzetelny, naukowy i pozbawiony nalecia\u0142o\u015bci ideologicznych ustali\u0107 np. liczb\u0119 ofiar w poszczeg\u00f3lnych niemieckich obozach koncentracyjnych &#8211; oraz inne aspekty, jak np. metody dokonywania mord\u00f3w &#8211; s\u0105 szykanowane, poddawane publicznej napa\u015bci, oskar\u017cane o &#8222;antysemityzm&#8221;, a cz\u0119sto skazywane na d\u0142ugoletnie wyroki pozbawienia wolno\u015bci.<\/p>\r\n\r\n<p>Powy\u017csza informacja o nowych \u017c\u0105daniach strony \u017cydowskiej powinna r\u00f3wnie\u017c zastanowi\u0107 historyk\u00f3w oraz fachowc\u00f3w specjalizuj\u0105cych si\u0119 w badaniach statystyki historycznej. Ot\u00f3\u017c na podstawie podawanych liczb tzw. ocala\u0142ych i na dodatek b. pracownik\u00f3w przymusowych, kt\u00f3rych po 65 latach jedynie w samym Izraelu ma mieszka\u0107 jeszcze 30 tysi\u0119cy, mo\u017cna &#8211; i nale\u017cy, bo wymaga tego rzetelna wiedza historyczna &#8211; obliczy\u0107 wyj\u015bciow\u0105 liczb\u0119 \u017cydowskich pracownik\u00f3w przymusowych oraz &#8222;ocala\u0142ych z Holokaustu&#8221;. Wyniki mog\u0105 okaza\u0107 si\u0119 zaskakuj\u0105ce, by\u0107 mo\u017ce kwalifikuj\u0105ce si\u0119 do wsp\u00f3\u0142czesnego poj\u0119cia &#8222;antysemityzmu&#8221;.<\/p>\r\n\r\n<p>Nale\u017cy przy tym zwr\u00f3ci\u0107 uwag\u0119 na dowolno\u015b\u0107 z jak\u0105 strona \u017cydowska interpretuje poj\u0119cie &#8222;ocala\u0142y z Holokaustu&#8221;. Oznacza ono bowiem ka\u017cd\u0105 osob\u0119 \u017cydowskiego pochodzenia, kt\u00f3ra mia\u0142a jak\u0105kolwiek styczno\u015b\u0107 z re\u017cimem hitlerowskim od roku 1932 do 1945, a wi\u0119c &#8222;ocala\u0142ymi\u201d s\u0105 r\u00f3wnie\u017c np. wsp\u00f3\u0142pracuj\u0105cy z Hitlerem syjonistyczni przyw\u00f3dcy \u017cydowscy, kryminali\u015bci &#8211; jakich w ka\u017cdej spo\u0142eczno\u015bci nie brakuje &#8211; zwykli geszefciarze, jak i \u017bydzi, kt\u00f3rzy jedynie tymczasowo przebywali na terenie hitlerowskich Niemiec czy na ziemiach przez ni\u0105 administrowanych. Aby maksymalnie poszerzy\u0107 t\u0119 kategori\u0119, a w \u015blad za tym wykorzysta\u0107 j\u0105 do dodatkowych korzy\u015bci, strona \u017cydowska posun\u0119\u0142a si\u0119 do absurdalnej granicy roku 1932.<\/p>\r\n\r\n<p>Ustalaj\u0105c tego typu definicje syjonistyczny ruch roszczeniowy wykorzystuje ka\u017cd\u0105 okazj\u0119, ka\u017cdy pretekst, luk\u0119 prawn\u0105 oraz po\u015brednie i bezpo\u015brednie naciski na pa\u0144stwa i organizacje, celem uzyskania kolejnych &#8222;odszkodowa\u0144&#8221;.<\/p>\r\n\r\n<p><br class=\"spacer_\" \/><\/p>\r\n\r\n<blockquote><p><strong>Problem kom\u00f3r gazowych<\/strong><\/p>\r\n\r\n<p>Na obecnym etapie interpretacji historii (czytaj: manipulacji histori\u0105), po powojennych kilkunastoletnich wahaniach, zrezygnowano z mitu ludob\u00f3jczego wykorzystania kom\u00f3r gazowych w niemieckich obozach koncentracyjnych po\u0142o\u017conych na terenie III Rzeszy w jej przedwojennych granicach, lecz pozostawiono je jedynie na terenie niemieckich oboz\u00f3w po\u0142o\u017conych na terenie Polski. Proces ten nale\u017cy traktowa\u0107 jako sprz\u0119\u017cenie dzia\u0142a\u0144 si\u0142 syjonistycznych z aspiracjami strony niemieckiej, kt\u00f3rej d\u0142ugofalowa polityka d\u0105\u017cy do wybielenia swojej historii. Dokonuje si\u0119 to nawet kosztem dodatkowych wyp\u0142at dla ruchu roszczeniowego. Te ust\u0119pstwa wobec forsowanego mitu ludob\u00f3jczego wykorzystania kom\u00f3r gazowych nie dotycz\u0105 oboz\u00f3w niemieckich po\u0142o\u017conych na okupowanych przez III Rzesz\u0119 ziemiach polskich, bowiem nowa strategia interpretacji i manipulacji histori\u0105 zak\u0142ada, \u017ce na tych ziemiach, przy udziale miejscowej ludno\u015bci oraz z wykorzystaniem 'przemys\u0142owych&#8217; proces\u00f3w zag\u0142ady, dokonany zosta\u0142 tzw. Holokaust.<\/p>\r\n\r\n<p>Jednym z oboz\u00f3w koncentracyjnych gdzie swego czasu uparcie twierdzono przez lata o ludob\u00f3jczym wykorzystaniu kom\u00f3r gazowych, by\u0142 ob\u00f3z KL Dachau. Dzi\u015b jedynie dla cel\u00f3w czysto propagandowych powtarza si\u0119 nieprawdziwe informacje o ludob\u00f3jczym wykorzystaniu kom\u00f3r gazowych w tym\u017ce obozie. W propagandzie lewicowo-syjonistycznej celuje internetowa encyklopedia Wikipediia kt\u00f3ra pod has\u0142em &#8222;Dachau (KL)\u201d jedynie w wydaniu polskoj\u0119zycznym pisze o ludob\u00f3jczym wykorzystaniu kom\u00f3r gazowych, lecz w wydaniu angielskim, nie istnieje \u017cadna na ten temat wzmianka, poza nie zwi\u0105zanym z KL Dachau przypisem. W polskoj\u0119zycznym ha\u015ble zilustrowano te\u017c ob\u00f3z dezorientuj\u0105cym czytelnika zdj\u0119ciem &#8222;kom\u00f3r gazowych\u201d &#8211; w uj\u0119ciu z daleka. Z bliska jednak, ka\u017cda wizytuj\u0105ca ten ob\u00f3z osoba jest w stanie osobi\u015bcie przeczyta\u0107 wieloj\u0119zyczny napis umieszczony przed &#8222;komorami gazowymi\u201d. Napis przed komorami gazowymi w KL Dachau g\u0142osi:\u00a0\u201dKomora gazowa &#8211; zakamuflowana jako \u2018pomieszczenie z natryskami\u2019. Nigdy nie by\u0142a u\u017cywana jako komora gazowa.\u201d Napis ten (sam w sobie wewn\u0119trznie sprzeczny) poparty zosta\u0142 oficjalnym listem przes\u0142anym przez Muzeum Holokaustu w Waszyngtonie panu Erichowi Brudehl, kt\u00f3ry zwr\u00f3ci\u0142 si\u0119 z pro\u015bb\u0105 o wyja\u015bnienie zastosownia &#8222;kom\u00f3r gazowych\u201d w obozie KL Dachau. W li\u015bcie z Muzeum Holokaustu, datowanym na 28 stycznia 1998 roku czytamy, \u017ce &#8222;[Ob\u00f3z w] Dachau nigdy nie by\u0142 planowany jako ob\u00f3z \u015bmierci [&#8222;<em>extermination camp<\/em>&#8222;]. [&#8230;] Po decyzji Ostatecznego Rozwi\u0105zania, zbudowano w 1942 roku krematorium oraz komor\u0119 gazow\u0105, kt\u00f3rej u\u017cycie jednak nie mo\u017ce by\u0107 potwierdzone. [&#8230;] Jest to zgodne z innymi badaczami obozu Dachau. Jakkolwiek ameryka\u0144scy \u017co\u0142nierze twierdzili, \u017ce ludzie byli tam gazowani, lecz po procesach [s\u0105dowych] Dachau i studiach historycznych, zgodne twierdzenie wydaje si\u0119 stanowi\u0107, \u017ce ludzie byli tam rutynowo zabijani na wiele brutalnych sposob\u00f3w, lecz nie gazowani.\u201d<\/p>\r\n\r\n<p><br class=\"spacer_\" \/><\/p>\r\n\r\n<p><strong>Problem &#8222;6 milion\u00f3w ofiar \u017cydowskich\u201d<\/strong><\/p>\r\n\r\n<p>Wed\u0142ug historyk\u00f3w i badaczy nieoficjalnego nurtu, liczba &#8222;6 milion\u00f3w ofiar \u017cydowskich\u201d nie ma \u017cadnego pokrycia w faktach, jest natomiast symboliczn\u0105 reprezentacj\u0105 cierpienia \u017byd\u00f3w. Po raz pierwszy liczba &#8222;6 milion\u00f3w ofiar \u017cydowskich\u201d pojawi\u0142a si\u0119 ju\u017c w 1919 roku (np. na \u0142amach dziennika <em>The New York Times<\/em>, b\u0119d\u0105cego ju\u017c wtedy w r\u0119kach \u017cydowskich w\u0142a\u015bcicieli i stanowi\u0105cego wp\u0142ywow\u0105 tub\u0119 propagandow\u0105 syjonizmu), gdy mowa by\u0142a o liczbie ofiar \u017cydowskich podczas I wojny \u015bwiatowej. Potem by\u0142a systematycznie powtarzana w\u00a0 latach 1930., 40. i p\u00f3\u017aniejszych. Nienaruszalna liczba &#8222;6 milion\u00f3w ofiar \u017cydowskich\u201d odrodzi\u0142a si\u0119 na dobre w czasie Trybuna\u0142u Norymberskiego, kiedy to s\u0119dziemu Jacksonowi grupka \u017byd\u00f3w zaprezentowa\u0142a odr\u0119cznie zapisane &#8222;podliczenie ofiar\u201d.\u00a0 Wiemy jednak, \u017ce w tym czasie obowi\u0105zywa\u0142y nierealne, wytworzone przez propagand\u0119 sowieck\u0105 i syjonistyczn\u0105 liczby ofiar oboz\u00f3w koncentracyjnych. Na przyk\u0142ad, twierdzi\u0142o si\u0119 powszechnie, \u017ce w Majdanku zgin\u0119\u0142o p\u00f3\u0142tora miliona ludzi (co mia\u0142o stnowi\u0107 efekt &#8222;dog\u0142\u0119bnych bada\u0144 komisji naukowc\u00f3w radzieckich\u201d), w KL Auschwitz &#8211; nawet 10 milion\u00f3w, w Treblince &#8211; 3 miliony, w Sobiborze &#8211; 350 tysi\u0119cy , itd, itp.<\/p>\r\n\r\n<p>Dzi\u015b wiemy, \u017ce w Majdanku zgin\u0119\u0142o kilkana\u015bcie do kilkudziesi\u0105t tysi\u0119cy wi\u0119\u017ani\u00f3w (oficjalnie: 50-80 tysi\u0119cy), wiemy \u017ce w KL Auschwitz po obowi\u0105zywaniu przez kilkudziesi\u0105t lat wyrytych na kamieniach &#8222;4 milionach ofiar\u201d, liczba ta stopnia\u0142a do &#8222;miliona\u201d, a \u017cydowscy badacze ju\u017c obni\u017caj\u0105 j\u0105 nawet do 600 tysi\u0119cy, przy czym niezale\u017cni historycy od wielu lat twierdz\u0105 niezmiennie to samo: \u017ce w KL Auschwitz zgin\u0119\u0142o 120-150 tysi\u0119cy os\u00f3b, w tym \u017byd\u00f3w. Z &#8222;3 milion\u00f3w\u201d w Treblince, pisze si\u0119 dzisiaj (J.C. Pressac) o &#8222;poni\u017cej 250 tysi\u0119cy\u201d, cho\u0107 w rzeczywisto\u015bci mo\u017ce si\u0119 okaza\u0107, \u017ce mamy do czynienia z liczb\u0105 w granicach 80 tysi\u0119cy. W Sobiborze dane wskazuj\u0105 na 15 tysi\u0119cy ofiar. Itd, itp.<\/p>\r\n\r\n<p>W zwi\u0105zku z tym, \u017ce liczba &#8222;6 milion\u00f3w\u201d &#8211; wpojona w \u015bwiadomo\u015b\u0107 spo\u0142eczn\u0105 metod\u0105 manipulacji medialnej oraz nacisk\u00f3w prawnych &#8211; zaczyna stanowi\u0107 pewien ci\u0119\u017car w przypadku konieczno\u015bci jej udowodnienia, czyni si\u0119 pr\u00f3by uwolnienia jej od tego typu nacisk\u00f3w. Przyk\u0142adem jest artyku\u0142 wydrukowany przez baltimorski dziennik <a href=\"http:\/\/www.examiner.com\/x-2359-Evangelical-Examiner%7Ey2009m2d12-The-Holocaust--Does-the-number-killed-really-matter\" target=\"_blank\"><em>The Examiner<\/em><\/a> , w kt\u00f3rym autor na bezpo\u015brednio postawione pytanie:  &#8222;Czy liczba pomordowanych rzeczywi\u015bcie ma znaczenie?\u201d,  odpowiada:<\/p>\r\n\r\n<p style=\"padding-left: 30px;\">&#8222;Moja odpowied\u017a to jest bardzo g\u0142o\u015bne wypowiedzenie: NIE! Liczba nie ma \u017cadnego znaczenia. Czy mamy do czynienia z 60 \u017bydami czy 6 milionami \u017byd\u00f3w, by\u0142o to wydarzenie [<em>tzn. &#8222;Holocaust&#8221;<\/em>], kt\u00f3ry nie mo\u017ce by\u0107 pozbawione szczeg\u00f3lnego podkre\u015blania.\u201d [<em>zob. link do polemiki &#8222;<a title=\" \"Liczba nie ma \u017cadnego znaczenia!\u201d, czyli nowa interpretacja sporu o \"6 milion\u00f3w pomordowanych \u017byd\u00f3w\u201d\" rel=\"bookmark\" href=\"..\/..\/?p=6585\">&#8222;Liczba nie ma \u017cadnego znaczenia!\u201d, czyli nowa interpretacja sporu o &#8222;6 milion\u00f3w pomordowanych \u017byd\u00f3w\u201d&#8221;<\/a><\/em>]<\/p>\r\n\r\n<p>Liczb\u0119 &#8222;6 milion\u00f3w\u201d, stanowi\u0105c\u0105 kabalistyczn\u0105 symbolik\u0119 cierpienia narodu \u017cydowskiego, nale\u017cy tak jak ka\u017cd\u0105 inn\u0105 historyczn\u0105 tez\u0119 zweryfikowa\u0107 w procesie skrupulatnych, niezale\u017cnych, otwartych, pozbawionych nacisk\u00f3w ideologicznych bada\u0144 naukowych. Tylko wtedy b\u0119dzie mog\u0142a stanowi\u0107 podstaw\u0119 do w\u0142\u0105czenia jej w nurt historycznych fakt\u00f3w.<\/p><\/blockquote>\r\n\r\n<p><br class=\"spacer_\" \/><\/p>\r\n\r\n<blockquote><p><strong>ZOB. R\u00d3WNIE\u017b:<\/strong><\/p>\r\n\r\n<ul>\r\n\t<li><strong> <\/strong><strong><a title=\" \u017bydowski ruch roszczeniowy: \"Id\u017acie i odbierzcie nasz\u0105 w\u0142asno\u015b\u0107\u201d\u2026 przekupuj\u0105c polskich polityk\u00f3w!\" rel=\"bookmark\" href=\"..\/..\/?p=2036\">\u017bydowski ruch roszczeniowy: &#8222;Id\u017acie i odbierzcie nasz\u0105 w\u0142asno\u015b\u0107\u201d\u2026 przekupuj\u0105c polskich polityk\u00f3w!<\/a><\/strong><\/li>\r\n\t<li><a title=\" Prawda szokuje (niekt\u00f3rych)\" rel=\"bookmark\" href=\"..\/..\/?p=2555\">Prawda szokuje (niekt\u00f3rych)<\/a><\/li>\r\n\t<li><a title=\" \u0141y\u017cka dziegciu w beczce miodu - &lt;em&gt;Jacek Bartyzel&lt;\/em&gt;. Komentarz Redakcji\" rel=\"bookmark\" href=\"..\/..\/?p=5898\">\u0141y\u017cka dziegciu w beczce miodu &#8211; <em>Jacek Bartyzel<\/em> i Komentarz Redakcji <em>BIBU\u0141Y<\/em><\/a><\/li>\r\n\t<li><a title=\" Nowy Jorku: \u017bydowski radny sprzeciwia si\u0119 upami\u0119tnieniu innych ni\u017c \u017cydowskie ofiary wojny\" rel=\"bookmark\" href=\"..\/..\/?p=10227\">Nowy Jorku: \u017bydowski radny sprzeciwia si\u0119 upami\u0119tnieniu innych ni\u017c \u017cydowskie ofiary wojny<\/a><\/li>\r\n\t<li><a title=\" Nowa Encyklopedia \"Muzeum Holokaustu\u201d rewolucj\u0105 w historii\" rel=\"bookmark\" href=\"..\/..\/?p=10013\">Nowa Encyklopedia &#8222;Muzeum Holokaustu\u201d rewolucj\u0105 w historii<\/a><\/li>\r\n\t<li><a title=\" W\u0142oski profesor uniwersytetu &lt;em&gt;La Sapienza&lt;\/em&gt;: nale\u017cy zweryfikowa\u0107 ludob\u00f3jcze wykorzystanie kom\u00f3r gazowych i \"6 milion\u00f3w\u201d ofiar \u017cydowskich\" rel=\"bookmark\" href=\"..\/..\/?p=15088\">W\u0142oski profesor uniwersytetu <em>La Sapienza<\/em>: nale\u017cy zweryfikowa\u0107 ludob\u00f3jcze wykorzystanie kom\u00f3r gazowych i &#8222;6 milion\u00f3w\u201d ofiar \u017cydowskich<\/a> <\/li>\r\n\t<li><a rel=\"bookmark\" href=\"..\/..\/?p=15064\">Kandydat na przewodnicz\u0105cego niemieckiej Centralnej Rady \u017byd\u00f3w: przepis o karaniu &#8222;k\u0142amstwa o\u015bwi\u0119cimskiego\u201d jest nieproduktywny<\/a> <\/li>\r\n\t<li><a title=\" \"Przemys\u0142 Holokaustu\u201d w natarciu: Prokuratura niemiecka wyda\u0142a akt oskar\u017cenia przeciwko biskupowi R. Williamson, FSSPX\" rel=\"bookmark\" href=\"..\/..\/?p=14907\">&#8222;Przemys\u0142 Holokaustu\u201d w natarciu: Prokuratura niemiecka wyda\u0142a akt oskar\u017cenia przeciwko biskupowi R. Williamson, FSSPX<\/a> <\/li>\r\n\t<li> <a title=\" Nowa Encyklopedia \"Muzeum Holokaustu\u201d rewolucj\u0105 w historii\" rel=\"bookmark\" href=\"..\/..\/?p=10013\">Nowa Encyklopedia &#8222;Muzeum Holokaustu\u201d rewolucj\u0105 w historii<\/a> <\/li>\r\n\t<li> <a title=\" \"Liczba nie ma \u017cadnego znaczenia!\u201d, czyli nowa interpretacja sporu o \"6 milion\u00f3w pomordowanych \u017byd\u00f3w\u201d\" rel=\"bookmark\" href=\"..\/..\/?p=6585\">&#8222;Liczba nie ma \u017cadnego znaczenia!\u201d, czyli nowa interpretacja sporu o &#8222;6 milion\u00f3w pomordowanych \u017byd\u00f3w\u201d <\/a> <\/li>\r\n\t<li> <a title=\" Cenzura na uniwersytecie &lt;em&gt;Harvard&lt;\/em&gt;: Nie wolno dyskutowa\u0107 na sporne tematy dot. II Wojny \u015awiatowej\" rel=\"bookmark\" href=\"..\/..\/?p=13770\">Cenzura na uniwersytecie <em>Harvard<\/em>: Nie wolno dyskutowa\u0107 na sporne tematy dot. II Wojny \u015awiatowej <\/a> <\/li>\r\n\t<li> <a title=\" Dobre strony kryzysu: ci\u0119cia w programach indoktrynacyjnych nt \u2018Holokaustu\u2019\" rel=\"bookmark\" href=\"..\/..\/?p=13504\">Dobre strony kryzysu: ci\u0119cia w programach indoktrynacyjnych nt \u2018Holokaustu\u2019 <\/a> <\/li>\r\n\t<li> <a title=\" Australia: Dr Toben skazany na kar\u0119 wi\u0119zienia za \"negowanie Holokaustu\u201d\" rel=\"bookmark\" href=\"..\/..\/?p=13021\">Australia: Dr Toben skazany na kar\u0119 wi\u0119zienia za &#8222;negowanie Holokaustu\u201d <\/a> <\/li>\r\n\t<li> <a title=\" Niemcy: Delegalizacja organizacji oskar\u017conych o \"negowanie Holocaustu\u201d\" rel=\"bookmark\" href=\"..\/..\/?p=12220\">Niemcy: Delegalizacja organizacji oskar\u017conych o &#8222;negowanie Holocaustu\u201d <\/a> <\/li>\r\n\t<li> <a title=\" Judaizacja ameryka\u0144skich nauczycieli katolickich: Kolejna grupa w Izraelu na \"zaj\u0119ciach na temat antysemityzmu i Holokaustu\u201d\" rel=\"bookmark\" href=\"..\/..\/?p=11970\">Judaizacja ameryka\u0144skich nauczycieli katolickich: Kolejna grupa w Izraelu na &#8222;zaj\u0119ciach na temat antysemityzmu i Holokaustu\u201d <\/a> <\/li>\r\n\t<li> <a title=\" Parlamentarzy\u015bci w\u0119gierscy nie chc\u0105 karania za \"negowanie Holokaustu\u201d\" rel=\"bookmark\" href=\"..\/..\/?p=11013\">Parlamentarzy\u015bci w\u0119gierscy nie chc\u0105 karania za &#8222;negowanie Holokaustu\u201d <\/a> <\/li>\r\n\t<li> <a title=\" \"Ocala\u0142ym z Holokaustu nale\u017cy si\u0119 jeszcze 175 miliard\u00f3w dolar\u00f3w odszkodowania\u201d\" rel=\"bookmark\" href=\"..\/..\/?p=10858\">&#8222;Ocala\u0142ym z Holokaustu nale\u017cy si\u0119 jeszcze 175 miliard\u00f3w dolar\u00f3w odszkodowania\u201d <\/a> <\/li>\r\n\t<li> <a title=\" Nowy Jorku: \u017bydowski radny sprzeciwia si\u0119 upami\u0119tnieniu innych ni\u017c \u017cydowskie ofiary wojny\" rel=\"bookmark\" href=\"..\/..\/?p=10227\">Nowy Jorku: \u017bydowski radny sprzeciwia si\u0119 upami\u0119tnieniu innych ni\u017c \u017cydowskie ofiary wojny <\/a> <\/li>\r\n\t<li> <a title=\" Kardyna\u0142 O\u2019Malley: \"nie wolno tolerowa\u0107 negowania Holokaustu\u201d\" rel=\"bookmark\" href=\"..\/..\/?p=8889\">Kardyna\u0142 O\u2019Malley: &#8222;nie wolno tolerowa\u0107 negowania Holokaustu\u201d <\/a> <\/li>\r\n\t<li> <a title=\" Kard. O\u2019Malley: \"Holokaust najwi\u0119ksz\u0105 zbrodni\u0105 w historii ludzko\u015bci\u201d. Przed arcybiskupstem wybuduj\u0119 \"wielk\u0105 menor\u0119\u201d\" rel=\"bookmark\" href=\"..\/..\/?p=7045\">Kard. O\u2019Malley: &#8222;Holokaust najwi\u0119ksz\u0105 zbrodni\u0105 w historii ludzko\u015bci\u201d. Przed arcybiskupstem wybuduj\u0119 &#8222;wielk\u0105 menor\u0119\u201d <\/a> <\/li>\r\n\t<li> <a title=\" B\u0142\u0105dzenie biskupa T. Dolan, nowego arcybiskupa Diecezji Nowy Jork\" rel=\"bookmark\" href=\"..\/..\/?p=8316\">B\u0142\u0105dzenie biskupa T. Dolan, nowego arcybiskupa Diecezji Nowy Jork<\/a><\/li>\r\n\t<li> <a title=\" \"Czy Holokaust mo\u017ce wydarzy\u0107 si\u0119 w Ameryce?\"\" rel=\"bookmark\" href=\"..\/..\/?p=2537\">&#8222;Czy Holokaust mo\u017ce wydarzy\u0107 si\u0119 w Ameryce?\u201d <\/a> <\/li>\r\n\t<li><a title=\" \"Dlaczego kr\u0119cimy tak du\u017co film\u00f3w o Holokau\u015bcie i kto z tego czerpie korzy\u015bci?\u201d\" rel=\"bookmark\" href=\"..\/..\/?p=3668\">&#8222;Dlaczego kr\u0119cimy tak du\u017co film\u00f3w o Holokau\u015bcie i kto z tego czerpie korzy\u015bci?\u201d<\/a><\/li>\r\n\t<li><a href=\"..\/..\/?p=02002\" target=\"_blank\">Rejestruje si\u0119 kolejna \u017cydowska grupa, z zamiarem &#8222;uzyskania dotacji pa\u0144stwowych i kompensacji za skonfiskowane dobra\u201d<\/a><\/li>\r\n\t<li><a href=\"..\/..\/?p=01190\" target=\"_blank\">Zacie\u015bnia si\u0119 atak na Polsk\u0119: reaktywowano polski oddzia\u0142 \u017cydowskiej lo\u017cy maso\u0144skiej Bnai Brith<\/a> &#8211; BIBU\u0141A, 16 wrze\u015bnia 2007<\/li>\r\n\t<li><a href=\"..\/..\/?p=01222\" target=\"_blank\">Masoneria potrzebna Polsce? &#8211; <em>Ks. prof. Jerzy Bajda<\/em><\/a><\/li>\r\n<\/ul>\r\n<\/blockquote>","protected":false},"excerpt":{"rendered":"Skorumpowany \u017cydowski ruch roszczeniowy pos\u0142uguj\u0105cy si\u0119 retoryk\u0105 tzw. Holokaustu, czyli jak okre\u015bli\u0142 to zjawisko prof. Norman Finkelstein &#8211; &#8222;Przemys\u0142 Holokaustu&#8221;, jest jak wiecznie nienasycona bestia d\u0105\u017c\u0105ca do szukania coraz to nowych ofiar. Tak\u0105 now\u0105-star\u0105 ofiar\u0105 maj\u0105 po raz kolejny sta\u0107 si\u0119 Niemcy, kt\u00f3re, zdaniem izraelskiego ministra finans\u00f3w Yuvala Steinitza, musz\u0105 wyp\u0142aci\u0107 dodatkowo od 450 milion\u00f3w [&hellip;]","protected":false},"author":1,"featured_media":0,"comment_status":"closed","ping_status":"closed","sticky":false,"template":"","format":"standard","meta":{"_acf_changed":false,"_monsterinsights_skip_tracking":false,"_monsterinsights_sitenote_active":false,"_monsterinsights_sitenote_note":"","_monsterinsights_sitenote_category":0,"ngg_post_thumbnail":0,"footnotes":"","_wp_rev_ctl_limit":""},"categories":[6],"tags":[22,61],"acf":[],"_links":{"self":[{"href":"https:\/\/www.bibula.com\/index.php?rest_route=\/wp\/v2\/posts\/16982"}],"collection":[{"href":"https:\/\/www.bibula.com\/index.php?rest_route=\/wp\/v2\/posts"}],"about":[{"href":"https:\/\/www.bibula.com\/index.php?rest_route=\/wp\/v2\/types\/post"}],"author":[{"embeddable":true,"href":"https:\/\/www.bibula.com\/index.php?rest_route=\/wp\/v2\/users\/1"}],"replies":[{"embeddable":true,"href":"https:\/\/www.bibula.com\/index.php?rest_route=%2Fwp%2Fv2%2Fcomments&post=16982"}],"version-history":[{"count":0,"href":"https:\/\/www.bibula.com\/index.php?rest_route=\/wp\/v2\/posts\/16982\/revisions"}],"wp:attachment":[{"href":"https:\/\/www.bibula.com\/index.php?rest_route=%2Fwp%2Fv2%2Fmedia&parent=16982"}],"wp:term":[{"taxonomy":"category","embeddable":true,"href":"https:\/\/www.bibula.com\/index.php?rest_route=%2Fwp%2Fv2%2Fcategories&post=16982"},{"taxonomy":"post_tag","embeddable":true,"href":"https:\/\/www.bibula.com\/index.php?rest_route=%2Fwp%2Fv2%2Ftags&post=16982"}],"curies":[{"name":"wp","href":"https:\/\/api.w.org\/{rel}","templated":true}]}}