{"id":1683,"date":"2008-02-09T21:57:25","date_gmt":"2008-02-09T21:57:25","guid":{"rendered":""},"modified":"2015-06-01T20:42:55","modified_gmt":"2015-06-02T00:42:55","slug":"irlandia-uczennica-katolickiej-szkoly-zawieszona-za-noszenie-odznaki-sw-patryka-biskup-chowa-glowe-w-piasek","status":"publish","type":"post","link":"https:\/\/www.bibula.com\/?p=1683","title":{"rendered":"Irlandia: Uczennica katolickiej (?) szko\u0142y zawieszona za noszenie odznaki \u015bw. Patryka; Biskup chowa g\u0142ow\u0119 w piasek"},"content":{"rendered":"<p><strong>15-letnia uczennica katolickiej (?) szko\u0142y <em>St. Eugene\u2019s College<\/em> w Roslea (Irlandia), zosta\u0142a zawieszona w prawach ucznia, poniewa\u017c odm\u00f3wi\u0142a zas\u0142oni\u0119cia b\u0105d\u017a zdj\u0119cia dw\u00f3ch religijnych odznak: \u015bw. Patryka i Anio\u0142a Str\u00f3\u017ca.<\/strong><\/p><p>Matka Cathriny McDermott, Ann, zaszokowana decyzj\u0105 dyrekcji szko\u0142y zapowiedzia\u0142a, \u017ce jej c\u00f3rka b\u0119dzie dalej nosi\u0142a na swojej marynarce szkolnej odznaki religijne, gdy\u017c nosi je nieprzerwanie od dzieci\u0144stwa. Catrina ju\u017c jako 4-letnie dziecko zacz\u0119\u0142a nosi\u0107 katolickie emblematy, ukazuj\u0105ce jej przywi\u0105zanie do wiary katolickiej. &#8222;Cathrina nie wstydzi si\u0119 wyznawanej religii i nie chce zas\u0142ania\u0107 jej symboli.&#8221; &#8211; powiedzia\u0142a pani Ann, i doda\u0142a, \u017ce: &#8222;To jest szko\u0142a katolicka, zatem na pewno uczniowie powinni mie\u0107 prawo do noszenia katolickich emblemat\u00f3w.&#8221;<\/p><p>Martin Knox, dyrektor szko\u0142y utrzymuje jednak, \u017ce regulamin szkolny jest bardzo wyra\u017any je\u015bli chodzi o noszenie emblemat\u00f3w. Powiedzia\u0142 on, \u017ce Cathrina zosta\u0142a zawieszona po dw\u00f3ch tygodniach rozm\u00f3w, kt\u00f3re jednak nie przynios\u0142y rezultat\u00f3w. Utrzymuje on, \u017ce &#8222;Je\u015bli rodzice b\u0119d\u0105 upierali s\u0119 przy wysy\u0142aniu do szko\u0142y swego dziecka nosz\u0105cego emblematy, to na pewno nasz\u0105 reakcj\u0105 nie b\u0119dzie padni\u0119cie na kolana. B\u0119d\u0119 zmuszony rozmawia\u0107 na ten temat na zebraniu zarz\u0105du.&#8221;<\/p><p>Najbardziej bulwersuj\u0105c\u0105 postaw\u0119 przyj\u0105\u0142 jednak miejscowy biskup, kt\u00f3ry zamiast stan\u0105\u0107 w obronie ucznia chc\u0105cego w najbardziej normalny spos\u00f3b wyznawa\u0107 swoj\u0105 wiar\u0119, poprzez rzecznika prasowego powiedzia\u0142, \u017ce &#8222;To jest wewn\u0119trzna sprawa szko\u0142y i nie b\u0119dziemy jej komentowali.&#8221;<\/p>","protected":false},"excerpt":{"rendered":"15-letnia uczennica katolickiej (?) szko\u0142y St. Eugene\u2019s College w Roslea (Irlandia), zosta\u0142a zawieszona w prawach ucznia, poniewa\u017c odm\u00f3wi\u0142a zas\u0142oni\u0119cia b\u0105d\u017a zdj\u0119cia dw\u00f3ch religijnych odznak: \u015bw. Patryka i Anio\u0142a Str\u00f3\u017ca.Matka Cathriny McDermott, Ann, zaszokowana decyzj\u0105 dyrekcji szko\u0142y zapowiedzia\u0142a, \u017ce jej c\u00f3rka b\u0119dzie dalej nosi\u0142a na swojej marynarce szkolnej odznaki religijne, gdy\u017c nosi je nieprzerwanie od dzieci\u0144stwa. [&hellip;]","protected":false},"author":1,"featured_media":0,"comment_status":"closed","ping_status":"open","sticky":false,"template":"","format":"standard","meta":{"_acf_changed":false,"_monsterinsights_skip_tracking":false,"_monsterinsights_sitenote_active":false,"_monsterinsights_sitenote_note":"","_monsterinsights_sitenote_category":0,"ngg_post_thumbnail":0,"footnotes":"","_wp_rev_ctl_limit":""},"categories":[6],"tags":[132,80,237,33],"acf":[],"_links":{"self":[{"href":"https:\/\/www.bibula.com\/index.php?rest_route=\/wp\/v2\/posts\/1683"}],"collection":[{"href":"https:\/\/www.bibula.com\/index.php?rest_route=\/wp\/v2\/posts"}],"about":[{"href":"https:\/\/www.bibula.com\/index.php?rest_route=\/wp\/v2\/types\/post"}],"author":[{"embeddable":true,"href":"https:\/\/www.bibula.com\/index.php?rest_route=\/wp\/v2\/users\/1"}],"replies":[{"embeddable":true,"href":"https:\/\/www.bibula.com\/index.php?rest_route=%2Fwp%2Fv2%2Fcomments&post=1683"}],"version-history":[{"count":0,"href":"https:\/\/www.bibula.com\/index.php?rest_route=\/wp\/v2\/posts\/1683\/revisions"}],"wp:attachment":[{"href":"https:\/\/www.bibula.com\/index.php?rest_route=%2Fwp%2Fv2%2Fmedia&parent=1683"}],"wp:term":[{"taxonomy":"category","embeddable":true,"href":"https:\/\/www.bibula.com\/index.php?rest_route=%2Fwp%2Fv2%2Fcategories&post=1683"},{"taxonomy":"post_tag","embeddable":true,"href":"https:\/\/www.bibula.com\/index.php?rest_route=%2Fwp%2Fv2%2Ftags&post=1683"}],"curies":[{"name":"wp","href":"https:\/\/api.w.org\/{rel}","templated":true}]}}