{"id":16803,"date":"2009-12-21T09:50:58","date_gmt":"2009-12-21T14:50:58","guid":{"rendered":"http:\/\/www.bibula.com\/?p=16803"},"modified":"2009-12-22T10:06:32","modified_gmt":"2009-12-22T15:06:32","slug":"pasterki-wg-mszalu-sw-piusa-v-w-polsce","status":"publish","type":"post","link":"https:\/\/www.bibula.com\/?p=16803","title":{"rendered":"\u015awi\u0105teczny porz\u0105dek nabo\u017ce\u0144stw w kaplicach Bractwa \u015bw. Piusa X. Pasterki w &#8222;w nadzwyczajnej formie rytu rzymskiego&#8221;"},"content":{"rendered":"<p><strong>19.12\u201d\u201d3.01<\/strong> <a title=\"zobacz adres kaplicy\" href=\"http:\/\/www.piusx.org.pl\/kaplice\/Gdynia\">Gdynia<\/a> \u201d\u201d <a href=\"http:\/\/www.piusx.org.pl\/komunikaty\/2009\/87\">\u015bwi\u0105teczny porz\u0105dek nabo\u017ce\u0144stw<\/a><\/p>\r\n\r\n<p><strong>20.12\u201d\u201d22.12<\/strong> <a title=\"zobacz adres kaplicy\" href=\"http:\/\/www.piusx.org.pl\/kaplice\/Tuchow\">Tuch\u00f3w<\/a> \u201d\u201d <a href=\"http:\/\/www.piusx.org.pl\/komunikaty\/2009\/82\">rekolekcje adwentowe<\/a><\/p>\r\n\r\n<p><strong>20.12\u201d\u201d3.01<\/strong> <a title=\"zobacz adres kaplicy\" href=\"http:\/\/www.piusx.org.pl\/kaplice\/Tuchow\">Tuch\u00f3w<\/a> \u201d\u201d <a href=\"http:\/\/www.piusx.org.pl\/komunikaty\/2009\/88\">\u015bwi\u0105teczny porz\u0105dek nabo\u017ce\u0144stw<\/a><\/p>\r\n\r\n<p><strong>24.12\u201d\u201d6.01<\/strong> <a title=\"zobacz adres kaplicy\" href=\"http:\/\/www.piusx.org.pl\/kaplice\/Torun\">Toru\u0144<\/a> \u201d\u201d <a href=\"http:\/\/www.piusx.org.pl\/komunikaty\/2009\/90\">\u015bwi\u0105teczny porz\u0105dek nabo\u017ce\u0144stw<\/a><\/p>\r\n\r\n<p><strong>24.12\u201d\u201d3.01<\/strong> <a title=\"zobacz adres kaplicy\" href=\"http:\/\/www.piusx.org.pl\/kaplice\/Chorzow\">Chorz\u00f3w<\/a> \u201d\u201d <a href=\"http:\/\/www.piusx.org.pl\/komunikaty\/2009\/94\">\u015bwi\u0105teczny porz\u0105dek nabo\u017ce\u0144stw<\/a><\/p>\r\n\r\n<p><strong>24.12\u201d\u201d3.01<\/strong> <a title=\"zobacz adres kaplicy\" href=\"http:\/\/www.piusx.org.pl\/kaplice\/Rzeszow\">Rzesz\u00f3w<\/a> \u201d\u201d <a href=\"http:\/\/www.piusx.org.pl\/komunikaty\/2009\/95\">\u015bwi\u0105teczny porz\u0105dek nabo\u017ce\u0144stw<\/a><\/p>\r\n\r\n<p><strong>25.12\u201d\u201d3.01<\/strong> <a title=\"zobacz adres kaplicy\" href=\"http:\/\/www.piusx.org.pl\/kaplice\/Lublin\">Lublin<\/a> \u201d\u201d <a href=\"http:\/\/www.piusx.org.pl\/komunikaty\/2009\/89\">\u015bwi\u0105teczny porz\u0105dek nabo\u017ce\u0144stw<\/a><\/p>\r\n\r\n<p><strong>25.12\u201d\u201d3.01<\/strong> <a title=\"zobacz adres kaplicy\" href=\"http:\/\/www.piusx.org.pl\/kaplice\/Szczecin\">Szczecin<\/a> \u201d\u201d <a href=\"http:\/\/www.piusx.org.pl\/komunikaty\/2009\/91\">\u015bwi\u0105teczny porz\u0105dek nabo\u017ce\u0144stw<\/a><\/p>\r\n\r\n<p><strong>25.12\u201d\u201d3.01<\/strong> <a title=\"zobacz adres kaplicy\" href=\"http:\/\/www.piusx.org.pl\/kaplice\/Lodz\">\u0141\u00f3d\u017a<\/a> \u201d\u201d <a href=\"http:\/\/www.piusx.org.pl\/komunikaty\/2009\/92\">\u015bwi\u0105teczny porz\u0105dek nabo\u017ce\u0144stw<\/a><\/p>\r\n\r\n<p><strong>25.12\u201d\u201d3.01<\/strong> <a title=\"zobacz adres kaplicy\" href=\"http:\/\/www.piusx.org.pl\/kaplice\/Krakow\">Krak\u00f3w<\/a> \u201d\u201d <a href=\"http:\/\/www.piusx.org.pl\/komunikaty\/2009\/93\">\u015bwi\u0105teczny porz\u0105dek nabo\u017ce\u0144stw<\/a><\/p>\r\n\r\n<p><strong>30.12\u201d\u201d3.01<\/strong> <a title=\"zobacz adres kaplicy\" href=\"http:\/\/www.piusx.org.pl\/kaplice\/Gdynia\">Gdynia<\/a> \u201d\u201d <a href=\"http:\/\/www.piusx.org.pl\/komunikaty\/2009\/83\">ob\u00f3z zimowy dla dziewcz\u0105t<\/a><\/p>\r\n\r\n<p><strong>9.01\u201d\u201d10.01<\/strong> <a title=\"zobacz adres kaplicy\" href=\"http:\/\/www.piusx.org.pl\/kaplice\/Szczecin\">Szczecin<\/a> \u201d\u201d <a href=\"http:\/\/www.piusx.org.pl\/komunikaty\/2010\/1\">Msza \u015bw. &#8211; nasz najdro\u017cszy skarb (kontynuacja)<\/a><\/p>\r\n\r\n<p><strong>26.01<\/strong> <a title=\"zobacz adres kaplicy\" href=\"http:\/\/www.piusx.org.pl\/kaplice\/Torun\">Toru\u0144<\/a> \u201d\u201d <a href=\"http:\/\/www.piusx.org.pl\/komunikaty\/2010\/3\">wyk\u0142ad x. Karola Stehlina FSSPX<\/a><\/p>\r\n\r\n<p class=\"zrodlo\">\u0179r\u00f3d\u0142o: <a href=\"http:\/\/http:\/\/www.piusx.org.pl\/\">Strona Bractwa \u015bw. Piusa X<\/a><\/p>\r\n\r\n<p><br class=\"spacer_\" \/><\/p>\r\n\r\n<p><br class=\"spacer_\" \/><\/p>\r\n\r\n<h3>Pasterki wg Msza\u0142u \u015bw. Piusa V w Polsce<\/h3>\r\n\r\n<p>W tym roku wierni w Polsce b\u0119d\u0105 mogli wys\u0142ucha\u0107 Mszy \u015bw. w nadzwyczajnej formie rytu rzymskiego odprawianej w nocy, wg formularza na Bo\u017ce Narodzenie, czyli Pasterki, w nast\u0119puj\u0105cych miastach:<\/p>\r\n\r\n<p><strong>Bytom<\/strong> &#8211; ko\u015bci\u00f3\u0142 Ducha \u015aw. &#8211; godz. 0:00,  25.XII.<\/p>\r\n\r\n<p><strong>Krak\u00f3w<\/strong> &#8211; ko\u015bci\u00f3\u0142 OO. Bonifratr\u00f3w &#8211; godz. 0:00,  25.XII.<\/p>\r\n\r\n<p><strong>Lublin<\/strong> &#8211; ko\u015bci\u00f3\u0142 Niepokalanego Pocz\u0119cia NMP &#8211;  godz. 0:00, 25.XII.<\/p>\r\n\r\n<p><strong>Pozna\u0144<\/strong> &#8211; ko\u015bci\u00f3\u0142 OO. Franciszkan\u00f3w  na Wzg\u00f3rzu Przemys\u0142a &#8211; godz. 22:00, 24.XII.<\/p>\r\n\r\n<p><strong>Warszawa<\/strong> &#8211;  ko\u015bci\u00f3\u0142 \u015bw. Benona &#8211; godz. 22:00, 24.XII.<\/p>\r\n\r\n<p><strong>Wroc\u0142aw<\/strong> &#8211;  ko\u015bci\u00f3\u0142 NMP na Piasku &#8211; godz. 22:00, 24.XII.<\/p>\r\n\r\n<p class=\"zrodlo\">\u0179r\u00f3d\u0142o: <a href=\"http:\/\/nowyruchliturgiczny.blogspot.com\/2009\/12\/pasterki-wg-mszau-sw-piusa-v-w-polsce.html\">Nowy  Ruch Liturgiczny<\/a><br \/>\r\n za:  <a href=\"http:\/\/www.sanctus.pl\/index.php?module=aktualnosci&amp;grupa=&amp;podgrupa=&amp;strona=1&amp;id=1450&amp;kategoria=2\">Sanctus.pl<\/a><\/p>","protected":false},"excerpt":{"rendered":"19.12\u201d\u201d3.01 Gdynia \u201d\u201d \u015bwi\u0105teczny porz\u0105dek nabo\u017ce\u0144stw 20.12\u201d\u201d22.12 Tuch\u00f3w \u201d\u201d rekolekcje adwentowe 20.12\u201d\u201d3.01 Tuch\u00f3w \u201d\u201d \u015bwi\u0105teczny porz\u0105dek nabo\u017ce\u0144stw 24.12\u201d\u201d6.01 Toru\u0144 \u201d\u201d \u015bwi\u0105teczny porz\u0105dek nabo\u017ce\u0144stw 24.12\u201d\u201d3.01 Chorz\u00f3w \u201d\u201d \u015bwi\u0105teczny porz\u0105dek nabo\u017ce\u0144stw 24.12\u201d\u201d3.01 Rzesz\u00f3w \u201d\u201d \u015bwi\u0105teczny porz\u0105dek nabo\u017ce\u0144stw 25.12\u201d\u201d3.01 Lublin \u201d\u201d \u015bwi\u0105teczny porz\u0105dek nabo\u017ce\u0144stw 25.12\u201d\u201d3.01 Szczecin \u201d\u201d \u015bwi\u0105teczny porz\u0105dek nabo\u017ce\u0144stw 25.12\u201d\u201d3.01 \u0141\u00f3d\u017a \u201d\u201d \u015bwi\u0105teczny porz\u0105dek nabo\u017ce\u0144stw 25.12\u201d\u201d3.01 Krak\u00f3w [&hellip;]","protected":false},"author":1,"featured_media":0,"comment_status":"closed","ping_status":"closed","sticky":false,"template":"","format":"standard","meta":{"_acf_changed":false,"_monsterinsights_skip_tracking":false,"_monsterinsights_sitenote_active":false,"_monsterinsights_sitenote_note":"","_monsterinsights_sitenote_category":0,"ngg_post_thumbnail":0,"footnotes":"","_wp_rev_ctl_limit":""},"categories":[5],"tags":[24],"acf":[],"_links":{"self":[{"href":"https:\/\/www.bibula.com\/index.php?rest_route=\/wp\/v2\/posts\/16803"}],"collection":[{"href":"https:\/\/www.bibula.com\/index.php?rest_route=\/wp\/v2\/posts"}],"about":[{"href":"https:\/\/www.bibula.com\/index.php?rest_route=\/wp\/v2\/types\/post"}],"author":[{"embeddable":true,"href":"https:\/\/www.bibula.com\/index.php?rest_route=\/wp\/v2\/users\/1"}],"replies":[{"embeddable":true,"href":"https:\/\/www.bibula.com\/index.php?rest_route=%2Fwp%2Fv2%2Fcomments&post=16803"}],"version-history":[{"count":0,"href":"https:\/\/www.bibula.com\/index.php?rest_route=\/wp\/v2\/posts\/16803\/revisions"}],"wp:attachment":[{"href":"https:\/\/www.bibula.com\/index.php?rest_route=%2Fwp%2Fv2%2Fmedia&parent=16803"}],"wp:term":[{"taxonomy":"category","embeddable":true,"href":"https:\/\/www.bibula.com\/index.php?rest_route=%2Fwp%2Fv2%2Fcategories&post=16803"},{"taxonomy":"post_tag","embeddable":true,"href":"https:\/\/www.bibula.com\/index.php?rest_route=%2Fwp%2Fv2%2Ftags&post=16803"}],"curies":[{"name":"wp","href":"https:\/\/api.w.org\/{rel}","templated":true}]}}