{"id":16767,"date":"2009-12-19T23:41:01","date_gmt":"2009-12-20T04:41:01","guid":{"rendered":"http:\/\/www.bibula.com\/?p=16767"},"modified":"2009-12-19T23:41:01","modified_gmt":"2009-12-20T04:41:01","slug":"rp-z-gwiazda-dawida-w-tle-dariusz-kosiur","status":"publish","type":"post","link":"https:\/\/www.bibula.com\/?p=16767","title":{"rendered":"RP z Gwiazd\u0105 Dawida w tle &#8211; <em>Dariusz Kosiur<\/em>"},"content":{"rendered":"<p><strong>Hanukowa dedykacja<\/strong><\/p>\r\n\r\n<p><em>Zapalaj\u0105cym hanukowe \u015bwiece w polskich urz\u0119dach tekst ten dedykuj\u0119.<\/em><\/p>\r\n\r\n<p><em>Tak jak katolicy, tak i \u017cydzi obchodz\u0105 w podobnym czasie swoje najwa\u017cniejsze \u015bwi\u0119ta. 24 grudnia katolicy raduj\u0105 si\u0119 z przyj\u015bcia na \u015bwiat syna Bo\u017cego. \u017bydzi w tym samym mniej wi\u0119cej czasie zapalaj\u0105 hanukowe \u015bwiece na znak, \u017ce wrogowie \u017cyd\u00f3w s\u0105 przez nich pomordowani. Podobnie jest w czasie \u015awi\u0105t Wielkiej Nocy. Katolicy \u015bwi\u0119tuj\u0105 zmartwychwstanie Tego, kt\u00f3ry ofiarowa\u0142 si\u0119 za nas na krzy\u017cu &#8211; to najwy\u017cszy stopie\u0144 altruizmu. Obchodzona w tym czasie \u017cydowska Pascha ma ide\u0119 przeciwstawn\u0105: jest to nasze (\u017cyd\u00f3w) zbawienie a ich (Egipcjan i Kananejczyk\u00f3w) \u015bmier\u0107. Oni powinni ofiarnie zgin\u0105\u0107, dzi\u0119ki czemu my (\u017cydzi) b\u0119dziemy \u017cy\u0107 lepiej. Czy wolno zatem nam katolikom \u015bwi\u0119towa\u0107 razem z \u017cydami?<\/em><\/p>\r\n\r\n<p><em> <\/em><\/p>\r\n\r\n<p><em> <\/em><em>Dariusz Kosiur<\/em><\/p>\r\n\r\n<p><em><br \/>\r\n <\/em><\/p>\r\n\r\n<p><em> <\/em><\/p>\r\n\r\n<h3>RP z gwiazd\u0105 Dawida w tle<\/h3>\r\n\r\n<p><strong> Pa\u0144stwo Polskie z rz\u0105dz\u0105c\u0105 mniejszo\u015bci\u0105 \u017cydowsk\u0105<\/strong><\/p>\r\n\r\n<p><strong> <\/strong><\/p>\r\n\r\n<p style=\"padding-left: 60px;\"><strong> <\/strong>\u201e\u017bydzi po ca\u0142ej Polsce rozsypani, wsz\u0119dzie z swym duchem wy\u0142\u0105czno\u015bci z naszym ludem pomieszani, nie tylko zaplugawi\u0105 ca\u0142y nar\u00f3d, zaplugawi\u0105 ca\u0142y kraj, a zmieniaj\u0105c go w kraj \u017cydowski, wystawi\u0105 w Europie na po\u015bmiewisko i wzgard\u0119.\u201d<\/p>\r\n\r\n<p style=\"padding-left: 60px;\"><strong> \u201ePrzestrogi dla Polski\u201d autor Stanis\u0142aw Staszic, rok 1789<\/strong><\/p>\r\n\r\n<p><br class=\"spacer_\" \/><\/p>\r\n\r\n<p>Nie mo\u017cemy wsp\u00f3lnie z \u017bydami udawa\u0107, \u017ce budujemy razem z nimi Pa\u0144stwo Polskie i dobrobyt w znakomitej wi\u0119kszo\u015bci katolickiego Narodu, gdy w rzeczywisto\u015bci trwa proces dok\u0142adnie odwrotny.<\/p>\r\n\r\n<p>\u017bydowska mniejszo\u015b\u0107 w Polsce ukrywaj\u0105ca si\u0119 przewa\u017cnie pod polsko brzmi\u0105cymi nazwiskami, stanowi\u0105ca ok. 2,5% ludno\u015bci Polski, cho\u0107 nie istniej\u0105 oficjalne dane potwierdzaj\u0105ce t\u0119 liczb\u0119 i mo\u017ce by\u0107 ona wi\u0119ksza, ma na swoim sumieniu dwukrotn\u0105 w wci\u0105gu ostatnich 60 lat kradzie\u017c maj\u0105tku Polak\u00f3w. Po 1945 r. \u017cydowsko-komunistyczna w\u0142adza upa\u0144stwowi\u0142a prywatne maj\u0105tki polskie, a po 1989 r. \u017cydowskie rz\u0105dy w Polsce patronowa\u0142y rozkradaniu maj\u0105tku produkcyjnego, finansowo-bankowego, komunalnego wypracowanego przez Nar\u00f3d Polski oraz patronowa\u0142y i patronuj\u0105 wyprzeda\u017cy polskiej ziemi. Przy pomocy tzw. planu Balcerowicza (w rzeczywisto\u015bci \u017cydowskiego planu G. Sorosa &#8211; J. Sachsa, przyj\u0119tego jeszcze przez \u017cydowski rz\u0105d M.F.Rakowskiego w 1988 r.) dokonano nie tylko grabie\u017cy maj\u0105tku narodowego, ale okradziono Polak\u00f3w z oszcz\u0119dno\u015bci. Okradziono r\u00f3wnie\u017c wszystkich tych, kt\u00f3rzy zaci\u0105gn\u0119li kredyty bankowe zmieniaj\u0105c im wstecznie umowy i zmuszaj\u0105c do zwrotu wielokrotno\u015bci po\u017cyczek, co jest poza wszelkimi standardami prawa. Mie\u015bci si\u0119 natomiast w mentalno\u015bci \u017cydowskich lichwiarzy i w \u017cydowskiej filozofii traktowania nie-\u017byd\u00f3w przez \u017byd\u00f3w.<\/p>\r\n\r\n<p>S\u0105 i inne \u017cydowskie zbrodnie na Polskim Narodzie. Komuni\u015bci \u017cydowscy z ZSRR ponosz\u0105 odpowiedzialno\u015b\u0107 za wymordowanie po 17.09.1939 r. je\u0144c\u00f3w wojennych i polskiej inteligencji w Katyniu, w Miednoje, w Ostaszkowie, w Charkowie, w Starobielsku, w Kozielsku, w\u2026 &#8211; to zemsta za udaremnienie rozlania si\u0119 w 1920 r. \u017cydowskiego komunizmu po ca\u0142ej Europie. Od 17.09.1939 do 1945 r. \u017cydowscy komuni\u015bci z ZSRR wymordowali ok. 2 mln Polak\u00f3w zamieszkuj\u0105cych ziemie zagrabione przez ZSRR.<\/p>\r\n\r\n<p>Od 1944 do 1956 r. \u017cydowsko-komunistyczna w\u0142adza w Polsce wymordowa\u0142a ok. 600 tys. Polak\u00f3w.<\/p>\r\n\r\n<p>Nie powiod\u0142o si\u0119 przyj\u0119cie przez ONZ rezolucji pot\u0119piaj\u0105cej komunizm za zbrodnie ludob\u00f3jstwa &#8211; poch\u0142on\u0105\u0142 100 &#8211; 120 mln ludzkich istnie\u0144. Gdyby tak\u0105 rezolucj\u0119 przyj\u0119to, odpowiedzialno\u015b\u0107 za najwi\u0119kszy mord w dziejach \u015bwiata spad\u0142aby na \u017byd\u00f3w, tw\u00f3rc\u00f3w i budowniczych komunizmu. Ale czy wtedy mogliby panoszy\u0107 si\u0119 w Europie opanowuj\u0105c rz\u0105dy niemal wszystkich pa\u0144stw i od 1990 budowa\u0107 w Europie JudeoUE-pa\u0144stwo, kolejny zbrodniczy tw\u00f3r \u017cydo-bolszewi?<\/p>\r\n\r\n<p>Po zadekretowaniu przez \u017cydowski rz\u0105d w Polsce upadku komunizmu w 1989 r. \u017bydzi obsiedli ponad 60% sejmowych i senackich foteli, a my Polacy p\u0142acimy im za uchwalanie antypolskiego i antynarodowego ustawodawstwa. Zajmuj\u0105 czo\u0142owe miejsca w wi\u0119kszo\u015bci, a mo\u017ce we wszystkich partiach zasiadaj\u0105cych w sejmie RP. Wyst\u0119puj\u0105 oficjalnie przeciw polskiemu katolicyzmowi, przeciw narodowym interesom i przeciw Pa\u0144stwu Polskiemu. Opowiadaj\u0105 si\u0119 jawnie za budow\u0105 JudeoUE-pa\u0144stwa, albo k\u0142amliwie przewrotnie, \u017ce s\u0105 jej przeciwni, ale zawsze wtedy, gdy trzeba broni\u0107 interesu Narodu przystaj\u0105 na wszystkie \u017c\u0105dania \u017cydo-masonerii europejskiej i \u015bwiatowej, kt\u00f3rych interesy s\u0105 od zawsze wrogie Polsce i Polakom i ca\u0142ej naszej chrze\u015bcija\u0144skiej cywilizacji.<\/p>\r\n\r\n<p><br class=\"spacer_\" \/><\/p>\r\n\r\n<p><strong>Oskar\u017cam wszystkie \u017cydowskie rz\u0105dy sprawuj\u0105ce w Polsce w\u0142adz\u0119 po 1980 r. do dzi\u015b o celowe i z pe\u0142n\u0105 premedytacj\u0105 dzia\u0142anie na szkod\u0119 Narodu i Pa\u0144stwa Polskiego.<\/strong><\/p>\r\n\r\n<p>Pod pretekstem zapa\u015bci demograficznej Narodu trwaj\u0105 rz\u0105dowe prace nad now\u0105 polityk\u0105 migracyjn\u0105. Chodzi o stworzenie zach\u0119t dla narodowo\u015bci wykazuj\u0105cych du\u017c\u0105 zdolno\u015b\u0107 adaptacji do osiedlania si\u0119 w Polsce &#8211; na wizy do Polski czeka ok. miliona \u017byd\u00f3w w Izraelu, a oni zdolno\u015bci adaptacyjne maj\u0105 we krwi. Polski narodowy \u017cywio\u0142 trzeba os\u0142abia\u0107 maksymalnie. Miliony Polak\u00f3w na Wschodzie czekaj\u0105 daremnie na powr\u00f3t do kraju, a oko\u0142o 20 &#8211; 30 mln Polak\u00f3w na \u015bwiecie pozbawionych jest prawa udzia\u0142u w wyborach do sejmu RP.<\/p>\r\n\r\n<p>Obecny prezydent RP pot\u0119pia polski nacjonalizm, ale jak mo\u017cna si\u0119 domy\u015bla\u0107 ho\u0142ubi \u017cydowski w Polsce. Tylu festiwali kultury \u017cydowskiej, ile odbywa si\u0119 dzi\u015b w naszym kraju nie ma chyba nawet w Izraelu.<\/p>\r\n\r\n<p>Mo\u017cna postawi\u0107 pytanie, czy Polska to dzi\u015b jeszcze kraj Polak\u00f3w, skoro jedn\u0105 z najwa\u017cniejszych os\u00f3b w pa\u0144stwie jest ambasador Izraela pozwalaj\u0105cy sobie na bezczelno\u015b\u0107 zarzucania nam, Polakom, katolikom antysemityzmu? Ten \u017byd robi to ca\u0142kowicie bezkarnie!<\/p>\r\n\r\n<p>Tylko jeden W\u0142. Gomu\u0142ka, I-szy sekretarz KC PZPR, Polak, ale niestety komunista, zdoby\u0142 si\u0119 na odwag\u0119 i wyrzuci\u0142 z Polski po marcowych \u017cydowskich rozruchach w 1968 r. \u017cydowskich bandyt\u00f3w z UB &#8211; organizacji utrwalaj\u0105cej zbrodniczy \u017cydowski system w\u0142adzy nad Polakami. Zrobi\u0142 to jednak niedok\u0142adnie i dlatego od 13.12.1981 r. ci\u0119\u017cko za t\u0119 jego fuszerk\u0119 p\u0142acimy. Jednak nale\u017cy si\u0119 mu przynajmniej pami\u0105tkowa tablica, jako pierwszemu i jak dot\u0105d jedynemu Polakowi, kt\u00f3ry podj\u0105\u0142 pr\u00f3b\u0119 naprawy tragicznego w skutkach b\u0142\u0119du kr\u00f3la Kazimierza \u201eWielkiego\u201d. Czy\u017cby, dlatego \u201eWielkiego\u201d, \u017ce pozwoli\u0142 osiedla\u0107 si\u0119 \u017bydom w Polsce?<\/p>\r\n\r\n<p>W wyniku kolejnych, zainicjowanych przez \u017byd\u00f3w rozruch\u00f3w w grudniu 1970 r. W\u0142. Gomu\u0142ka straci\u0142 w\u0142adz\u0119, ale krwi\u0105 za te rozruchy zap\u0142aci\u0142 Polski Nar\u00f3d. \u017bydom ponownie nie uda\u0142o si\u0119 przej\u0105\u0107 pe\u0142ni w\u0142adzy, kt\u00f3r\u0105 utracili w 1956 r. I-szym sekretarzem KC PZPR zosta\u0142 E. Gierek (<strong>z\u0142oty okres polskiej gospodarki<\/strong>), kt\u00f3ry nie mia\u0142 ju\u017c tyle odwagi, co W\u0142. Gomu\u0142ka i w czerwcu 1976 r. zamiast \u017byd\u00f3w, prawdziwych inicjator\u00f3w czerwcowych rozruch\u00f3w, kaza\u0142 pa\u0142owa\u0107 Polak\u00f3w.<\/p>\r\n\r\n<p>Za spraw\u0105 \u017cydowskiego sierpnia 1980 r. E. Gierek odszed\u0142 i tak sko\u0144czy\u0142 si\u0119 24. letni epizod polskich rz\u0105d\u00f3w &#8211; od 1918 &#8211; 1926 w dziejach II RP i od 1956 &#8211; 1980 w dziejach PRL i III RP.<\/p>\r\n\r\n<p>Za\u0142o\u017cona przez judeomaso\u0144stwo \u201eSolidarno\u015b\u0107\u201d &#8211; \u00a0nomen omen, o tej samej nazwie dzia\u0142a\u0142a od 1892 r. w Krakowie judeoomaso\u0144ska lo\u017ca B\u2019nei B\u2019rith &#8211; mia\u0142a tylko usun\u0105\u0107 E. Gierka i jego ekip\u0119 i umo\u017cliwi\u0107 mniejszo\u015bci \u017cydowskiej przej\u0119cie w\u0142adzy, ale wymkn\u0119\u0142a si\u0119 \u017bydom z pod kontroli na szesna\u015bcie miesi\u0119cy. Zosta\u0142o nam dzi\u015b wspomnienie kr\u00f3tkiej \u201eSolidarno\u015bci\u201d Narodu, kt\u00f3r\u0105 obca naszemu Narodowi w\u0142adza bardzo \u0142atwo zniszczy\u0142a wprowadzaj\u0105c w Polsce stan wojenny. W jego wyniku zamordowano \u201etylko\u201d ok. 200 Polak\u00f3w. W ca\u0142ym okresie \u017cydowskiego PRL-u zamordowano te\u017c stukilkunastu ksi\u0119\u017cy. Ostatniego mordu kap\u0142ana dokonano w 1990 r., kiedy Polska \u201eby\u0142a ju\u017c niepodleg\u0142a\u201d. Wszystkie te zbrodnie s\u0105 bezkarne do dnia dzisiejszego. Gdyby kto\u015b mia\u0142 w\u0105tpliwo\u015bci, w czyich r\u0119kach znajduje si\u0119 dzi\u015b w\u0142adza nad Polsk\u0105 niech o tym wszystkim pomy\u015bli.<\/p>\r\n\r\n<p>Od ponad 200 lat Polacy pozwalaj\u0105 judeomaso\u0144stwu sob\u0105 manipulowa\u0107, czego skutki dla Narodu i Pa\u0144stwa s\u0105 zawsze tragiczne. Wystarczy przypomnie\u0107 trzy nasze nieudane powstania: listopadowe 1830, styczniowe 1863 i warszawskie 1944, w kt\u00f3rych Polacy realizowali cele judeo-masonerii wi\u0105\u017c\u0105c si\u0142y rosyjskie (w 1944 radzieckie) i powstrzymuj\u0105c je przed marszem na Zach\u00f3d.<\/p>\r\n\r\n<p>Podobny manewr nie uda\u0142 si\u0119 w 1914 r., kiedy to Pierwsza Kadrowa socjalisty J. Pi\u0142sudskiego, walcz\u0105ca po stronie niemiecko-austrijackiej, nie zrealizowa\u0142a zleconego przez niemieckich mocodawc\u00f3w celu i nie doprowadzi\u0142a do wybuchu powstania po wej\u015bciu do Kongres\u00f3wki. Gdyby powstanie wtedy wybuch\u0142o, Rosja nie przyst\u0105pi\u0142aby do wojny przeciw Niemcom i Pa\u0144stwo Polskie z pewno\u015bci\u0105 by si\u0119 nie odrodzi\u0142o.<\/p>\r\n\r\n<p>W wyborach 2007 r., ulegaj\u0105c manipulacji judeomaso\u0144skich medi\u00f3w (w tym Radia Maryja), wyrzucili\u015bmy z sejmu RP dwie jedyne partie reprezentuj\u0105ce, lepiej, czy gorzej, ale nasze polskie interesy. Polsk\u0119, jak szmat\u0119 wydzieraj\u0105 miedzy sob\u0105 judeomaso\u0144stwo anglosaskie (reprezentowane przez PiS) i europejskie (reprezentowane przez PO) rywalizuj\u0105ce o prymat w \u015bwiecie i d\u0105\u017c\u0105ce do podporz\u0105dkowania sobie Rosji.<\/p>\r\n\r\n<p>Je\u017celi nasze pa\u0144stwo upadnie, a budowa JudeoUE-pa\u0144stwa w spos\u00f3b oczywisty wymusza likwidacj\u0119 Pa\u0144stwa Polskiego, \u017bydzi z polskiej mniejszo\u015bci b\u0119d\u0105cy zawsze czym\u015b w rodzaju \u201emi\u0119dzynarodu\u2019\u2019 z pewno\u015bci\u0105 dadz\u0105 sobie rad\u0119, a Nar\u00f3d Polski pozbawiany systematycznie od 1981 r. materialnych podstaw egzystencji b\u0119dzie musia\u0142 znikn\u0105\u0107 &#8211; i ju\u017c znika. <strong>\u017bydzi w Polsce maj\u0105cy wsparcie swojej \u015bwiatowej diaspory nie s\u0105 w stanie wykorzeni\u0107 polskiego katolicyzmu inaczej, jak przez fizyczn\u0105 eksterminacj\u0119 Narodu Polskiego. <\/strong><\/p>\r\n\r\n<p>Nar\u00f3d pozbawiony w\u0142asnego maj\u0105tku produkcyjnego, wi\u0119c okradziony z dochod\u00f3w z w\u0142asnej produkcji, zmuszany do ograniczania produkcji rolnej, kt\u00f3rej wielko\u015b\u0107 nie pokrywa ju\u017c zapotrzebowania \u017cywno\u015bciowego narodu, pozbawiony w\u0142asnej armii, reform\u0105 o\u015bwiaty z 2000 r., obni\u017caj\u0105c\u0105 poziom edukacji, pozbawiony \u015bredniego szkolnictwa zawodowego, pogr\u0105\u017cany w \u015bwiadomie zaprogramowanej n\u0119dzy musi odej\u015b\u0107 w niebyt. Takie s\u0105 nieub\u0142agane prawa ekonomii i \u017cydowscy in\u017cynierowie liberalnego \u201epo(d)st\u0119pu\u201d w Polsce znaj\u0105 je doskonale.<\/p>\r\n\r\n<p>Niszczona jest ochrona zdrowia Polak\u00f3w, ale dzi\u0119ki wytrwa\u0142ej, trudnej pracy, cho\u0107 celowo n\u0119dznie op\u0142acanej, pracownik\u00f3w s\u0142u\u017cby zdrowia, dzi\u0119ki nie poddaj\u0105cej si\u0119 liberalizmowi &#8211; czytaj judaizacji &#8211; etyce zawod\u00f3w medycznych przeci\u0119tny poziom lecznictwa w Polsce jest mimo wszystko wy\u017cszy ni\u017c w wielu krajach Zachodu, wy\u017cszy ni\u017c np. w USA &#8211; m\u00f3wi\u0105 o tym statystyki. Jednak ch\u00f3r po\u017cytecznych idiot\u00f3w bywa, \u017ce i lekarzy, ulegaj\u0105c podszeptom in\u017cynier\u00f3w liberalnego \u201epo(d)st\u0119pu\u201d \u017c\u0105da prywatyzacji szpitali i us\u0142ug medycznych. Ci antypolscy g\u0142upcy chc\u0105 pozbawi\u0107 biedniej\u0105cych Polak\u00f3w dost\u0119pu do ochrony zdrowia, kt\u00f3ra nale\u017cy si\u0119 ludziom w r\u00f3wnym stopniu i niezale\u017cnie od ich pozycji materialnej, bo zdrowie jest dla ka\u017cdego cz\u0142owieka dobrem takim samym.<\/p>\r\n\r\n<p>Dlatego, \u017bydzi w Polsce musz\u0105 zosta\u0107 pozbawieni wszystkich funkcji publicznych Pa\u0144stwa Polskiego oraz bezprawnie przej\u0119tego maj\u0105tku narodu. Musimy bezwzgl\u0119dnie si\u0119 tego domaga\u0107, je\u015bli chcemy przetrwa\u0107 nie tylko jako Polski Nar\u00f3d, ale jako ludzie &#8211; nie-\u017bydzi.<\/p>\r\n\r\n<p>Niestety nasza \u015bwiadomo\u015b\u0107 narodowa po 1989 r. uleg\u0142a za spraw\u0105 \u017cydo-lewackich medi\u00f3w znacznej erozji. Czy zdo\u0142amy j\u0105 w por\u0119 odbudowa\u0107 i uchroni\u0107 Pa\u0144stwo Polskie przed likwidacj\u0105 &#8211; oto jest pytanie?<\/p>\r\n\r\n<p>Prawo polskie powinno zakazywa\u0107 obejmowania przez nich wszystkich stanowisk maj\u0105cych wp\u0142yw na kszta\u0142towanie prawa, program\u00f3w o\u015bwiatowych i na \u017cycie naszego Narodu. Judaizacja ca\u0142ej naszej chrze\u015bcija\u0144skiej kultury, w tym religii, prowadzi do jej degeneracji i wyniszczenia. Za antypolskie osi\u0105gni\u0119cia dla polskiej kultury nagradzani s\u0105 antypolscy \u017bydzi przez pochodz\u0105cych z tej samej nacji rz\u0105dz\u0105cych i przedstawicieli medi\u00f3w. Przygl\u0105damy si\u0119 temu bezradni w swojej bezsilno\u015bci. Nasz\u0105 tragedi\u0105 jest, \u017ce cz\u0119\u015b\u0107 z nas og\u0142upionych przez powszechne \u017cydowskie media bierze to za dobr\u0105 monet\u0119. Jedyne w Polsce radio skutecznie udaj\u0105ce polski patriotyczny i posoborowy katolicyzm, zdecydowanie od\u017cegnuj\u0105ce si\u0119 od polskiego nacjonalizmu &#8211; Radio Maryja &#8211; nie\u015bmia\u0142o odpiera ataki w\u015bciekle antypolskich medi\u00f3w i wys\u0142uguj\u0105cych si\u0119 im filosemickich kundli. Rola tego radia, nie tylko w ostatnich wyborach, powinna sk\u0142ania\u0107 polskich katolik\u00f3w do g\u0142\u0119bszej refleksji. Nie mo\u017cna mie\u0107 pewno\u015bci, czy radio to nie wys\u0142uguje si\u0119 wrogim nam si\u0142om judeomaso\u0144stwa anglosaskiego i czy nie wyprowadza w pole uczciwych i \u0142atwowiernych polskich katolik\u00f3w.<\/p>\r\n\r\n<p>Je\u015bli pa\u0144stwowym prawem \u015bwieckim nie wzmocnimy etyki chrze\u015bcija\u0144skiej, katolickiej moralno\u015bci we wszystkich przejawach \u017cycia spo\u0142ecznego, to po upadku JudeoUE-pa\u0144stwa nie odnajdziemy ju\u017c Polskiego Narodu.<\/p>\r\n\r\n<p>Upadek JudeoUE-pa\u0144stwa nast\u0105pi tak samo, jak wszystkich poprzednich twor\u00f3w pa\u0144stwowych zbudowanych przez \u017byd\u00f3w. Zdehumanizowany, zateizowany organizm pa\u0144stwa, wyposa\u017cony w zdegenerowane systemy podatkowy i niezale\u017cny od w\u0142adz pa\u0144stwa system finansowy wyniszczaj\u0105ce gospodark\u0119 i \u015brodowisko naturalne cz\u0142owieka oraz jego samego (a w Polsce mamy dzi\u015b z tym do czynienia), od staro\u017cytnego Izraela przez ZSRR, przez USA do JudeoUE-pa\u0144stwa znamiona w\u0142asnej \u015bmierci nosi ju\u017c od chwili narodzin.<\/p>\r\n\r\n<p>Uzasadnienie dla wprowadzenia takiego prawodawstwa wynika z konieczno\u015bci ochrony Narodu Polskiego, jego \u017cywotnych praw i interes\u00f3w. Prawo do takiego uzasadnienia wyp\u0142ywa z kszta\u0142towanej od tysi\u0105cleci mentalno\u015bci \u017cydowskiej przepojonej do nie-\u017byd\u00f3w wrogo\u015bci\u0105 i nienawi\u015bci\u0105, kt\u00f3rych szczeg\u00f3lne nasilenie skierowane jest przeciw narodom katolickim takim, jak Nar\u00f3d Polski.<\/p>\r\n\r\n<p>Do dzi\u015b \u017cydowska etyka oparta jest na judaizmie rabinicznym &#8211; szowinistycznej, wrogiej wobec chrze\u015bcija\u0144stwa religii. Z niej wyp\u0142ywa \u017cydowskie prawo oraz system prawny dzisiejszego Izraela b\u0119d\u0105cego w istocie pa\u0144stwem wyznaniowym, dyskryminuj\u0105cym w\u0142asne mniejszo\u015bci.<\/p>\r\n\r\n<p>Je\u017celi dzi\u015b ktokolwiek domaga si\u0119 liberalizmu w znaczeniu wolno\u015bci i tolerancji dla ludzi i narod\u00f3w powinien tym bardziej domaga\u0107 si\u0119 wprowadzenia prawa zakazuj\u0105cego kultywowania, wychowywania, indoktrynowania ludzi w duchu judaizmu rabinicznego oraz w duch ideologii nim inspirowanych: komunizmu, socjalizmu, nazizmu, liberalizmu, globalizacji, a wi\u0119c w duchu rasizmu, wrogo\u015bci, nienawi\u015bci i nietolerancji wobec wszystkich, kt\u00f3rzy nie s\u0105 \u017bydami.<\/p>\r\n\r\n<p>Dzi\u015b jednak w \u015bwiatowych mediach mamy do czynienia ze zjawiskiem odwrotnym, wy\u015bmiewane, poni\u017cane, negowane, niszczone s\u0105 wszystkie religie poza jedn\u0105, poza \u017cydowsk\u0105. Domaganie si\u0119, wi\u0119c ochrony praw narodu nie ma nic wsp\u00f3lnego z antysemityzmem rozumianym, jako nienawi\u015b\u0107 do \u017byd\u00f3w i nie oznacza odebrania im praw mniejszo\u015bci narodowej tylko w\u0142a\u015bnie ochron\u0119 \u017cycia rdzennego narodu. Jednak mniejszo\u015b\u0107 d\u0105\u017c\u0105ca do podporz\u0105dkowania sobie lub zniszczenia narodu i pa\u0144stwa, w kt\u00f3rym \u017cyje musi by\u0107 z niego wyizolowana i pozbawiona wp\u0142ywu na wszystkie sfery jego funkcjonowania. \u017bydowski spos\u00f3b pojmowania prawa nie mo\u017ce odciska\u0107 swojego pi\u0119tna w \u017cadnej dziedzinie \u017cycia katolickiego Narodu Polskiego.<\/p>\r\n\r\n<p>\u017bydowskie i judeo-maso\u0144skie \u015brodowiska w Polsce od 1926 r. przyzwyczajone do politycznej w\u0142adzy nad Polskim Narodem by\u0107 mo\u017ce chcia\u0142yby zmusi\u0107 nas do \u017cyciowej wegetacji \u015bwiadomo\u015bci\u0105 przegranej walki o byt narodu i presj\u0105 alternatywy \u201ealbo my, albo oni\u201d. Nawet przez chwil\u0119 nie wolno nam rozwa\u017ca\u0107 podobnej my\u015bli i alternatywy, bo s\u0105 one poni\u017cej naszej narodowej, katolickiej godno\u015bci. <strong>To my i tylko my, Polski Nar\u00f3d, mamy niezbywalne prawo do tej ziemi i do okre\u015blania i ustalania warunk\u00f3w egzystencji naszego Narodu i tych mniejszo\u015bci, kt\u00f3re wsp\u00f3lnie z nami chc\u0105 \u017cy\u0107, pracowa\u0107 i mieszka\u0107. Nasze prawo jest przed ich prawem, ale musimy je stanowi\u0107 zgodnie z katolick\u0105 nauk\u0105 i wiar\u0105, a one daj\u0105 gwarancj\u0119 szacunku i r\u00f3wno\u015bci wszystkim obywatelom pa\u0144stwa.<\/strong><\/p>\r\n\r\n<p>Nasza wiara katolicka zabrania nam prze\u015bladowania i niszczenia innych narod\u00f3w i Polacy zawsze temu zakazowi byli pos\u0142uszni. By\u0142o by, wi\u0119c \u0142amaniem przykaza\u0144 wiary prze\u015bladowanie \u017cyd\u00f3w i narodu \u017bydowskiego zw\u0142aszcza, \u017ce katolicyzm i judaizm rabiniczny wyrastaj\u0105 ze wsp\u00f3lnego pnia, jakim by\u0142 judaizm biblijny. Jednak nasza katolicka wiara nie zabrania nam jej obrony i obrony naszego Narodu, a wr\u0119cz przeciwnie, t\u0119 obron\u0119 nam nakazuje i j\u0105 u\u015bwi\u0119ca. Katolicy nie b\u0119d\u0105 te\u017c nigdy opowiada\u0107 si\u0119 za likwidacj\u0105 judaizmu rabinicznego. Nar\u00f3d \u017cydowski pogr\u0105\u017cony od bez ma\u0142a 2000 lat, wi\u0119c m\u0142odszy od chrze\u015bcija\u0144stwa, w szowinistycznej religii mog\u0105 zniszczy\u0107 jego w\u0142asne grzechy wobec innych i wobec w\u0142asnego narodu, ale ma on te\u017c szans\u0119 nawr\u00f3cenia.<\/p>\r\n\r\n<p>My katolicy powinni\u015bmy modli\u0107 si\u0119 tylko o \u0142ask\u0119 nawr\u00f3cenia dla naszych tkwi\u0105cych w wyniszczaj\u0105cym ob\u0142\u0119dzie braci \u017cyd\u00f3w, ale decydowanie o w\u0142asnym pa\u0144stwie musimy zastrzec wy\u0142\u0105cznie dla nas samych, dla Polak\u00f3w.<\/p>\r\n\r\n<p>Je\u015bli nawet pr\u00f3buj\u0119 zrozumie\u0107 ob\u0142\u0119d mrocznej \u017cydowskiej mentalno\u015bci, to napawa mnie odraz\u0105 wszelki filosemityzm Polak\u00f3w. Pomijaj\u0105c poczciwych g\u0142upc\u00f3w nie pojmuj\u0105cych w\u0142asnej zdrady narodowych interes\u00f3w, jest filosemityzm postaw\u0105 godn\u0105 najwy\u017cszego pot\u0119pienia oraz usankcjonowanego prawem karania i to bardziej nawet od \u017cydowskiej zdrady i nienawi\u015bci.<\/p>\r\n\r\n<p><strong><em>Dariusz Kosiur<\/em><\/strong><\/p>","protected":false},"excerpt":{"rendered":"Hanukowa dedykacja Zapalaj\u0105cym hanukowe \u015bwiece w polskich urz\u0119dach tekst ten dedykuj\u0119. Tak jak katolicy, tak i \u017cydzi obchodz\u0105 w podobnym czasie swoje najwa\u017cniejsze \u015bwi\u0119ta. 24 grudnia katolicy raduj\u0105 si\u0119 z przyj\u015bcia na \u015bwiat syna Bo\u017cego. \u017bydzi w tym samym mniej wi\u0119cej czasie zapalaj\u0105 hanukowe \u015bwiece na znak, \u017ce wrogowie \u017cyd\u00f3w s\u0105 przez nich pomordowani. Podobnie [&hellip;]","protected":false},"author":1,"featured_media":0,"comment_status":"closed","ping_status":"closed","sticky":false,"template":"","format":"standard","meta":{"_acf_changed":false,"_monsterinsights_skip_tracking":false,"ngg_post_thumbnail":0,"footnotes":"","_wp_rev_ctl_limit":""},"categories":[9],"tags":[66,98,53],"acf":[],"_links":{"self":[{"href":"https:\/\/www.bibula.com\/index.php?rest_route=\/wp\/v2\/posts\/16767"}],"collection":[{"href":"https:\/\/www.bibula.com\/index.php?rest_route=\/wp\/v2\/posts"}],"about":[{"href":"https:\/\/www.bibula.com\/index.php?rest_route=\/wp\/v2\/types\/post"}],"author":[{"embeddable":true,"href":"https:\/\/www.bibula.com\/index.php?rest_route=\/wp\/v2\/users\/1"}],"replies":[{"embeddable":true,"href":"https:\/\/www.bibula.com\/index.php?rest_route=%2Fwp%2Fv2%2Fcomments&post=16767"}],"version-history":[{"count":0,"href":"https:\/\/www.bibula.com\/index.php?rest_route=\/wp\/v2\/posts\/16767\/revisions"}],"wp:attachment":[{"href":"https:\/\/www.bibula.com\/index.php?rest_route=%2Fwp%2Fv2%2Fmedia&parent=16767"}],"wp:term":[{"taxonomy":"category","embeddable":true,"href":"https:\/\/www.bibula.com\/index.php?rest_route=%2Fwp%2Fv2%2Fcategories&post=16767"},{"taxonomy":"post_tag","embeddable":true,"href":"https:\/\/www.bibula.com\/index.php?rest_route=%2Fwp%2Fv2%2Ftags&post=16767"}],"curies":[{"name":"wp","href":"https:\/\/api.w.org\/{rel}","templated":true}]}}