{"id":1676,"date":"2008-02-08T10:59:05","date_gmt":"2008-02-08T10:59:05","guid":{"rendered":""},"modified":"-0001-11-30T00:00:00","modified_gmt":"-0001-11-30T04:00:00","slug":"","status":"publish","type":"post","link":"https:\/\/www.bibula.com\/?p=1676","title":{"rendered":"Benedykt XVI: wypocznijmy od &#8222;s\u0142\u00f3w i obraz\u00f3w&#8221; w czasie Wielkiego Postu"},"content":{"rendered":"<p> Papie\u017c Benedykt XVI zaapelowa\u0142 do wiernych o wypoczynek od &#8222;s\u0142\u00f3w i  obraz\u00f3w&#8221; w czasie Wielkiego Postu. Papie\u017c jak co roku spotka\u0142 si\u0119 z  rzymskimi proboszczami. <\/p>\r\n  <p>Benedykt  XVI m\u00f3wi\u0142 te\u017c o problemach wychowania m\u0142odzie\u017cy i misji  ewangelizacyjnej Ko\u015bcio\u0142a. Spotkanie tradycyjnie mia\u0142o form\u0119 dialogu.  Benedykt XVI odpowiada\u0142 na pytania go\u015bci, kt\u00f3rych pad\u0142o 10. M\u00f3wi\u0105c o  rozpocz\u0119tym wczoraj Wielkim Po\u015bcie, Benedykt XVI wspomnia\u0142 o istnej  inflacji &#8222;obraz\u00f3w i s\u0142\u00f3w&#8221;. &#8222;Wydaje mi si\u0119, \u017ce okres Wielkiego Postu  m\u00f3g\u0142by by\u0107 tak\u017ce czasem postu od s\u0142\u00f3w i obraz\u00f3w, poniewa\u017c potrzebujemy  troch\u0119 ciszy&#8221; &#8211; powiedzia\u0142 papie\u017c. &#8222;Potrzebujemy miejsca wolnego od  permanentnego bombardowania obrazami i przestrzeni ciszy, tak\u017ce bez  obraz\u00f3w, a\u017ceby otworzy\u0107 serce na prawdziwy obraz i na prawdziwe  S\u0142owo&#8221;.&nbsp;&nbsp;&nbsp;&nbsp;&nbsp;&nbsp;&nbsp;&nbsp;&nbsp; <\/p>\r\n  <p>Odpowiadaj\u0105c na pytanie, jak sprosta\u0107  trudno\u015bciom w wychowaniu m\u0142odzie\u017cy, Benedykt XVI przyzna\u0142, \u017ce ze  wzgl\u0119du na dominuj\u0105cy styl \u017cycia, m\u0142odym ludziom trudno \u017cy\u0107 po  chrze\u015bcija\u0144sku. Dlatego kap\u0142ani powinni dawa\u0107 \u015bwiadectwo, \u017ce mo\u017cna  naprawd\u0119 pozna\u0107 Boga, by\u0107 Jego przyjacielem i i\u015b\u0107 razem z Nim &#8211;  powiedzia\u0142 papie\u017c. Podkre\u015bli\u0142 przy tym potrzeb\u0119 obecno\u015bci Boga w  procesie wychowawczym. Przypomnia\u0142, \u017ce przygotowanie zawodowe jest  niewystarczaj\u0105ce bez serca i bez Boga, nie m\u00f3wi\u0105c o tym, \u017ce znajomo\u015b\u0107  Ewangelii powinna nale\u017ce\u0107 do baga\u017cu kulturalnego ka\u017cdego m\u0142odego  cz\u0142owieka.&nbsp; <\/p>\r\n  <p>IAR\/GJ<\/p>\r\n<p>Za: <a class=\"content_sz\" href =\"http:\/\/www.prawy.pl\/?dz=nowosci&amp;id=36814&amp;subdz=&amp;where=rss\" target=\"_blank\">prawy.pl<\/a><\/p>\r\n<p>&nbsp; <\/p>\r\n\r\n","protected":false},"excerpt":{"rendered":"Papie\u017c Benedykt XVI zaapelowa\u0142 do wiernych o wypoczynek od &#8222;s\u0142\u00f3w i obraz\u00f3w&#8221; w czasie Wielkiego Postu. Papie\u017c jak co roku spotka\u0142 si\u0119 z rzymskimi proboszczami. Benedykt XVI m\u00f3wi\u0142 te\u017c o problemach wychowania m\u0142odzie\u017cy i misji ewangelizacyjnej Ko\u015bcio\u0142a. Spotkanie tradycyjnie mia\u0142o form\u0119 dialogu. Benedykt XVI odpowiada\u0142 na pytania go\u015bci, kt\u00f3rych pad\u0142o 10. M\u00f3wi\u0105c o rozpocz\u0119tym wczoraj [&hellip;]","protected":false},"author":1,"featured_media":0,"comment_status":"closed","ping_status":"open","sticky":false,"template":"","format":"standard","meta":{"_acf_changed":false,"_monsterinsights_skip_tracking":false,"_monsterinsights_sitenote_active":false,"_monsterinsights_sitenote_note":"","_monsterinsights_sitenote_category":0,"ngg_post_thumbnail":0,"footnotes":"","_wp_rev_ctl_limit":""},"categories":[3],"tags":[],"acf":[],"_links":{"self":[{"href":"https:\/\/www.bibula.com\/index.php?rest_route=\/wp\/v2\/posts\/1676"}],"collection":[{"href":"https:\/\/www.bibula.com\/index.php?rest_route=\/wp\/v2\/posts"}],"about":[{"href":"https:\/\/www.bibula.com\/index.php?rest_route=\/wp\/v2\/types\/post"}],"author":[{"embeddable":true,"href":"https:\/\/www.bibula.com\/index.php?rest_route=\/wp\/v2\/users\/1"}],"replies":[{"embeddable":true,"href":"https:\/\/www.bibula.com\/index.php?rest_route=%2Fwp%2Fv2%2Fcomments&post=1676"}],"version-history":[{"count":0,"href":"https:\/\/www.bibula.com\/index.php?rest_route=\/wp\/v2\/posts\/1676\/revisions"}],"wp:attachment":[{"href":"https:\/\/www.bibula.com\/index.php?rest_route=%2Fwp%2Fv2%2Fmedia&parent=1676"}],"wp:term":[{"taxonomy":"category","embeddable":true,"href":"https:\/\/www.bibula.com\/index.php?rest_route=%2Fwp%2Fv2%2Fcategories&post=1676"},{"taxonomy":"post_tag","embeddable":true,"href":"https:\/\/www.bibula.com\/index.php?rest_route=%2Fwp%2Fv2%2Ftags&post=1676"}],"curies":[{"name":"wp","href":"https:\/\/api.w.org\/{rel}","templated":true}]}}