{"id":16587,"date":"2009-12-14T14:40:00","date_gmt":"2009-12-14T19:40:00","guid":{"rendered":"http:\/\/www.bibula.com\/?p=16587"},"modified":"2009-12-14T14:40:00","modified_gmt":"2009-12-14T19:40:00","slug":"holandia-minister-zdrowia-legalizujaca-eutanazje-przyznaje-ze-to-byl-blad","status":"publish","type":"post","link":"https:\/\/www.bibula.com\/?p=16587","title":{"rendered":"Holandia: Minister zdrowia legalizuj\u0105ca eutanazj\u0119 przyznaje, \u017ce to by\u0142 b\u0142\u0105d"},"content":{"rendered":"<p><strong>By\u0142a holenderska minister zdrowia, kt\u00f3ra w 2001 r. doprowadzi\u0142a do zalegalizowania eutanazji, teraz przyzna\u0142a, \u017ce \u00f3wczesny rz\u0105d pope\u0142ni\u0142 b\u0142\u0105d. Najpierw trzeba by\u0142o skupi\u0107 si\u0119 na opiece paliatywnej.<\/strong><br \/>\r\n <br \/>\r\n Els Bort, kt\u00f3ra sprawowa\u0142a urz\u0105d ministra zdrowia w latach 1994-2002, przedstawi\u0142a nies\u0142awny projekt ustawy legalizuj\u0105cej eutanazj\u0119. Kiedy projekt zosta\u0142 przyj\u0119ty, Holandia sta\u0142a si\u0119 pierwszym na \u015bwiecie krajem, kt\u00f3ry uzna\u0142 za zgodne z prawem \u201ezadanie \u015bmierci osobie nieuleczalnie i terminalnie chorej umotywowane skr\u00f3ceniem jej cierpie\u0144\u201d.<br \/>\r\n <br \/>\r\n W 2008 r. holenderscy lekarze zg\u0142osili do obowi\u0105zkowego rejestru 2 331 przypadk\u00f3w eutanazji, 400 przypadk\u00f3w samob\u00f3jstwa wspomaganego oraz 550 tzw. zgon\u00f3w bez zgody pacjenta (np. od\u0142\u0105czenie od aparatury podtrzymuj\u0105cej \u017cycie na podstawie decyzji personelu medycznego).<br \/>\r\n <br \/>\r\n By\u0142a minister, jedna z g\u0142\u00f3wnych architekt\u00f3w pro-eutanazyjnego prawa, teraz uwa\u017ca, \u017ce \u00f3wczesny rz\u0105d zbytnio si\u0119 pospieszy\u0142. Przyznaje si\u0119 do tego w rozmowie z dr Anne-Mei The, autork\u0105 najnowszej ksi\u0105\u017cki na temat historii eutanazji. Ksi\u0105\u017cka nosi tytu\u0142 \u201eVerlossers naast God\u201d.<br \/>\r\n <br \/>\r\n Bort powiedzia\u0142a, \u017ce legalizacja eutanazji przysz\u0142a \u201eznacznie za szybko\u201d. Potwierdzi\u0142a, \u017ce rz\u0105d nie zwr\u00f3ci\u0142 wystarczaj\u0105cej uwagi na problematyk\u0119 opieki paliatywnej. \u201eW Holandii s\u0142uchali\u015bmy najpierw politycznych \u017c\u0105da\u0144 w sprawie eutanazji. (\u2026) Oczywi\u015bcie, to nie by\u0142o w odpowiednim porz\u0105dku.\u201d<br \/>\r\n <br \/>\r\n Alex Schadenberg, dyrektor wykonawczy organizacji Euthanasia Prevention Coalition (koalicja na rzecz zapobiegania eutanazji), zgadza si\u0119 z Els Bort &#8211; Holandia by\u0142a kompletnie nieefektywna w prowadzeniu odpowiedniej opieki paliatywnej. \u201eNawet dzisiaj wci\u0105\u017c nie maj\u0105 takiej opieki.\u201d<br \/>\r\n <br \/>\r\n Wypowiedzi Els Bort, ubolewaj\u0105cej nad sytuacj\u0105 w Holandii, s\u0105 szczeg\u00f3lnie wa\u017cne, poniewa\u017c obowi\u0105zuj\u0105ce tam ustawodawstwo jest sztandarowym argumentem dla zwolennik\u00f3w eutanazji w innych krajach.<br \/>\r\n <br \/>\r\n Alex Schadenberg przytoczy\u0142 przyk\u0142ad Kanady, gdzie \u015brodowisko pro-eutanazyjne w\u0142a\u015bnie przedstawi\u0142o projekt legalizacji eutanazji i samob\u00f3jstwa wspomaganego. Argumentacj\u0119 na rzecz zmian z prawie \u201ezaimportowano\u201d z Holandii.<br \/>\r\n <br \/>\r\n Doprowadzono do dramatycznego niedoboru odpowiedniej opieki nad tymi, kt\u00f3rzy s\u0105 w fazie terminalnej choroby nowotworowej lub do\u015bwiadczaj\u0105 przewlek\u0142ej, post\u0119puj\u0105cej niepe\u0142nosprawno\u015bci. \u201eJe\u015bli nie ma odpowiedniej opieki, nie pozostaje nic innego jak zalegalizowa\u0107 eutanazj\u0119\u201d &#8211; ironizuje Schadenberg.<br \/>\r\n <br \/>\r\n Jednocze\u015bnie przestrzega Kanadyjczyk\u00f3w: najpierw by\u0142a eutanazja dla terminalnie chorych cierpi\u0105cych silne b\u00f3le, a potem r\u00f3wnia pochy\u0142a &#8211; eutanazja noworodk\u00f3w, eutanazja pediatryczna, eutanazja psychicznie chorych\u2026 W Holandii stale poszerza si\u0119 kr\u0105g os\u00f3b, kt\u00f3re b\u0119dzie mo\u017cna u\u015bmierci\u0107 z mocy prawa\u2026<br \/>\r\n <br \/>\r\n Wyznania Els Bort s\u0105 ostrze\u017ceniem: \u201eNie pope\u0142nijcie tego samego b\u0142\u0119du!\u201d<\/p>\r\n\r\n<p class=\"zrodlo\">[Za: LifeSiteNews &#8211; 02.12.2009 r. via SPUC &#8211; 03.12.2009 r.]<\/p>","protected":false},"excerpt":{"rendered":"By\u0142a holenderska minister zdrowia, kt\u00f3ra w 2001 r. doprowadzi\u0142a do zalegalizowania eutanazji, teraz przyzna\u0142a, \u017ce \u00f3wczesny rz\u0105d pope\u0142ni\u0142 b\u0142\u0105d. Najpierw trzeba by\u0142o skupi\u0107 si\u0119 na opiece paliatywnej. Els Bort, kt\u00f3ra sprawowa\u0142a urz\u0105d ministra zdrowia w latach 1994-2002, przedstawi\u0142a nies\u0142awny projekt ustawy legalizuj\u0105cej eutanazj\u0119. Kiedy projekt zosta\u0142 przyj\u0119ty, Holandia sta\u0142a si\u0119 pierwszym na \u015bwiecie krajem, kt\u00f3ry [&hellip;]","protected":false},"author":1,"featured_media":0,"comment_status":"closed","ping_status":"closed","sticky":false,"template":"","format":"standard","meta":{"_acf_changed":false,"_monsterinsights_skip_tracking":false,"_monsterinsights_sitenote_active":false,"_monsterinsights_sitenote_note":"","_monsterinsights_sitenote_category":0,"ngg_post_thumbnail":0,"footnotes":"","_wp_rev_ctl_limit":""},"categories":[6],"tags":[49],"acf":[],"_links":{"self":[{"href":"https:\/\/www.bibula.com\/index.php?rest_route=\/wp\/v2\/posts\/16587"}],"collection":[{"href":"https:\/\/www.bibula.com\/index.php?rest_route=\/wp\/v2\/posts"}],"about":[{"href":"https:\/\/www.bibula.com\/index.php?rest_route=\/wp\/v2\/types\/post"}],"author":[{"embeddable":true,"href":"https:\/\/www.bibula.com\/index.php?rest_route=\/wp\/v2\/users\/1"}],"replies":[{"embeddable":true,"href":"https:\/\/www.bibula.com\/index.php?rest_route=%2Fwp%2Fv2%2Fcomments&post=16587"}],"version-history":[{"count":0,"href":"https:\/\/www.bibula.com\/index.php?rest_route=\/wp\/v2\/posts\/16587\/revisions"}],"wp:attachment":[{"href":"https:\/\/www.bibula.com\/index.php?rest_route=%2Fwp%2Fv2%2Fmedia&parent=16587"}],"wp:term":[{"taxonomy":"category","embeddable":true,"href":"https:\/\/www.bibula.com\/index.php?rest_route=%2Fwp%2Fv2%2Fcategories&post=16587"},{"taxonomy":"post_tag","embeddable":true,"href":"https:\/\/www.bibula.com\/index.php?rest_route=%2Fwp%2Fv2%2Ftags&post=16587"}],"curies":[{"name":"wp","href":"https:\/\/api.w.org\/{rel}","templated":true}]}}