{"id":16585,"date":"2009-12-14T13:58:16","date_gmt":"2009-12-14T18:58:16","guid":{"rendered":"http:\/\/www.bibula.com\/?p=16585"},"modified":"2009-12-14T13:58:16","modified_gmt":"2009-12-14T18:58:16","slug":"sprawa-smierci-przemyka-przedawnila-sie","status":"publish","type":"post","link":"https:\/\/www.bibula.com\/?p=16585","title":{"rendered":"Sprawa \u015bmierci Przemyka przedawni\u0142a si\u0119"},"content":{"rendered":"<p><strong>Sprawa \u015bmierci Grzegorza Przemyka przedawni\u0142a si\u0119 ju\u017c 1 stycznia 2005 r.      &#8211; uzna\u0142 dzi\u015b S\u0105d Apelacyjny w\u00a0Warszawie, umarzaj\u0105c proces by\u0142ego zomowca Ireneusza K. skazanego na 8 lat wi\u0119zienia za udzia\u0142 w\u00a0tym \u015bmiertelnym pobiciu. Wyrok jest prawomocny, a\u00a0pe\u0142nomocnicy ojca Przemyka zapowiadaj\u0105 kasacj\u0119 do S\u0105du Najwy\u017cszego. <\/strong><\/p>\r\n\r\n<p>W uzasadnieniu wyroku <strong>s\u0119dzia Rafa\u0142 Kaniok<\/strong> wyja\u015bni\u0142, \u017ce czyn zarzucony Ireneuszowi K. &#8211; <strong>umy\u015blny udzia\u0142 w\u00a0pobiciu z\u00a0nieumy\u015blnym skutkiem<\/strong> (w postaci \u015bmierci lub ci\u0119\u017ckiego uszkodzenia cia\u0142a) &#8211; nie jest obj\u0119ty artyku\u0142em Kodeksu karnego, kt\u00f3ry przewiduje, \u017ce nie przedawniaj\u0105 si\u0119 najci\u0119\u017csze umy\u015blne przest\u0119pstwa pope\u0142nione przez funkcjonariuszy publicznych.<\/p>\r\n\r\n<p>S\u0105d podkre\u015bli\u0142, \u017ce K. nie zarzucono umy\u015blnego spowodowania \u015bmierci ani ci\u0119\u017ckiego uszkodzenia cia\u0142a &#8211; gdyby tak by\u0142o to sprawa, by si\u0119 nie przedawni\u0142a.<\/p>\r\n\r\n<p>Ojciec Przemyka &#8211; Leopold nie chcia\u0142 komentowa\u0107 wyroku. Jego pe\u0142nomocnik, mec. Andrzej Zalewski powiedzia\u0142 dziennikarzom, \u017ce taki wyrok oznacza, i\u017c umorzy\u0107 b\u0119dzie trzeba wiele innych spraw ofiar stanu wojennego pobitych na komisariatach milicji.<\/p>\r\n\r\n<p>&#8211; <em>Tam zwykle by\u0142o tak, \u017ce bi\u0142o wielu milicjant\u00f3w i\u00a0nie da si\u0119 ustali\u0107, kto, czego dokona\u0142, ani tym bardziej &#8211; czy przewidywa\u0142 skutki<\/em> &#8211; powiedzia\u0142, zapowiadaj\u0105c kasacj\u0119 do SN.<\/p>\r\n\r\n<p>Sprawa trwa ju\u017c 26 lat. S\u0105d Apelacyjny w\u00a0Warszawie rozpatrywa\u0142 dzi\u015b apelacj\u0119 obrony Ireneusza K., kt\u00f3ry w\u00a0maju zesz\u0142ego roku zosta\u0142 skazany na 8 lat wi\u0119zienia, zmniejszone o\u00a0po\u0142ow\u0119 na mocy amnestii.<\/p>\r\n\r\n<p>K. by\u0142 s\u0105dzony wtedy pi\u0105ty raz, po raz pierwszy zapad\u0142 wyrok skazuj\u0105cy. Wcze\u015bniej s\u0105dy uwalnia\u0142y go od winy w\u00a0tej jednej z\u00a0najg\u0142o\u015bniejszych zbrodni aparatu w\u0142adzy PRL. Wyroki uniewinniaj\u0105ce uchyla\u0142y s\u0105dy wy\u017cszych instancji.<\/p>\r\n\r\n<p>S\u0105d Okr\u0119gowy w\u00a0Warszawie przed rokiem nie mia\u0142 w\u0105tpliwo\u015bci, \u017ce K. by\u0142 jednym z\u00a0trzech milicjant\u00f3w, kt\u00f3rzy w\u00a0maju 1983 r. bili Przemyka w\u00a0komisariacie MO na Starym Mie\u015bcie w\u00a0Warszawie. W\u00a0PRL w\u0142adze usi\u0142owa\u0142y przerzuci\u0107 odpowiedzialno\u015b\u0107 na sanitariuszy, kt\u00f3rzy wie\u017ali Przemyka z\u00a0komisariatu do szpitala. Zarazem s\u0105d I\u00a0instancji uzna\u0142, \u017ce czyn K. &#8211; jako czyn karalny funkcjonariusza publicznego z\u00a0PRL &#8211; nie przedawni\u0142 si\u0119.<\/p>\r\n\r\n<p>12 maja 1983 r. 19-letni maturzysta Grzegorz Przemyk z\u00a0koleg\u0105 \u015bwi\u0119towa\u0142 zdane egzaminy na Pl. Zamkowym w\u00a0Warszawie. Zatrzymali go milicjanci. Zabrali Przemyka, kt\u00f3ry nie mia\u0142 dokument\u00f3w, na komisariat, gdzie go skatowali. Dosta\u0142 ponad 40 cios\u00f3w pa\u0142kami po barkach i\u00a0plecach oraz kilkana\u015bcie cios\u00f3w \u0142okciem lub pi\u0119\u015bci\u0105 w\u00a0brzuch.<\/p>\r\n\r\n<p>Przewieziony do szpitala, zmar\u0142 po dw\u00f3ch dniach. Pogrzeb Przemyka sta\u0142 si\u0119 wielk\u0105 manifestacj\u0105 przeciw w\u0142adzom. Dotychczas s\u0105dy cztery razy uniewinni\u0142y K., ale wy\u017csze instancje &#8211; tak\u017ce S\u0105d Najwy\u017cszy &#8211; zwraca\u0142y spraw\u0119 do ponownego os\u0105dzenia. Ireneusz K., 20-letni w\u00f3wczas zomowiec, do niedawna pracowa\u0142 w\u00a0policji w\u00a0Bi\u0142goraju. Obecnie jest na mundurowej emeryturze.<\/p>\r\n\r\n<p class=\"zrodlo\">interia.pl \u2022 2009.12.14 [km]<\/p>","protected":false},"excerpt":{"rendered":"Sprawa \u015bmierci Grzegorza Przemyka przedawni\u0142a si\u0119 ju\u017c 1 stycznia 2005 r. &#8211; uzna\u0142 dzi\u015b S\u0105d Apelacyjny w\u00a0Warszawie, umarzaj\u0105c proces by\u0142ego zomowca Ireneusza K. skazanego na 8 lat wi\u0119zienia za udzia\u0142 w\u00a0tym \u015bmiertelnym pobiciu. Wyrok jest prawomocny, a\u00a0pe\u0142nomocnicy ojca Przemyka zapowiadaj\u0105 kasacj\u0119 do S\u0105du Najwy\u017cszego. W uzasadnieniu wyroku s\u0119dzia Rafa\u0142 Kaniok wyja\u015bni\u0142, \u017ce czyn zarzucony Ireneuszowi [&hellip;]","protected":false},"author":1,"featured_media":0,"comment_status":"closed","ping_status":"closed","sticky":false,"template":"","format":"standard","meta":{"_acf_changed":false,"_monsterinsights_skip_tracking":false,"_monsterinsights_sitenote_active":false,"_monsterinsights_sitenote_note":"","_monsterinsights_sitenote_category":0,"ngg_post_thumbnail":0,"footnotes":"","_wp_rev_ctl_limit":""},"categories":[8],"tags":[98,81,36],"acf":[],"_links":{"self":[{"href":"https:\/\/www.bibula.com\/index.php?rest_route=\/wp\/v2\/posts\/16585"}],"collection":[{"href":"https:\/\/www.bibula.com\/index.php?rest_route=\/wp\/v2\/posts"}],"about":[{"href":"https:\/\/www.bibula.com\/index.php?rest_route=\/wp\/v2\/types\/post"}],"author":[{"embeddable":true,"href":"https:\/\/www.bibula.com\/index.php?rest_route=\/wp\/v2\/users\/1"}],"replies":[{"embeddable":true,"href":"https:\/\/www.bibula.com\/index.php?rest_route=%2Fwp%2Fv2%2Fcomments&post=16585"}],"version-history":[{"count":0,"href":"https:\/\/www.bibula.com\/index.php?rest_route=\/wp\/v2\/posts\/16585\/revisions"}],"wp:attachment":[{"href":"https:\/\/www.bibula.com\/index.php?rest_route=%2Fwp%2Fv2%2Fmedia&parent=16585"}],"wp:term":[{"taxonomy":"category","embeddable":true,"href":"https:\/\/www.bibula.com\/index.php?rest_route=%2Fwp%2Fv2%2Fcategories&post=16585"},{"taxonomy":"post_tag","embeddable":true,"href":"https:\/\/www.bibula.com\/index.php?rest_route=%2Fwp%2Fv2%2Ftags&post=16585"}],"curies":[{"name":"wp","href":"https:\/\/api.w.org\/{rel}","templated":true}]}}