{"id":16573,"date":"2009-12-14T23:59:49","date_gmt":"2009-12-15T04:59:49","guid":{"rendered":"http:\/\/www.bibula.com\/?p=16573"},"modified":"2009-12-14T12:00:08","modified_gmt":"2009-12-14T17:00:08","slug":"plinio-correa-de-oliveira-krzyzowiec-xx-wieku","status":"publish","type":"post","link":"https:\/\/www.bibula.com\/?p=16573","title":{"rendered":"Plinio Correa de Oliveira &#8211; Krzy\u017cowiec XX wieku"},"content":{"rendered":"<p><strong>\u0179ycie Plinio Correi de Oliveira pozwala nam poj\u0105\u0107, \u017ce im bardziej w jakiej\u015b epoce nasila si\u0119 z\u0142o, tym bardziej wyj\u0105tkowe postaci Opatrzno\u015b\u0107 powo\u0142uje do stawienia mu czo\u0142a; jej zamys\u0142 zwalczania kryzys\u00f3w przejawia si\u0119 w powo\u0142ywaniu p\u0142omiennych dusz &#8211; powiedzia\u0142 kardyna\u0142 Bernardino Echeverria Ruiz.<\/strong><\/p>\r\n\r\n<p>W trudnych momentach historii Ko\u015bcio\u0142a Opatrzno\u015b\u0107 w swej dobroci dawa\u0142a \u015bwiatu ludzi, kt\u00f3rzy uosabiali walk\u0119 przeciw b\u0142\u0119dom swoich czas\u00f3w. Takimi lud\u017ami byli \u015bw. Franciszek, Dominik, Ignacy Loyola czy ksi\u0105dz Piotr Skarga. W mrocznym XX wieku, naznaczonym masow\u0105 apostazj\u0105 i splamionym krwi\u0105 milion\u00f3w niewinnych istnie\u0144 ludzkich, zg\u0142adzonych w niesprawiedliwych wojnach, rewolucjach, prze\u015bladowaniach czy te\u017c w wyniku hekatomby aborcyjnej; w wieku rewolucji kulturalnej pr\u00f3buj\u0105cej zbudowa\u0107 cz\u0142owieka ca\u0142kowicie egalitarnego i otwartego na dzia\u0142ania demoniczne; opatrzno\u015b\u0107 da\u0142a nam za\u0142o\u017cyciela mi\u0119dzynarodowego ruchu Obrony Tradycji Rodziny i W\u0142asno\u015bci &#8211; Plinia Corre\u0119 de Oliveira.<\/p>\r\n\r\n<p>Na jego grobie widnieje zdanie: \u201eCz\u0142owiek, katolicki, apostolski i w pe\u0142ni rzymski\u201d. Taki te\u017c by\u0142 &#8211; gorliwy Krzy\u017cowiec XX wieku.<\/p>\r\n\r\n<p>Plinio Correa de Oliveira urodzi\u0142 si\u0119 w Sao Paulo 13 grudnia 1908 roku. Ju\u017c jako dziecko dostrzeg\u0142 z\u0142o, kt\u00f3re w tajemniczy spos\u00f3b eliminowa\u0142o ze \u015bwiata coraz to wi\u0119cej element\u00f3w \u015bwi\u0119tych, szlachetnych i prawowitych zast\u0119puj\u0105c je elementami grzesznymi, wulgarnymi, nieprawymi. Jako m\u0142odzieniec wiedzia\u0142 ju\u017c jakie jest jego powo\u0142anie. Przepe\u0142niony mi\u0142o\u015bci\u0105 do Chrystusa i Jego Przeczystej Matki Maryi oraz do Ko\u015bcio\u0142a Katolickiego, kt\u00f3ry zrodzi\u0142 najwspanialsz\u0105 i bezcenn\u0105 Cywilizacj\u0119 Chrze\u015bcija\u0144sk\u0105, postanowi\u0142 wyruszy\u0107 na Krucjat\u0119.<\/p>\r\n\r\n<p>Wychowywany w atmosferze arystokratycznej i g\u0142\u0119boko katolickiej Plinio Correa de Oliveira wst\u0105pi\u0142 w 1919 r. do prowadzonej przez jezuickich ksi\u0119\u017cy Colegio Sao Luiz. Tutaj odczu\u0142 radykalny kontrast pomi\u0119dzy \u017cyciem w\u0142asnej rodziny, \u017cyciem cnotliwym, tradycyjnym, arystokratycznym i spokojnym, z kt\u00f3rym by\u0142 zwi\u0105zany z jednej strony a moralnym zepsuciem, wulgarno\u015bci\u0105, egalitaryzmem i z\u0142ym wp\u0142ywem swych koleg\u00f3w z drugiej strony. Tam zdecydowa\u0142 si\u0119 po\u015bwi\u0119ci\u0107 ca\u0142e swoje \u017cycie obronie Ko\u015bcio\u0142a i Cywilizacji Chrze\u015bcija\u0144skiej.<\/p>\r\n\r\n<p>Jako 20-letni m\u0142odzieniec z wielkim zapa\u0142em wykorzystuj\u0105c talenty, kt\u00f3rymi obdarzy\u0142a go Opatrzno\u015b\u0107 oraz swoj\u0105 energi\u0119 i pracowito\u015b\u0107 rozpocz\u0105\u0142 dzia\u0142alno\u015b\u0107 publiczn\u0105. Szybko sta\u0142 si\u0119 liderem laikatu katolickiego w Brazylii. Zosta\u0142 wybrany do parlamentu Brazylii z popieranego przez Ko\u015bci\u00f3\u0142 ugrupowania Katolickiej Ligi Wyborczej. Sta\u0142 na czele pisma \u201eLegionario\u201d i maj\u0105c 35 lat przewodniczy\u0142 diecezjalnej Akcji Katolickiej w Sao Paulo. Sta\u0142 si\u0119 obro\u0144c\u0105 przed komunizmem, nazizmem i faszyzmem, kt\u00f3re postrzega\u0142 jako najwi\u0119kszych wrog\u00f3w; przeciwstawia\u0142 im heroiczn\u0105 i nadprzyrodzon\u0105 wizj\u0119 katolicyzmu.<\/p>\r\n\r\n<p>Ten czujny obro\u0144ca Ko\u015bcio\u0142a dostrzeg\u0142 niebezpieczn\u0105 infiltracj\u0119 \u015brodowisk katolickich w swym kraju przez pot\u0119pione przez papie\u017cy nurty progresistowskie. W obliczu zagro\u017cenia napisa\u0142 ksi\u0105\u017ck\u0119 pt. \u201eW obronie Akcji Katolickiej\u201d, kt\u00f3ra sta\u0142a si\u0119 niezwykle skutecznym i dotkliwym ciosem dla post\u0119powc\u00f3w. Jednak\u017ce od tego momentu on sam &#8211; mimo wyra\u017anej pochwa\u0142y przes\u0142anej przez sekretarza papie\u017ca Piusa XII &#8211; zosta\u0142 odsuni\u0119ty od kierowania Akcj\u0105 Katolick\u0105. U szczytu swej kariery zosta\u0142 poddany ostracyzmowi ze strony zainfekowanych nurtami rewolucyjnymi brazylijskich duchownych.<\/p>\r\n\r\n<p>Jednak wkr\u00f3tce wok\u00f3\u0142 Oliveiry zgromadzili si\u0119 inni, kt\u00f3rzy r\u00f3wnie\u017c dostrzegali narastaj\u0105ce zagro\u017cenie ze strony komunizmu, kt\u00f3ry z jednej strony lansowa\u0142 swoj\u0105 utopijn\u0105 ideologi\u0119 w spo\u0142ecze\u0144stwie, a z drugiej strony przenika\u0142 do samego Ko\u015bcio\u0142a, by wkr\u00f3tce wybuchn\u0105\u0107 jako (pot\u0119piony przez papie\u017ca) ruch Teologii Wyzwolenia, kt\u00f3ry w Ameryce Po\u0142udniowej sta\u0142 si\u0119 g\u0142\u00f3wnym promotorem czerwonej zarazy.<\/p>\r\n\r\n<p>Po II wojnie \u015bwiatowej odnosi\u0142o si\u0119 wra\u017cenie, \u017ce komunizm triumfuje. Pod jego panowanie dosta\u0142o si\u0119 wiele narod\u00f3w Europy \u015brodkowej i wschodniej. Wietnam, kraje afryka\u0144skie, Kuba czy na pewien czas Chile pod rz\u0105dami prezydenta Allende. W wielu krajach zachodnich (W\u0142ochy, Francja) dzia\u0142a\u0142y silne partie komunistyczne czy socjalistyczne.<\/p>\r\n\r\n<p>Wobec tego \u015bmiertelnego zagro\u017cenia dla porz\u0105dku i Cywilizacji Chrze\u015bcija\u0144skiej Plinio Correa de Oliveira wznosi wysoko sztandar ze z\u0142otym walecznym lwem. Jest to sztandar za\u0142o\u017conego w 1960 roku ruchu Obrony Tradycji Rodziny i W\u0142asno\u015bci TFP. Rozpoczyna si\u0119 zorganizowana Kontrrewolucja. W celu skuteczniejszej dzia\u0142alno\u015bci Oliveira opisa\u0142 problem walki z si\u0142ami chaosu antychrze\u015bcija\u0144skiego w b\u0142yskotliwym eseju pod tytu\u0142em \u201eRewolucja i Kontrrewolucja\u201d. Ksi\u0105\u017cka sta\u0142a si\u0119 swoistym podr\u0119cznikiem kontrrewolucjonist\u00f3w. Przet\u0142umaczono j\u0105 na wiele j\u0119zyk\u00f3w w tym na j\u0119zyk polski. Correa de Oliveira w Brazylii zorganizowa\u0142 katolik\u00f3w w walce przeciw rozwodom, komunistycznej reformie rolnej czy wp\u0142ywom jadu teologii wyzwolenia.<\/p>\r\n\r\n<p>Z czasem idea Kontrrewolucji przenios\u0142a si\u0119 do innych pa\u0144stw Ameryki Po\u0142udniowej, do USA oraz do Europy, Australii RPA, czy Filipin. Zacz\u0119\u0142y powstawa\u0107 liczne siostrzane TFP na ca\u0142ym \u015bwiecie. W 1990 r. mi\u0119dzynarodowa rodzina TFP zorganizowa\u0142a wielk\u0105 akcj\u0119 w obronie niepodleg\u0142o\u015bci Litwy, kt\u00f3rej Gorbaczow nie chcia\u0142 wypu\u015bci\u0107 z \u017celaznego sowieckiego u\u015bcisku. Zebrano ponad 5 milion\u00f3w podpis\u00f3w! Petycja zosta\u0142a odnotowana w Ksi\u0119dze rekord\u00f3w Guinnessa!<\/p>\r\n\r\n<p>Ten wielki obro\u0144ca Ko\u015bcio\u0142a i Cywilizacji Chrze\u015bcija\u0144skiej zmar\u0142 3 pa\u017adziernika 1995 roku.<\/p>\r\n\r\n<p>W swoim \u017cyciu Plinio Correa de Oliveira zawsze podporz\u0105dkowywa\u0142 swoj\u0105 my\u015bl i dzia\u0142anie nieomylnemu nauczaniu Ko\u015bcio\u0142a Katolickiego. Dzi\u0119ki znajomo\u015bci doktryny katolickiej i ufnej wierze by\u0142 w stanie przejrze\u0107 podst\u0119py Rewolucji, jak cho\u0107by ten zwi\u0105zany z \u201eSocjalizmem Samorz\u0105dnym\u201d, kt\u00f3ry lansowa\u0142a francuska partia socjalistyczna z Francois Mitterrandem na czele.<\/p>\r\n\r\n<p>Oliveira r\u00f3wnie trafnie zdiagnozowa\u0142 tzw. upadek komunizmu w ZSRS, Europie \u015brodkowej i wschodniej pokazuj\u0105c, i\u017c w rzeczywisto\u015bci by\u0142a to tylko \u201eprzesiadka ideologiczna\u201d Rewolucji. Rewolucji, kt\u00f3ra zamiast ka\u0142asznikowa Che Guevary chce u\u017cywa\u0107 idiotycznych min Daniela Cohn Bendita czy nihilistycznego wyzbycia si\u0119 \u201eBoga i pana\u201d przy pomocy narkotyk\u00f3w, niemoralnych m\u00f3d i styl\u00f3w \u017cycia, seksualnych aberracji czy okultyzmu.<\/p>\r\n\r\n<p>W swej walce Plinio Correa de Oliveira zawsze kierowa\u0142 sw\u00f3j wzrok ku Maryi Matce Boga. Ufa\u0142, \u017ce po serii nieszcz\u0119\u015b\u0107 i kar, kt\u00f3re ludzko\u015b\u0107 na skutek wielkiego odst\u0119pstwa od Boga \u015bci\u0105ga\u0107 b\u0119dzie na siebie w ko\u0144cu nast\u0105pi zwyci\u0119stwo Bo\u017cej sprawy. Ta ufno\u015b\u0107 poparta zosta\u0142a s\u0142owami wypowiedzianymi przez Matk\u0119 Bo\u017c\u0105 w Fatimie \u201ew ko\u0144cu Moje Niepokalane Serce zatriumfuje!\u201d.<\/p>\r\n\r\n<p>R\u00f3wnie\u017c w Polsce tu\u017c po roku 1989 powsta\u0142o niewielkie pocz\u0105tkowo przedstawicielstwo ruchu TFP, kt\u00f3re prowadzi\u0142 Brazylijczyk Leonardo Przybysz. Kilka lat p\u00f3\u017aniej w roku 1999 powsta\u0142o Polskie TFP pod nazw\u0105 Stowarzyszenie Kultury Chrze\u015bcija\u0144skiej im. Ksi\u0119dza Piotra Skargi, kt\u00f3re szybko wznios\u0142o sztandar Kontrrewolucji w ojczy\u017anie kr\u00f3la Jana III Sobieskiego. W ci\u0105gu prawie 10 lat swego istnienia polskie TFP przeprowadzi\u0142o szereg kampanii przeciwko antychrze\u015bcija\u0144skim i antycywilizacyjnym planom Rewolucji. Przeprowadzi\u0142o m.in. akcje przeciwko legalizacji zwi\u0105zk\u00f3w homoseksualnych oraz przeciwko aborcji organizuj\u0105c m.in. doroczny \u201eMarsz dla \u0179ycia i Rodziny\u201d. Stowarzyszenie przedstawi\u0142o opinii publicznej niebezpiecze\u0144stwa zwi\u0105zane z przyj\u0119ciem Traktatu Lizbo\u0144skiego. R\u00f3wnocze\u015bnie pod has\u0142em \u201ePrzebud\u017amy sumienia Polak\u00f3w\u201d polskie TFP prowadzi wielk\u0105 akcj\u0119 promuj\u0105c\u0105 Or\u0119dzie Matki Bo\u017cej z Fatimy. Do dzi\u015b rozprowadzi\u0142o ju\u017c osiemset tysi\u0119cy ksi\u0105\u017cek z Przes\u0142aniem fatimskim. Id\u0105c za wezwaniem Kr\u00f3lowej Nieba Stowarzyszenie rozprowadza r\u00f3\u017ca\u0144ce i przypomina o innych, znanych w Ko\u015bciele, tradycyjnych praktykach takich jak: nabo\u017ce\u0144stwo do Naj\u015bwi\u0119tszego Serca Jezusowego; noszenie Cudownego Medalika, Tarczy Naj\u015bwi\u0119tszego Serca Jezusowego.<\/p>\r\n\r\n<p>Istnienie i rozw\u00f3j stowarzysze\u0144 TFP w \u015bwiecie pokazuje, \u017ce misja Plinia Correi de Oliveira trwa i zmierza do wielkiego triumfu, kt\u00f3rym po zapowiedzianej przez Maryj\u0119 karze, b\u0119dzie zwyci\u0119stwo Ko\u015bcio\u0142a nad Jego wrogami i odbudowa Cywilizacji Chrze\u015bcija\u0144skiej.<\/p>\r\n\r\n<p><em>Arkadiusz Stelmach, \u201eRycerz Lepanto\u201d, nr 21, 2008<\/em><\/p>","protected":false},"excerpt":{"rendered":"\u0179ycie Plinio Correi de Oliveira pozwala nam poj\u0105\u0107, \u017ce im bardziej w jakiej\u015b epoce nasila si\u0119 z\u0142o, tym bardziej wyj\u0105tkowe postaci Opatrzno\u015b\u0107 powo\u0142uje do stawienia mu czo\u0142a; jej zamys\u0142 zwalczania kryzys\u00f3w przejawia si\u0119 w powo\u0142ywaniu p\u0142omiennych dusz &#8211; powiedzia\u0142 kardyna\u0142 Bernardino Echeverria Ruiz. W trudnych momentach historii Ko\u015bcio\u0142a Opatrzno\u015b\u0107 w swej dobroci dawa\u0142a \u015bwiatu ludzi, [&hellip;]","protected":false},"author":1,"featured_media":0,"comment_status":"closed","ping_status":"closed","sticky":false,"template":"","format":"standard","meta":{"_acf_changed":false,"_monsterinsights_skip_tracking":false,"_monsterinsights_sitenote_active":false,"_monsterinsights_sitenote_note":"","_monsterinsights_sitenote_category":0,"ngg_post_thumbnail":0,"footnotes":"","_wp_rev_ctl_limit":""},"categories":[9],"tags":[119],"acf":[],"_links":{"self":[{"href":"https:\/\/www.bibula.com\/index.php?rest_route=\/wp\/v2\/posts\/16573"}],"collection":[{"href":"https:\/\/www.bibula.com\/index.php?rest_route=\/wp\/v2\/posts"}],"about":[{"href":"https:\/\/www.bibula.com\/index.php?rest_route=\/wp\/v2\/types\/post"}],"author":[{"embeddable":true,"href":"https:\/\/www.bibula.com\/index.php?rest_route=\/wp\/v2\/users\/1"}],"replies":[{"embeddable":true,"href":"https:\/\/www.bibula.com\/index.php?rest_route=%2Fwp%2Fv2%2Fcomments&post=16573"}],"version-history":[{"count":0,"href":"https:\/\/www.bibula.com\/index.php?rest_route=\/wp\/v2\/posts\/16573\/revisions"}],"wp:attachment":[{"href":"https:\/\/www.bibula.com\/index.php?rest_route=%2Fwp%2Fv2%2Fmedia&parent=16573"}],"wp:term":[{"taxonomy":"category","embeddable":true,"href":"https:\/\/www.bibula.com\/index.php?rest_route=%2Fwp%2Fv2%2Fcategories&post=16573"},{"taxonomy":"post_tag","embeddable":true,"href":"https:\/\/www.bibula.com\/index.php?rest_route=%2Fwp%2Fv2%2Ftags&post=16573"}],"curies":[{"name":"wp","href":"https:\/\/api.w.org\/{rel}","templated":true}]}}