{"id":1655,"date":"2008-02-05T13:51:08","date_gmt":"2008-02-05T13:51:08","guid":{"rendered":""},"modified":"2018-02-05T10:47:07","modified_gmt":"2018-02-05T15:47:07","slug":"koniec-komunii-na-reke","status":"publish","type":"post","link":"https:\/\/www.bibula.com\/?p=1655","title":{"rendered":"Koniec Komunii na r\u0119k\u0119?"},"content":{"rendered":"<p>Ko\u015bci\u00f3\u0142 powinien ponownie rozwa\u017cy\u0107, czy udziela\u0107 Komunii \u015awi\u0119tej na r\u0119k\u0119, stwierdzi\u0142 sekretarz watyka\u0144skiej Kongregacji ds. Kultu Bo\u017cego i Dyscypliny Sakrament\u00f3w ks. abp Albert Malcolm Ranjith Patabendige Don. &#8222;My\u015bl\u0119, \u017ce nadszed\u0142 czas, by dokona\u0107 oceny i rewizji tych praktyk, i je\u015bli oka\u017ce si\u0119 to konieczne, porzucenia ich&#8221; &#8211; napisa\u0142 ksi\u0105dz arcybiskup we wprowadzeniu do ksi\u0105\u017cki ks. bp. Athanasiusa Schneidera z Kazachstanu pt. &#8222;Dominus Est: refleksje biskupa z Azji \u015arodkowej o Komunii \u015awi\u0119tej&#8221;. <br>\r\n <br>\r\n Publikacja ukaza\u0142a si\u0119 w styczniu w Watyka\u0144skiej Ksi\u0119garni Wydawniczej. We wst\u0119pie sekretarz Kongregacji Kultu Bo\u017cego i Dyscypliny Sakrament\u00f3w podkre\u015bli\u0142, \u017ce &#8222;Eucharystia, chleb, kt\u00f3ry uleg\u0142 transsubstancjacji w Cia\u0142o Chrystusa, i wino &#8211; w Krew Chrystusa, B\u00f3g po\u015br\u00f3d nas musi by\u0107 przyjmowany z boja\u017ani\u0105 i w postawie pokornej adoracji&#8221;. Jednocze\u015bnie zaznaczy\u0142, \u017ce Sob\u00f3r Watyka\u0144ski II nigdy nie autoryzowa\u0142 przyjmowania przez katolik\u00f3w Komunii na r\u0119k\u0119, praktyki, kt\u00f3ra &#8222;by\u0142a wprowadzana z nadu\u017cyciami i pospiesznie w niekt\u00f3rych kr\u0119gach&#8221;, i dopiero potem uzyska\u0142a przyzwolenie Stolicy Apostolskiej. &#8222;Prawd\u0105 jest, \u017ce je\u015bli mo\u017cna przyjmowa\u0107 Komuni\u0119 na j\u0119zyk, mo\u017cna j\u0105 r\u00f3wnie\u017c przyjmowa\u0107 na r\u0119k\u0119, bo j\u0119zyk i r\u0119ka s\u0105 cz\u0119\u015bciami cia\u0142a r\u00f3wnymi co do godno\u015bci&#8221;, napisa\u0142 ksi\u0105dz arcybiskup. Zaznaczy\u0142 jednak, i\u017c wprowadzanie praktyki udzielania Komunii \u015awi\u0119tej na r\u0119k\u0119 zbieg\u0142o si\u0119 w czasie z pocz\u0105tkiem &#8222;stopniowego i rosn\u0105cego s\u0142abni\u0119cia nabo\u017cnego stosunku wobec naj\u015bwi\u0119tszych postaci eucharystycznych&#8221;. &#8222;Dzi\u015b bardziej ni\u017c kiedykolwiek trzeba koniecznie pom\u00f3c wiernym odnowi\u0107 \u017cyw\u0105 wiar\u0119 w realn\u0105 obecno\u015b\u0107 Chrystusa pod postaciami eucharystycznymi, tak aby wzmocni\u0107 \u017cycie Ko\u015bcio\u0142a i broni\u0107 si\u0119 w jego wn\u0119trzu przed niebezpiecznymi zniekszta\u0142ceniami wiary&#8221; &#8211; doda\u0142 ksi\u0105dz arcybiskup. <br>\r\n <strong>SJ, KAI<\/strong><\/p>\r\n<p>Za: <a class=\"content_sz\" href=\"http:\/\/www.naszdziennik.pl\/index.php?typ=wi&amp;dat=20080205&amp;id=wi11.txt\" target=\"_blank\" rel=\"noopener\">Nasz Dziennik.pl<\/a><\/p>\r\n<p>&nbsp;<\/p>\r\n<blockquote>\r\n<p><strong>KOMENTARZ <em>BIBU\u0141Y<\/em><\/strong>: Najbardziej zastanawiaj\u0105ce w tym wszystkim jest nie to, \u017ce ten czy inny biskup wyra\u017ca swoje w\u0105tpliwo\u015bci wobec tak obrzydliwego nadu\u017cycia jakim jest udzielanie Komunii \u015bw. na r\u0119k\u0119 &#8211; bo tego typu informacje pojawiaj\u0105 si\u0119 od czasu do czasu, cho\u0107 rzadko przytaczane s\u0105 przez pras\u0119 polsk\u0105 &#8211; lecz to, \u017ce <em>neo<\/em>katolickie pismo jakim jest <em>Nasz Dziennik<\/em>, przytacza tego typu informacj\u0119. <em>Nasz Dziennik<\/em>, b\u0119d\u0105cy kana\u0142em informacyjnym Radia Maryja, zawsze bi\u0142 w radosne b\u0119bny wychwalaj\u0105c nawet te najtragiczniejsze nowinki wprowadzane przez &#8222;\u015bwi\u0119tego&#8221; Jana Paw\u0142a II. Czy to nie dziwne, \u017ce ju\u017c w pierwszy tydzie\u0144 po wprowadzeniu w 2002 roku przez papie\u017ca Jana Paw\u0142a II &#8222;tajemnicy \u015bwiat\u0142a&#8221; &#8211; tego zupe\u0142nie niezgodnego z przekazem i logik\u0105 r\u00f3\u017ca\u0144ca nowinkarskiego dodatku &#8211; Radio Maryja podchwyci\u0142o t\u0119 nowink\u0119 i do tej pory trzyma si\u0119 tej <em>propozycji<\/em> uwa\u017caj\u0105c j\u0105 jako norm\u0119? A z drugiej strony: czy to nie dziwne, \u017ce gdy papie\u017c Benedykt XVI w wydanym w lipcu zesz\u0142ego roku <em>motu proprio <\/em>przywr\u00f3ci\u0142 mo\u017cliwo\u015b\u0107 odprawiania tradycyjnej Mszy \u015bw., to &#8222;konserwatywne&#8221; Radio Maryja nie tylko do dzisiaj ucieka od Mszy \u015bw. Wszechczas\u00f3w jak diabe\u0142 od wody \u015bwi\u0119conej, lecz nawet <strong>nie nada\u0142o ani jednej audycji na ten temat<\/strong>?<\/p>\r\n<p>Dziwi zatem postawa <em>Naszego Dziennika<\/em>, cho\u0107 oczywi\u015bci zaskakuje w sensie pozytywnym. Mo\u017ce po 10 latach chce naprawd\u0119 sta\u0107 si\u0119 katolickim pismem, odrzucaj\u0105c zgubne nowinkarstwo Jana Paw\u0142a II, cz\u0119sto krocz\u0105cego \u015blep\u0105 uliczk\u0105 posoborowych zmian. A mo\u017ce tylko, zadaj\u0105c tytu\u0142owe pytanie <strong>boi si\u0119<\/strong> nadchodz\u0105cych w Ko\u015bciele niezb\u0119dnych dla Jego przetrwania przemian?<\/p>\r\n<\/blockquote>","protected":false},"excerpt":{"rendered":"Ko\u015bci\u00f3\u0142 powinien ponownie rozwa\u017cy\u0107, czy udziela\u0107 Komunii \u015awi\u0119tej na r\u0119k\u0119, stwierdzi\u0142 sekretarz watyka\u0144skiej Kongregacji ds. Kultu Bo\u017cego i Dyscypliny Sakrament\u00f3w ks. abp Albert Malcolm Ranjith Patabendige Don. &#8222;My\u015bl\u0119, \u017ce nadszed\u0142 czas, by dokona\u0107 oceny i rewizji tych praktyk, i je\u015bli oka\u017ce si\u0119 to konieczne, porzucenia ich&#8221; &#8211; napisa\u0142 ksi\u0105dz arcybiskup we wprowadzeniu do ksi\u0105\u017cki ks. [&hellip;]","protected":false},"author":1,"featured_media":0,"comment_status":"closed","ping_status":"open","sticky":false,"template":"","format":"standard","meta":{"_acf_changed":false,"_monsterinsights_skip_tracking":false,"_monsterinsights_sitenote_active":false,"_monsterinsights_sitenote_note":"","_monsterinsights_sitenote_category":0,"ngg_post_thumbnail":0,"footnotes":"","_wp_rev_ctl_limit":""},"categories":[3],"tags":[83,41,33],"acf":[],"_links":{"self":[{"href":"https:\/\/www.bibula.com\/index.php?rest_route=\/wp\/v2\/posts\/1655"}],"collection":[{"href":"https:\/\/www.bibula.com\/index.php?rest_route=\/wp\/v2\/posts"}],"about":[{"href":"https:\/\/www.bibula.com\/index.php?rest_route=\/wp\/v2\/types\/post"}],"author":[{"embeddable":true,"href":"https:\/\/www.bibula.com\/index.php?rest_route=\/wp\/v2\/users\/1"}],"replies":[{"embeddable":true,"href":"https:\/\/www.bibula.com\/index.php?rest_route=%2Fwp%2Fv2%2Fcomments&post=1655"}],"version-history":[{"count":0,"href":"https:\/\/www.bibula.com\/index.php?rest_route=\/wp\/v2\/posts\/1655\/revisions"}],"wp:attachment":[{"href":"https:\/\/www.bibula.com\/index.php?rest_route=%2Fwp%2Fv2%2Fmedia&parent=1655"}],"wp:term":[{"taxonomy":"category","embeddable":true,"href":"https:\/\/www.bibula.com\/index.php?rest_route=%2Fwp%2Fv2%2Fcategories&post=1655"},{"taxonomy":"post_tag","embeddable":true,"href":"https:\/\/www.bibula.com\/index.php?rest_route=%2Fwp%2Fv2%2Ftags&post=1655"}],"curies":[{"name":"wp","href":"https:\/\/api.w.org\/{rel}","templated":true}]}}