{"id":165,"date":"2006-03-15T00:00:00","date_gmt":"2006-03-15T00:00:00","guid":{"rendered":""},"modified":"2016-03-15T10:54:01","modified_gmt":"2016-03-15T14:54:01","slug":"opetani-franciszkanie-uwaga-ostre-zdjecia","status":"publish","type":"post","link":"https:\/\/www.bibula.com\/?p=165","title":{"rendered":"Op\u0119tani Franciszkanie: UWAGA-Ostre zdj\u0119cia!"},"content":{"rendered":"<p>&#8222;Modlitwa&#8221; op\u0119tanych braci Franciszkan\u00f3w <em>Franziskanische Gassen-Kapelle<\/em> z Zurichu, w obrazkach &#8211; doprawdy nie potrzeba nawet opisu. Na \u015bmiech ju\u017c za p\u00f3\u017ano, jedyne co zostaje to modlitwa o nawr\u00f3cenie i pro\u015bba do katolickich biskup\u00f3w (s\u0105 jeszcze tacy?) o wys\u0142anie odwa\u017cnego egzorcysty.<\/p><p>Franciszka\u0144ska ceremonia parzenia i picia herbaty: <a class=\"content_sz\" href=\"http:\/\/www.datacomm.ch\/kapelle\/teezermonie.htm\" target=\"_top\"> http:\/\/www.datacomm.ch\/kapelle\/teezermonie.htm<\/a><\/p><p>&#8222;Modlitwa&#8221; franciszka\u0144ska czyli taniec \u015bw. Wita: <a class=\"content_sz\" href=\"http:\/\/www.datacomm.ch\/kapelle\/Dynamischesvaterunser.htm\" target=\"_top\">http:\/\/www.datacomm.ch\/kapelle\/Dynamischesvaterunser.htm<\/a><\/p><p>&#8222;Droga Krzy\u017cowa&#8221; wed\u0142ug Franciszkan\u00f3w: <a class=\"content_sz\" href=\"http:\/\/www.datacomm.ch\/kapelle\/kreuzweg.htm\" target=\"_top\">http:\/\/www.datacomm.ch\/kapelle\/kreuzweg.htm<\/a><\/p>","protected":false},"excerpt":{"rendered":"&#8222;Modlitwa&#8221; op\u0119tanych braci Franciszkan\u00f3w Franziskanische Gassen-Kapelle z Zurichu, w obrazkach &#8211; doprawdy nie potrzeba nawet opisu. Na \u015bmiech ju\u017c za p\u00f3\u017ano, jedyne co zostaje to modlitwa o nawr\u00f3cenie i pro\u015bba do katolickich biskup\u00f3w (s\u0105 jeszcze tacy?) o wys\u0142anie odwa\u017cnego egzorcysty.Franciszka\u0144ska ceremonia parzenia i picia herbaty: http:\/\/www.datacomm.ch\/kapelle\/teezermonie.htm&#8222;Modlitwa&#8221; franciszka\u0144ska czyli taniec \u015bw. Wita: http:\/\/www.datacomm.ch\/kapelle\/Dynamischesvaterunser.htm&#8222;Droga Krzy\u017cowa&#8221; wed\u0142ug Franciszkan\u00f3w: [&hellip;]","protected":false},"author":1,"featured_media":0,"comment_status":"closed","ping_status":"open","sticky":false,"template":"","format":"standard","meta":{"_acf_changed":false,"_monsterinsights_skip_tracking":false,"_monsterinsights_sitenote_active":false,"_monsterinsights_sitenote_note":"","_monsterinsights_sitenote_category":0,"ngg_post_thumbnail":0,"footnotes":"","_wp_rev_ctl_limit":""},"categories":[3],"tags":[239,33],"acf":[],"_links":{"self":[{"href":"https:\/\/www.bibula.com\/index.php?rest_route=\/wp\/v2\/posts\/165"}],"collection":[{"href":"https:\/\/www.bibula.com\/index.php?rest_route=\/wp\/v2\/posts"}],"about":[{"href":"https:\/\/www.bibula.com\/index.php?rest_route=\/wp\/v2\/types\/post"}],"author":[{"embeddable":true,"href":"https:\/\/www.bibula.com\/index.php?rest_route=\/wp\/v2\/users\/1"}],"replies":[{"embeddable":true,"href":"https:\/\/www.bibula.com\/index.php?rest_route=%2Fwp%2Fv2%2Fcomments&post=165"}],"version-history":[{"count":0,"href":"https:\/\/www.bibula.com\/index.php?rest_route=\/wp\/v2\/posts\/165\/revisions"}],"wp:attachment":[{"href":"https:\/\/www.bibula.com\/index.php?rest_route=%2Fwp%2Fv2%2Fmedia&parent=165"}],"wp:term":[{"taxonomy":"category","embeddable":true,"href":"https:\/\/www.bibula.com\/index.php?rest_route=%2Fwp%2Fv2%2Fcategories&post=165"},{"taxonomy":"post_tag","embeddable":true,"href":"https:\/\/www.bibula.com\/index.php?rest_route=%2Fwp%2Fv2%2Ftags&post=165"}],"curies":[{"name":"wp","href":"https:\/\/api.w.org\/{rel}","templated":true}]}}