{"id":16473,"date":"2009-12-10T19:08:40","date_gmt":"2009-12-11T00:08:40","guid":{"rendered":"http:\/\/www.bibula.com\/?p=16473"},"modified":"2009-12-10T19:08:40","modified_gmt":"2009-12-11T00:08:40","slug":"nieustajace-sadzenie-generalow-prof-jerzy-przystawa","status":"publish","type":"post","link":"https:\/\/www.bibula.com\/?p=16473","title":{"rendered":"Nieustaj\u0105ce s\u0105dzenie genera\u0142\u00f3w &#8211; <em>prof. Jerzy Przystawa<\/em>"},"content":{"rendered":"<p><strong>Mija r\u00f3wno 20 lat od czasu, gdy z okazji kolejnej rocznicy wprowadzenia stanu wojennego przeprowadza si\u0119 w mediach rytualne s\u0105dzenie genera\u0142\u00f3w. Dociekliwi i nieust\u0119pliwi dziennikarze przypominaj\u0105 sobie, \u017ce \u017cyje jeszcze gen. Jaruzelski, \u017ce \u017cyje gen. Kiszczak, \u017ce \u017cyj\u0105 te\u017c i inni r\u00f3wnie d\u0142ugowieczni byli w\u0142a\u015bciciele PRL i \u017ce trzeba by ich os\u0105dzi\u0107 za ca\u0142okszta\u0142t ich dzia\u0142alno\u015bci, a osobliwie &#8211; bo to przecie\u017c w\u0142a\u015bnie rocznica &#8211; za wprowadzenie stanu wojennego. Jako\u015b tak si\u0119 dobrze sk\u0142ada, \u017ce akurat Instytut Pami\u0119ci Narodowej wy\u015bledzi\u0142, dzi\u0119ki upartym i trudnym badaniom historyk\u00f3w i \u015bledczych to, co w Polsce od zawsze wiedzia\u0142o ka\u017cde dziecko: \u017ce genera\u0142 Jaruzelski dzia\u0142a\u0142 we wsp\u00f3\u0142pracy z Moskw\u0105 i \u017ce w ramach tej sojuszniczej wsp\u00f3\u0142pracy domaga\u0142 si\u0119 pomocy Kremla w k\u0142opotach.<\/strong><br \/>\r\n<br \/>\r\nJest to doprawdy rewelacja nies\u0142ychana i gdyby nie dokumenty, do jakich po 20 latach dokopali si\u0119 wreszcie nasi historycy i dokumentali\u015bci, nigdy by\u015bmy na to nie wpadli i zamiast s\u0142\u00f3w pot\u0119pienia dla zdrajc\u00f3w Ojczyzny budowaliby\u015bmy im pomniki za chlubne zastosowanie zasady mniejszego z\u0142a!<br \/>\r\nNaturalnie, nie tylko dziennikarze bior\u0105 udzia\u0142 w tym przedstawieniu. Ochotniczo i amatorsko to samo robi\u0105 r\u00f3\u017cne organizacje spo\u0142eczno-polityczne, kt\u00f3re korzystaj\u0105 z okazji, \u017ceby przypomnie\u0107 komu si\u0119 da o ich patriotyzmie i zaanga\u017cowaniu obywatelskim, bo bez tego, obserwuj\u0105c ich dzia\u0142alno\u015b\u0107, mogliby\u015bmy w nie zw\u0105tpi\u0107. Co jednak wa\u017cniejsze, w tej grze pozor\u00f3w bior\u0105 udzia\u0142 r\u00f3wnie\u017c w\u0142adze pa\u0144stwowe, a mianowicie prokuratury i s\u0105dy, kt\u00f3re rocznicowo odgrzewaj\u0105 nigdy niczym nie ko\u0144cz\u0105ce si\u0119 procesy o zbrodnie komunistyczne, o zbrodni\u0119 zdrady stanu, o zabitych i prze\u015bladowanych. Okazuje si\u0119 jednak, \u017ce wobec podesz\u0142ego wieku i chor\u00f3b, trapi\u0105cych nawet najbardziej czerstwych genera\u0142\u00f3w, posiedzenia s\u0105d\u00f3w odbywa\u0107 si\u0119 nie mog\u0105, bo sprawiedliwo\u015b\u0107 wprawdzie musi by\u0107 surowa, ale nie przesadnie i s\u0105dzi\u0107 trzeba humanitarnie, tak jak to wypada humanistom w Unii Europejskiej. Zamiast wi\u0119c za barierk\u0105 w s\u0105dzie, albo zza krat wi\u0119ziennych, genera\u0142owie, ze zbola\u0142ymi minami odpowiadaj\u0105 na pytania nieust\u0119pliwych dziennikarzy, siedz\u0105c w mi\u0119kkich fotelach, a swoich prze\u015bladowc\u00f3w cz\u0119stuj\u0105 kaw\u0105 i herbatk\u0105.<br \/>\r\n<br \/>\r\nDlaczego ten obrzydliwy teatr fa\u0142szu, ob\u0142udy i hipokryzji trwa ju\u017c 20 lat i jak d\u0142ugo jeszcze b\u0119dzie i musi trwa\u0107?<br \/>\r\n<br \/>\r\nOdpowied\u017a jest prosta: tak d\u0142ugo, jak d\u0142ugo Polsk\u0105 rz\u0105dzi\u0107 b\u0119d\u0105 ludzie, kt\u00f3rzy z tymi genera\u0142ami w\u00f3dk\u0119 pili, \u015bledzikiem zak\u0105szali i zawierali z nimi d\u017centelme\u0144skie umowy.` Bo wprawdzie mi\u0119dzy takimi &#8222;d\u017centelmenami&#8221; na dotrzymywanie um\u00f3w i zobowi\u0105za\u0144 &#8211; nawet przy sutej zak\u0105sce &#8211; liczy\u0107 nie ma co, ale te &#8222;d\u017centelme\u0144skie porozumienia&#8221; i &#8222;pacta sunt servanda&#8221; zawierane by\u0142y przy dobrotliwej asy\u015bcie innych wielkich tego \u015bwiata, gdyby\u015bmy nawet mieli pomin\u0105\u0107 osoby duchowne, kt\u00f3re to wszystko \u015bwi\u0119con\u0105 wod\u0105 pob\u0142ogos\u0142awi\u0142y. <br \/>\r\nUmowy te zawierane by\u0142y za zgod\u0105 wszystkich uk\u0142adaj\u0105cych si\u0119 stron i ich sponsor\u00f3w, ale bez udzia\u0142u polskiego i solidarno\u015bciowego posp\u00f3lstwa, kt\u00f3remu ten cudowny maria\u017c m\u00f3g\u0142 si\u0119 wcale nie podoba\u0107. Podczas uroczystego kazania w sierpniu 1989 dowcipny wroc\u0142awski pra\u0142at powiedzia\u0142 do zgromadzonych: &#8222;Solidarno\u015b\u0107 by\u0142a nie\u015blubnym dzieckiem Partii, oddanym Ko\u015bcio\u0142owi na wychowanie, a kt\u00f3re teraz przechodzi do historii&#8221;. Trafno\u015b\u0107 tego spostrze\u017cenia by\u0142a uderzaj\u0105ca, aczkolwiek to &#8222;nie\u015blubne dziecko&#8221; nie bardzo chcia\u0142o si\u0119 z przechodzeniem do historii pogodzi\u0107 i wierzga\u0142o, jak tylko mog\u0142o, utrudniaj\u0105c nie\u015blubnej matce i \u015bwi\u0105tobliwemu patronowi z\u0142agodzenie tej bolesnej operacji. Przypominaj\u0105 si\u0119 np. czasy abdykacji kr\u00f3la Jana Kazimierza: wszystko by\u0142o uzgodnione, jurgielt wyp\u0142acony nawet z nadmiarem, korony ju\u017c dopasowane, a tu nagle zwali\u0142a si\u0119 na sejm elekcyjny szlachecka ho\u0142ota i wszystkie te dobre zamiary diabli wzi\u0119li! Naturalnie, to by\u0142o inne &#8222;posp\u00f3lstwo&#8221;, to byli wolni obywatele wolnej i dumnej Rzeczypospolitej, kt\u00f3rzy przed kr\u00f3lem kl\u0119kali nie jak ruscy poddani przed samow\u0142adnym carem, ale jak prawdziwi obywatele przed Majestatem Rzeczypospolitej, ca\u0142uj\u0105c r\u0119ce tego, kt\u00f3ry by\u0142 tylko <em>Primus inter Pares<\/em> &#8211; pierwszy mi\u0119dzy r\u00f3wnymi! Ale czy mo\u017cna by\u0142o mie\u0107 pewno\u015b\u0107, \u017ce w roku 1989 ten Polski Duch Wolno\u015bci, ju\u017c g\u0142owy nie podniesie, nie zaprotestuje gwa\u0142townie, nie ruszy pospolitym ruszeniem, aby sponiewiera\u0107 i podepta\u0107 sekretne i uroczyste umowy? Nie zabi\u0142y przecie\u017c tego &#8222;ducha&#8221; d\u0142ugie pokolenia niewoli, nie zabi\u0142y przegrane powstania, nie zabi\u0142y wojny, przetrwa\u0142 nawet p\u00f3\u0142 wieku komunizmu, przetrwa\u0142 zapewne uci\u0105\u017cliwo\u015bci i techniki stanu wojennego? Czy mo\u017cna mie\u0107 pewno\u015b\u0107, \u017ce nie ko\u0142acze si\u0119 gdzie\u015b tam po Polsce, w zakamarkach ciemnych polskich serc?<br \/>\r\n<br \/>\r\nTo aby u\u015bpi\u0107 i zdezorientowa\u0107 tego &#8222;polskiego ducha&#8221; urz\u0105dza si\u0119 te nieustanne jase\u0142ka, te patriotyczne jakoby \u0142zy nad rozlanym mlekiem, te rocznicowe gus\u0142a, kt\u00f3re maj\u0105 zrobi\u0107 na tym &#8222;duchu&#8221; wra\u017cenie, \u017ce &#8222;d\u017centelmeni&#8221; nie zapomnieli o rozliczeniach, \u017ce s\u0105 str\u00f3\u017cami prawa i sprawiedliwo\u015bci, \u017ce o nic innego im nie chodzi, jak tylko o to, \u017ceby winnych komunistycznej przesz\u0142o\u015bci poci\u0105gn\u0105\u0107 do odpowiedzialno\u015bci. `<br \/>\r\n<br \/>\r\nKilka dni temu mieli\u015bmy okazj\u0119 czyta\u0107 wywiad z jednym z Genera\u0142\u00f3w, kt\u00f3ry nam opowiada, jak to bez przerwy widzi w telewizji twarze swoich agent\u00f3w. Tak, tak, pooddawa\u0142 im ich &#8222;teczki&#8221;, skoro go o to prosili, bo ludzki by\u0142 z niego pan i czemu mia\u0142 nie odda\u0107, skoro oni wierzyli, \u017ce jak im odda, to na tym koniec i ju\u017c tylko pozostanie do ko\u0144ca \u017cycia bezpieczne po\u017cywanie tego, co im si\u0119 nigdy nie nale\u017ca\u0142o! Ale, jak widzimy dowodnie, nie do ko\u0144ca im odda\u0142, skoro jest tak pewny swego i wierzy, \u017ce w\u0142os mu z g\u0142owy nie spadnie. I musi by\u0107 pewny, bo gdyby nie by\u0142, to co sta\u0142o na przeszkodzie, \u017ceby sobie pojecha\u0142 gdzie\u015b w ciep\u0142e kraje, gdzie w piecach nie potrzeba pali\u0107, a pieczone go\u0142\u0105bki same wpadaj\u0105 do g\u0105bki? Czy\u017cby mu kto\u015b zabra\u0142 paszport albo samoch\u00f3d, albo pieni\u0105dze? Czemu\u017c to tak si\u0119 godzi, \u017ceby katowali go dziennikarze i ro\u017cni inni dociekliwi pismacy?<br \/>\r\n<br \/>\r\nTe gus\u0142a ochronne i jase\u0142ka maskuj\u0105ce nie sko\u0144cz\u0105 si\u0119, dop\u00f3ki nie zbudzi si\u0119 u\u015bpiony &#8222;Duch Polski&#8221; i nie ruszy pospolitym ruszeniem, aby przerwa\u0107 t\u0119 niesmaczn\u0105 fars\u0119, upozorowan\u0105 na dramat i tragedi\u0119 narodow\u0105. <br \/>\r\n<br \/>\r\n<strong>Zmieni\u0107 ordynacj\u0119, rozwi\u0105za\u0107 Sejm!<br \/>\r\n<br \/>\r\n<em>Jerzy Przystawa<\/em><\/strong><\/p>","protected":false},"excerpt":{"rendered":"Mija r\u00f3wno 20 lat od czasu, gdy z okazji kolejnej rocznicy wprowadzenia stanu wojennego przeprowadza si\u0119 w mediach rytualne s\u0105dzenie genera\u0142\u00f3w. Dociekliwi i nieust\u0119pliwi dziennikarze przypominaj\u0105 sobie, \u017ce \u017cyje jeszcze gen. Jaruzelski, \u017ce \u017cyje gen. Kiszczak, \u017ce \u017cyj\u0105 te\u017c i inni r\u00f3wnie d\u0142ugowieczni byli w\u0142a\u015bciciele PRL i \u017ce trzeba by ich os\u0105dzi\u0107 za ca\u0142okszta\u0142t ich [&hellip;]","protected":false},"author":1,"featured_media":0,"comment_status":"closed","ping_status":"closed","sticky":false,"template":"","format":"standard","meta":{"_acf_changed":false,"_monsterinsights_skip_tracking":false,"_monsterinsights_sitenote_active":false,"_monsterinsights_sitenote_note":"","_monsterinsights_sitenote_category":0,"ngg_post_thumbnail":0,"footnotes":"","_wp_rev_ctl_limit":""},"categories":[9],"tags":[66,98,81,36],"acf":[],"_links":{"self":[{"href":"https:\/\/www.bibula.com\/index.php?rest_route=\/wp\/v2\/posts\/16473"}],"collection":[{"href":"https:\/\/www.bibula.com\/index.php?rest_route=\/wp\/v2\/posts"}],"about":[{"href":"https:\/\/www.bibula.com\/index.php?rest_route=\/wp\/v2\/types\/post"}],"author":[{"embeddable":true,"href":"https:\/\/www.bibula.com\/index.php?rest_route=\/wp\/v2\/users\/1"}],"replies":[{"embeddable":true,"href":"https:\/\/www.bibula.com\/index.php?rest_route=%2Fwp%2Fv2%2Fcomments&post=16473"}],"version-history":[{"count":0,"href":"https:\/\/www.bibula.com\/index.php?rest_route=\/wp\/v2\/posts\/16473\/revisions"}],"wp:attachment":[{"href":"https:\/\/www.bibula.com\/index.php?rest_route=%2Fwp%2Fv2%2Fmedia&parent=16473"}],"wp:term":[{"taxonomy":"category","embeddable":true,"href":"https:\/\/www.bibula.com\/index.php?rest_route=%2Fwp%2Fv2%2Fcategories&post=16473"},{"taxonomy":"post_tag","embeddable":true,"href":"https:\/\/www.bibula.com\/index.php?rest_route=%2Fwp%2Fv2%2Ftags&post=16473"}],"curies":[{"name":"wp","href":"https:\/\/api.w.org\/{rel}","templated":true}]}}