{"id":1637,"date":"2008-02-01T15:04:36","date_gmt":"2008-02-01T15:04:36","guid":{"rendered":""},"modified":"-0001-11-30T00:00:00","modified_gmt":"-0001-11-30T04:00:00","slug":"","status":"publish","type":"post","link":"https:\/\/www.bibula.com\/?p=1637","title":{"rendered":"&#8222;Polonia &#8211; \u015bpi\u0105cym olbrzymem&#8221; &#8211; wywiad z prof. Jerzym Robertem Nowakiem"},"content":{"rendered":"<p>W ci\u0105gu ostatnich pi\u0119ciu  miesi\u0119cy mia\u0142 Pan wielk\u0105 seri\u0119 tw\u00f3rczych spotka\u0144 w Kanadzie, na  zje\u017adzie USO-PA&#321; w Urugwaju oraz podczas trzykrotnych pobyt\u00f3w u nas  w\u015br\u00f3d Polonii Stan\u00f3w Zjednoczonych. Jakie s\u0105 Pana najwa\u017cniejsze  impresje z tych &bdquo;peregrynacji&#8221; polonijnych?<\/p>\r\n<p>&#8211; Umocni\u0142o si\u0119 moje od lat wyra\u017cane przekonanie, \u017ce Polonia jest \u015bpi\u0105cym  olbrzymem, z kt\u00f3rym wsp\u00f3\u0142dzia\u0142anie mia\u0142oby bardzo du\u017ce znaczenie dla  rozwoju Polski; niemal takie jak wk\u0142ad Irlandczyk\u00f3w z USA w  przy\u015bpieszeniu skoku gospodarczego Irlandii. Kolejne w\u0142adze RP, ekipy  MSZ-u i r\u00f3\u017cnych dyplomat\u00f3w polskich na plac\u00f3wkach w USA i Kanadzie  dzia\u0142a\u0142y jednak na przek\u00f3r szansom na jak\u017ce potrzebne wsp\u00f3\u0142dzia\u0142anie  Polonii i Kraju. Dominuj\u0105ce w Polsce &bdquo;\u0142\u017ce-elity&#8221; o komunistycznym  rodowodzie po prostu ba\u0142y si\u0119 silniejszego oddzia\u0142ywania ludzi z  antykomunistycznej Polonii na kierunki rozwoju w kraju. Zamiast  wsp\u00f3\u0142pracowa\u0107 z Poloni\u0105 jak\u017ce cz\u0119sto pr\u00f3bowa\u0142y j\u0105 dzieli\u0107 i os\u0142abia\u0107,  atakowa\u0107 jej czo\u0142owych przyw\u00f3dc\u00f3w pocz\u0105wszy od prezesa KPA Edwarda  Moskala po prezesa USOPA&#321; Jana Kobyla\u0144skiego. Pomimo swej liczebno\u015bci  [kilkunastu milion\u00f3w os\u00f3b polskiego pochodzenia w USA] i dobrej  sytuacji materialnej [ocenia si\u0119, \u017ce mniejszo\u015b\u0107 polska w USA stoi na  drugim miejscu w\u015br\u00f3d mniejszo\u015bci narodowych] Polonia jest wci\u0105\u017c daleka  od stworzenia odpowiednio silnego lobby politycznego. Przypomnijmy tu  jednak, \u017ce w\u0142a\u015bnie Polonia ameryka\u0144ska odegra\u0142a na pocz\u0105tku lat 90-tych  decyduj\u0105c\u0105 rol\u0119 w sk\u0142onieniu Prezydenta USA i Departamentu stanu do  wywarcia skutecznego nacisku na rz\u0105d Kohla, by ostatecznie uzna\u0142  granic\u0119 na Odrze i Nysie. Polacy w kraju niewiele wiedz\u0105 jednak o  dokonaniach Polonii.  <\/p>\r\n\r\n<p>Niestety, prawie zupe\u0142nie  nieznane s\u0105 dokonania Polonii, zar\u00f3wno w sferze politycznej, jak i  kulturalnej i gospodarczej. Dla przyk\u0142adu nawet w najnowszych  encyklopediach PWN-u pomijano nazwisko \u017cyj\u0105cego w USA s\u0142ynnego uczonego  polskiego pochodzenia prof. Hilarego Koprowskiego, odkrywcy szczepionki  Heinego-Medina. Niemal zupe\u0142nie nieznana &ndash; poza mediami zwi\u0105zanymi z  Radiem Maryja s\u0105 dokonania prof. Iwo Cypriana Pogonowskiego, autora  wr\u0119cz bezcennych ksi\u0105\u017cek, broni\u0105cych polskie racje, m.in. monumentalnej  pracy &bdquo;Jews in Poland&#8221; (1993).Podczas obecnego pobytu w Waszyngtonie  mia\u0142em mo\u017cliwo\u015b\u0107 d\u0142u\u017cszej rozmowy ze s\u0142ynn\u0105 dzia\u0142aczk\u0105  niepodleg\u0142o\u015bciow\u0105 pani\u0105 Zofi\u0105 Korbo\u0144sk\u0105, wdow\u0105 po jednym z bohater\u00f3w  Polski Podziemnej, b. Delegacie Rz\u0105du na Obczy\u017anie na Kraj. Bardzo  mocno ubolewa\u0142a z powodu ogromnej nieznajomo\u015bci w kraju rozmiar\u00f3w  dorobku politycznego i kulturalnego Emigracji. Warto doda\u0107, \u017ce to  Polonia ameryka\u0144ska i kanadyjska niejednokrotnie i samotnie &ndash; bez  poparcia w\u0142adz w kraju &ndash; toczy\u0142a boje przeciw ofensywie antypolonizmu w  mediach i wydawnictwach. S\u0142ynne by\u0142y w tym wzgl\u0119dzie m.in. kolejne  wyst\u0105pienia prezesa KPA E. Moskala, manifestacja ponad 3 tys. Polak\u00f3w  przed gmachem antypolskiego dziennika &bdquo;Toronto Star&#8221;. Takie publikacje  jak, &bdquo;Kielce 46&#8243; Marka Poula, czy &bdquo;Polish Holocaust&#8221; Tadeusza  Piotrowskiego. <\/p>\r\n        <p>&nbsp;<\/p>\r\n        <p><em>Jak ocenia Pan przebieg dotychczasowej polskiej debaty wok\u00f3\u0142 paszkwilu Grossa &bdquo;Strach? <\/em><\/p>\r\n        <p>&#8211; Kiedy\u015b pisano, \u017ce Bismarck obudzi\u0142 Polak\u00f3w swymi prze\u015bladowaniami. Dzi\u015b mo\u017cna  stwierdzi\u0107, \u017ce Gross swymi nowymi kalumniami w &bdquo;Strachu&#8221; i czasami  idiotycznych wr\u0119cz wypowiedziach, wbrew swym ch\u0119ciom budzi wielu  Polak\u00f3w z inercji wobec antypolonizmu. Oczywi\u015bcie trzeba zna\u0107  proporcje: bublowaty paszkwilant Gross daleki jest od formatu  wytrawnego wroga Polski Bismarcka. Dobrze si\u0119 sta\u0142o jednak, \u017ce k\u0142amstwa  Grossa zosta\u0142y ostro skrytykowane przez takie postacie jak kardyna\u0142  Stanis\u0142aw Dziwisz, czy takie gremia jak senat Uniwersytetu im. Stefana  Wyszy\u0144skiego czy kierownictwo Instytutu Pami\u0119ci Narodowej. Swoj\u0105 rol\u0119 w  zdementowaniu k\u0142amstw Grossa odegra\u0142o te\u017c moje 21 artyku\u0142\u00f3w w &bdquo;Naszym  Dzienniku&#8221; i ksi\u0105\u017cka &bdquo;Nowe k\u0142amstwa Grossa&#8221;. <\/p>\r\n        <p>&nbsp;<\/p>\r\n        <p><em>Nale\u017c\u0119  do licznych postaci Polonii, kt\u00f3re bardzo wysoko oceni\u0142y Pana ksi\u0105\u017ck\u0119  &bdquo;Nowe k\u0142amstwa Grossa&#8221; i marz\u0105 o jej jak najszybszym wydaniu w USA po  angielsku. Dziwi mnie jednak fakt przemilczenia tej ksi\u0105\u017cki w licznych  krajowych mediach, w cz\u0119\u015bci nawet w mediach prawicowych? <\/em><\/p>\r\n        <p>&#8211; Raczej nie trzeba si\u0119 dziwi\u0107  Moja ksi\u0105\u017cka jest a\u017c nazbyt &bdquo;niepoprawna politycznie&#8221; dla wielu  publicyst\u00f3w i dla wielu medi\u00f3w. Poruszam a\u017c nazbyt wiele temat\u00f3w tabu.  By wymieni\u0107 cho\u0107by niekt\u00f3re z nich: &#8211; obrzydliwa rola \u017cydowskiej  policji wobec w\u0142asnych \u017cydowskich rodak\u00f3w; &#8211; rola \u017cydowskich komunist\u00f3w  nie tylko w bezpiece, ale tak\u017ce w stalinizacji s\u0105downictwa, wojska,  gospodarki, prasy, nauki i kultury;- rola \u017cydowskich komunist\u00f3w w  bolszewizacji Rosji i w stalinizacji W\u0119gier, Czechos\u0142owacji czy  Rumunii. Jak\u017ce niewygodny dla niekt\u00f3rych jest ogromny \u0142adunek  faktografii podanej przeze mnie na te tematy, skrz\u0119tnie przemilczane  przez dziesi\u0119ciolecia.<\/p>\r\n        <p>&nbsp;<\/p>\r\n        <p><em>Jak ocenia Pan rol\u0119 &bdquo;Znaku&#8221; w sprawie &bdquo;Strachu&#8221; Grossa? <\/em><\/p>\r\n        <p>&#8211; Wiele os\u00f3b ostrzega\u0142o &bdquo;Znak&#8221; przed drukiem tak pod\u0142ej antykatolickiej i antypolskiej ksi\u0105\u017cki.  Ja sam na pr\u00f3\u017cno apelowa\u0142em w tej sprawie do &bdquo;Znaku&#8221; [w wydanej  jesieni\u0105 2006 r. ksi\u0105\u017cce &bdquo;Nowe k\u0142amstwa Grossa&#8221; [s.290] i w kilku  wyst\u0105pieniach w Radiu Maryja]. &bdquo;Znak&#8221; wola\u0142 jednak wyda\u0107 katolicko\u017cecz\u0105  ksi\u0105\u017ck\u0119 i s\u0142usznie doczeka\u0142 si\u0119 zdecydowanej reprymendy od kardyna\u0142a  Stanis\u0142awa Dziwisza. Szokuje fakt, \u017ce prezes zarz\u0105du wydawnictwa &bdquo;Znak&#8221;  p. Henryk Wo\u017aniakowski nie odci\u0105\u0142 si\u0119 nawet jednym zdaniem we wst\u0119pie  od katolicko\u017cerczej wymowy &bdquo;Strachu&#8221;, nawet od kalumni rzucanych  przeciw kardyna\u0142owi Adamowi Sapiesze. Ogromna szkoda, \u017ce wydawnictwo  &bdquo;Znak&#8221; zmarnowa\u0142o papier na wydanie tak szkodliwej katolicko\u017cerczej i  polako\u017cerczej ksi\u0105\u017cki Grossa. Jest to szkoda tym wi\u0119ksza, \u017ce istniej\u0105  ogromne zaleg\u0142o\u015bci wydawnicze w stosunku do wielu ksi\u0105\u017cek jak\u017ce cennych  z polskiego i katolickiego punktu widzenia. By przytoczy\u0107 cho\u0107by  przyk\u0142ad wydanej, jak dot\u0105d tylko po angielsku w USA przed 20 laty,  ksi\u0105\u017cki profesora Wac\u0142awa Zaj\u0105czkowskiego &bdquo;Martyrs of Charity&#8221;  [M\u0119czennicy mi\u0142osierdzia]. Ksi\u0105\u017cka opisywa\u0142a losy setek Polak\u00f3w, w tym  wielu duchownych, zam\u0119czonych przez Niemc\u00f3w z powodu pomocy udzielanej  przez nich prze\u015bladowanym \u017bydom. Wydawnictwo &bdquo;Znak&#8221; mog\u0142oby po\u015bpieszy\u0107  si\u0119 z wydaniem w Polsce \u015bwie\u017co wydanej w USA ksi\u0105\u017cki Anny Poray o  Polakach zamordowanych za pomoc \u017bydom. Mog\u0142oby wyda\u0107 nieznane dot\u0105d po  polsku znakomite gruntowne dzie\u0142o polonijnego historyka Tadeusza  Piotrowskiego &bdquo;Polish Holocaust&#8221; [Polski Holokaust]. Wydawnictwo &bdquo;Znak&#8221;  mog\u0142oby wyda\u0107 w Polsce tak nies\u0142usznie nieznan\u0105 dot\u0105d w Polsce ksi\u0105\u017ck\u0119  rabina Solomona Rappaporta, broni\u0105c\u0105 wi\u0119kszo\u015b\u0107 papie\u017cy przed  oszczerczymi zarzutami antysemityzmu. Mog\u0142oby wznowi\u0107 znakomit\u0105 ksi\u0105\u017ck\u0119  \u017cydowskiego samorozrachunku narodowego &bdquo;Eichmann w Jerozolimie&#8221; Hannah  Arendt. Mog\u0142oby wyda\u0107 wiele innych cennych ksi\u0105\u017cek, blokowanych dot\u0105d w  dziwny spos\u00f3b w Polsce. &bdquo;Znak&#8221; wola\u0142 jednak wyda\u0107 ksi\u0105\u017ck\u0119  bezwarto\u015bciow\u0105 i katoliko\u017cercz\u0105. <\/p>\r\n        <p>&nbsp;<\/p>\r\n        <p><em>Panie profesorze, jak najskuteczniej przeciwdzia\u0142a\u0107 fa\u0142szom Grossa?<\/em><\/p>\r\n        <p>&#8211; Uwa\u017cam, \u017ce  Kongres Polonii Ameryka\u0144skiej i inne organizacje polonijne powinny  wyst\u0105pi\u0107 z listami do rektora Uniwersytetu w Princeton bardzo ostro  pi\u0119tnuj\u0105cymi ksi\u0105\u017ck\u0119 Grossa jako jaskrawy przyk\u0142ad antynaukowych  fa\u0142sz\u00f3w zrodzonych z rasowej nienawi\u015bci do Polak\u00f3w. Rozwa\u017cy\u0142bym spraw\u0119  wyj\u015bcia na drog\u0119 s\u0105dow\u0105 przeciw wydawnictwu &bdquo;Znak&#8221; z powodu wydania i  promowania ksi\u0105\u017cki rzucaj\u0105cej oszczerstwa przeciw polskim hierarchom, a  w szczeg\u00f3lno\u015bci kardyna\u0142owi A. Sapiesze. Sugerowa\u0142bym r\u00f3wnie\u017c  oskar\u017cenie &bdquo;Znaku&#8221; o promowanie ksi\u0105\u017cki, wyra\u017anie nag\u0142a\u015bniaj\u0105cej  stanowisko Grossa, podwa\u017caj\u0105cego s\u0142uszno\u015b\u0107 decyzji w Poczdamie i  zaprzeczaj\u0105cemu prawu Polak\u00f3w do w\u0142asno\u015bci na Ziemiach Odzyskanych.  Uwa\u017cam brak odci\u0119cia si\u0119 od takich pogl\u0105d\u00f3w Grossa [por. s. 86  &bdquo;Strach&#8221;] za r\u00f3wnowa\u017cny ze zdrad\u0105 polskich interes\u00f3w narodowych.  Katolickie i narodowe media w Polsce i Polonii powinny podda\u0107  gruntownej krytyce wszystkie k\u0142amstwa Grossa pokazuj\u0105c, \u017ce jest on  tylko cynicznym antypolakiem, hochsztaplerem. Aby przeciwdzia\u0142a\u0107  k\u0142amstwom Grossa i jego zwolennik\u00f3w w tak wp\u0142ywowych mediach jak  &bdquo;TVN-24&#8243;, &bdquo;Wyborcza&#8221;, [&bdquo;der&#8221;] &bdquo;Dziennik&#8221;, &bdquo;Newsweek&#8221; etc. trzeba  rozwin\u0105\u0107 maksymalnie szerok\u0105 akcj\u0119 odczytow\u0105 na temat oszczerstw  Grossa. Ja sam ju\u017c dot\u0105d ustali\u0142em plan moich wyst\u0105pie\u0144 na ten temat w  kilkunastu miastach m.in. Krak\u00f3w, Kielce [dwukrotnie], Cz\u0119stochowa  [dwukrotnie], &#321;\u00f3d\u017a, Warszawa, Wroc\u0142aw, &#321;om\u017ca, Bydgoszcz [dwukrotnie],  Mielec, Szczecin, Inowroc\u0142aw etc. <\/p>\r\n        <p>&nbsp;<\/p>\r\n        <p><em>Jakie s\u0105 Pana najbli\u017csze plany wydawnicze?<\/em><\/p>\r\n        <p>W najbli\u017cszych tygodniach &ndash;  w odpowiedzi na k\u0142amstwa J. T. Grossa zdecydowa\u0142em si\u0119 wznowi\u0107 w  poszerzonej wersji wydan\u0105 w 1998 r. ksi\u0105\u017ck\u0119 &bdquo;Przemilczana Zbrodnia&#8221; o  pope\u0142nionych na Polakach zbrodniach \u017cydowskich komunist\u00f3w na b. kresach  wschodnich II RP w latach 1939-1941. W najbli\u017cszych tygodniach &ndash;  jeszcze przed \u015bwi\u0119tami Wielkanocnymi wydam oko\u0142o 400-stronicow\u0105 ksi\u0105\u017ck\u0119  &bdquo;\u017bydzi &ndash; Polacy. Spory o histori\u0119&#8221;. Ksi\u0105\u017cka obejmie m.in. dawne tomiki  &bdquo;\u017bydzi w historii \u015bwiata&#8221;, &bdquo;Kogo musz\u0105 przeprosi\u0107 \u017bydzi&#8221; i  &bdquo;Przemilczani patrioci polscy&#8221; [o propolskim nurcie \u017byd\u00f3w &ndash;  asymilator\u00f3w]. W ci\u0105gu dw\u00f3ch lat zamierzam wyda\u0107 [tu licz\u0119 na  sponsor\u00f3w] pierwsz\u0105 gruntowniejsz\u0105 histori\u0119 stosunk\u00f3w polsko-\u017cydowskich  [&#8230;]. Ksi\u0105\u017cka b\u0119dzie liczy\u0107 oko\u0142o 1000 stron, zawartych w dw\u00f3ch  tomach. Nader wa\u017cny b\u0119dzie fakt, \u017ce historia ta b\u0119dzie wreszcie  napisana z polskiego punktu widzenia. Dot\u0105d gruntowniejsze historie  polskich \u017byd\u00f3w i ich stosunk\u00f3w z Polakami pisali wy\u0142\u0105cznie \u017bydzi. Nie  sprzyja\u0142o to pe\u0142nemu obiektywizmowi. S\u0142ynny historyk prof. Stefan  Kieniewicz zwr\u00f3ci\u0142 kiedy\u015b uwag\u0119 w &bdquo;Polityce&#8221; na jednostronno\u015b\u0107  publikacji o historii stosunk\u00f3w polsko-\u017cydowskich, pisanych przez  autor\u00f3w mniejszo\u015bci \u017cydowskiej. Prof. Kieniewicz stwierdzi\u0142 \u017ce \u017cydowscy  autorzy maj\u0105 zwyczaj skupiania si\u0119 g\u0142\u00f3wnie na dw\u00f3ch tematach: wk\u0142ad  \u017cydowskiej mniejszo\u015bci w polsk\u0105 kultur\u0119, nauk\u0119 etc. oraz problem  dyskryminowania mniejszo\u015bci \u017cydowskiej przez polsk\u0105 wi\u0119kszo\u015b\u0107. Takie  uj\u0119cie za\u015b by\u0142o dalekie od przedstawienia ca\u0142ej problematyki stosunk\u00f3w  obu narod\u00f3w. Ksi\u0105\u017cka moja zerwie m.in. z niem\u0105dr\u0105 praktyk\u0105 polegaj\u0105c\u0105  na tym, \u017ce w ogromnej cz\u0119\u015bci ksi\u0105\u017cek o stosunkach polsko-\u017cydowskich  pokazywano tylko stosunek Polak\u00f3w do \u017byd\u00f3w, a nie pokazywano jak \u017bydzi  zachowywali si\u0119 wobec Polak\u00f3w. W tym roku by\u0107 mo\u017ce ju\u017c do ko\u0144ca czerwca  uka\u017ce si\u0119 swego rodzaju dzie\u0142o mojego \u017cycia 1200-stronicowa ksi\u0105\u017cka o  historii Polski 1733-1939 w dw\u00f3ch tomach. Ksi\u0105\u017cka ta b\u0119dzie stanowi\u0142a  wyb\u00f3r paruset najciekawszych tekst\u00f3w z polskiej my\u015bli politycznej [lat]  1733-1939, poprzedzonej za ka\u017cdym razem barwnymi sylwetkami autor\u00f3w  tekst\u00f3w, dow\u00f3dc\u00f3w, powsta\u0144c\u00f3w, \u017co\u0142nierzy i tw\u00f3rc\u00f3w. Ksi\u0105\u017cka ta by\u0142a  przygotowywana przeze mnie przez kilkana\u015bcie lat od 1979 roku i zyska\u0142a  sobie ju\u017c przed laty w maszynopisie arcyentuzjastyczn\u0105 recenzj\u0119  znakomitego historyka prof. Jerzego Skowronka. Na pocz\u0105tku lat 90-tych  zerwano jednak ze mn\u0105 umow\u0119, bo wydawnictwo, gdzie mia\u0142a wyj\u015b\u0107 wola\u0142o  i\u015b\u0107 &bdquo;w komercj\u0119&#8221; ni\u017c wyda\u0107 takie dzie\u0142o o historii. Teraz sytuacja si\u0119  zmieni\u0142a i mam wreszcie \u015brodki na wydanie ksi\u0105\u017cki pokazuj\u0105cej w  wielostronny spos\u00f3b jak r\u00f3\u017cne nurty polskiego my\u015blenia i dzia\u0142ania  z\u0142o\u017cy\u0142y si\u0119 na wybicie si\u0119 Polski na niepodleg\u0142o\u015b\u0107.<\/p>\r\n        <p align=\"left\"><em>Nowy Jork 30 stycznia 2008<\/em><\/p>\r\n        <p><em>Wywiad przeprowadzi\u0142 Henryk Pawelec z Patriotycznego Klubu Dyskusyjnego.<\/em><\/p>\r\n        <p>Za: <a class=\"content_sz\" href =\"http:\/\/www.wicipolskie.org\/index.php?option=com_content&amp;task=view&amp;id=52&amp;Itemid=56\" target=\"_blank\">wicipolskie.org &#8211; Patriotyczny Ruch Polski, Nowy Jork<\/a> <\/p>\r\n\r\n\r\n","protected":false},"excerpt":{"rendered":"W ci\u0105gu ostatnich pi\u0119ciu miesi\u0119cy mia\u0142 Pan wielk\u0105 seri\u0119 tw\u00f3rczych spotka\u0144 w Kanadzie, na zje\u017adzie USO-PA&#321; w Urugwaju oraz podczas trzykrotnych pobyt\u00f3w u nas w\u015br\u00f3d Polonii Stan\u00f3w Zjednoczonych. Jakie s\u0105 Pana najwa\u017cniejsze impresje z tych &bdquo;peregrynacji&#8221; polonijnych? &#8211; Umocni\u0142o si\u0119 moje od lat wyra\u017cane przekonanie, \u017ce Polonia jest \u015bpi\u0105cym olbrzymem, z kt\u00f3rym wsp\u00f3\u0142dzia\u0142anie mia\u0142oby bardzo [&hellip;]","protected":false},"author":1,"featured_media":0,"comment_status":"closed","ping_status":"open","sticky":false,"template":"","format":"standard","meta":{"_acf_changed":false,"_monsterinsights_skip_tracking":false,"_monsterinsights_sitenote_active":false,"_monsterinsights_sitenote_note":"","_monsterinsights_sitenote_category":0,"ngg_post_thumbnail":0,"footnotes":"","_wp_rev_ctl_limit":""},"categories":[129,9],"tags":[],"acf":[],"_links":{"self":[{"href":"https:\/\/www.bibula.com\/index.php?rest_route=\/wp\/v2\/posts\/1637"}],"collection":[{"href":"https:\/\/www.bibula.com\/index.php?rest_route=\/wp\/v2\/posts"}],"about":[{"href":"https:\/\/www.bibula.com\/index.php?rest_route=\/wp\/v2\/types\/post"}],"author":[{"embeddable":true,"href":"https:\/\/www.bibula.com\/index.php?rest_route=\/wp\/v2\/users\/1"}],"replies":[{"embeddable":true,"href":"https:\/\/www.bibula.com\/index.php?rest_route=%2Fwp%2Fv2%2Fcomments&post=1637"}],"version-history":[{"count":0,"href":"https:\/\/www.bibula.com\/index.php?rest_route=\/wp\/v2\/posts\/1637\/revisions"}],"wp:attachment":[{"href":"https:\/\/www.bibula.com\/index.php?rest_route=%2Fwp%2Fv2%2Fmedia&parent=1637"}],"wp:term":[{"taxonomy":"category","embeddable":true,"href":"https:\/\/www.bibula.com\/index.php?rest_route=%2Fwp%2Fv2%2Fcategories&post=1637"},{"taxonomy":"post_tag","embeddable":true,"href":"https:\/\/www.bibula.com\/index.php?rest_route=%2Fwp%2Fv2%2Ftags&post=1637"}],"curies":[{"name":"wp","href":"https:\/\/api.w.org\/{rel}","templated":true}]}}