{"id":16337,"date":"2009-12-04T14:17:51","date_gmt":"2009-12-04T19:17:51","guid":{"rendered":"http:\/\/www.bibula.com\/?p=16337"},"modified":"2009-12-04T14:17:51","modified_gmt":"2009-12-04T19:17:51","slug":"juszczenko-czyli-jablko-pada-niedaleko-od-jabloni","status":"publish","type":"post","link":"https:\/\/www.bibula.com\/?p=16337","title":{"rendered":"Juszczenko, czyli jab\u0142ko pada niedaleko od jab\u0142oni"},"content":{"rendered":"<p>Korespondencja z Kijowa. Przy okazji polecam szereg nowych informacji o bie\u017cacej sytuacji na Kresach.<\/p>\r\n\r\n<p><a href=\"http:\/\/www.isakowicz.pl\/index.php?page=news&amp;kid=137&amp;pkid=138\"><br \/>\r\n <\/a><\/p>\r\n\r\n<p style=\"padding-left: 30px;\" align=\"center\"><strong>Wilner nadal oskar\u017ca ojca prezydenta o kolaboracj\u0119<\/strong><\/p>\r\n\r\n<p style=\"padding-left: 30px;\">Ksi\u0105\u017cka izraelskiego historyka Jurija Wilnera pt. \u201eAndrij Juszczenko: personalia i legenda\u201d &#8211; wci\u0105\u017c wzbudza interes w Rosji, a na Ukrainie jest nie do zdobycia. Na motto swej ksi\u0105\u017cki Wilner wykorzysta\u0142 wypowied\u017a brata prezydenta Juszczenki &#8211; Petra: \u201eW naszej rodzinie codziennie pito dobr\u0105 kaw\u0119, do kt\u00f3rej tato przyzwyczai\u0142 si\u0119 w niewoli.\u201d<\/p>\r\n\r\n<p style=\"padding-left: 30px;\">Autor Jurij Wilner powiedzia\u0142 na prezentacji swojej ksi\u0105\u017cki: \u201e\u0179yciorys ojca obecnego prezydenta Ukrainy ostatnie lata jest przedmiotem zainteresowania spo\u0142eczno\u015bci ukrai\u0144skiej&#8230; Wiktor Juszczenko od samego pocz\u0105tku swojej kariery politycznej deklarowa\u0142 szczeg\u00f3lny punkt widzenia na histori\u0119 II wojny \u015bwiatowej i nie ukrywa\u0142 w\u0142asnych sympatii do formacji ukrai\u0144skich nacjonalist\u00f3w OUN-UPA. Niekt\u00f3rzy oponenci ocenili rewizjonizm Wiktora Juszczenki jako skutek wychowania rodzinnego. Dlatego szczeg\u00f3ln\u0105 uwag\u0119 badaczy \u017cyciorysu prezydenckiego skierowali na sylwetk\u0119 ojca prezydenta &#8211; Andrija Juszczenki, kt\u00f3ry sp\u0119dzi\u0142 wi\u0119kszo\u015b\u0107 okresu wojny w niewoli (hitlerowskiej &#8211; ETL.)\u201d &#8211; o\u015bwiadczy\u0142 historyk \u017cydowski Wilner.<\/p>\r\n\r\n<p style=\"padding-left: 30px;\">Zdaniem autora, kt\u00f3ry zbada\u0142 wiele dokument\u00f3w archiwalnych w Rosji, zwi\u0105zanych z losem ojca Juszczenki &#8211; Andrij kolaborowa\u0142 z Niemcami hitlerowskimi. Wilner na podstawie por\u00f3wnywania dokument\u00f3w archiwalnych wyja\u015bni\u0142, i\u017c po wojnie ojciec prezydenta Juszczenki stale k\u0142ama\u0142, ukrywaj\u0105c swoj\u0105 przesz\u0142o\u015b\u0107 obozow\u0105 przed w\u0142adzami sowieckimi. Ale badania dokument\u00f3w pozwoli\u0142y z wysok\u0105 precyzyjno\u015bci\u0105 stwierdzi\u0107, \u017ce Andrij Juszczenko w okresie II wojny \u015bwiatowej kolaborowa\u0142 z SS jako obozowy policjant, a potem jako tajny agent-informator. Przecie\u017c jak m\u00f3g\u0142 zwyk\u0142y \u017co\u0142nierz sowiecki siedmiokrotnie uciec z hitlerowskich oboz\u00f3w koncentracyjnych. Przecie\u017c opr\u00f3cz \u017byd\u00f3w esesmani najgorzej traktowali tylko je\u0144c\u00f3w sowieckich. Wystarczy\u0142aby tylko jedna ucieczka, \u017ceby je\u0144ca sowieckiego Andrija Juszczenk\u0119 esesmani postawili pod \u015bciank\u0119 i rozstrzelali. A tzw. ucieczki Juszczenki, zdaniem Wilnera, by\u0142y tylko zmianami miejsca zatrudnienia jako agenta SS w r\u00f3\u017cnych obozach hitlerowskich &#8211; stwierdza autor \u017cyciorysu ojca prezydenta Juszczenki.<\/p>\r\n\r\n<p style=\"padding-left: 30px;\">\u201eDalsze badania \u017cyciorysu Andrija Juszczenki mog\u0142yby jaskrawo wy\u015bwietli\u0107 wszystkie kwestie wsp\u00f3\u0142pracy jego z hitlerowcami. Oczywi\u015bcie, i\u017c S\u0142u\u017cba Bezpiecze\u0144stwa Ukrainy (SBU) nie b\u0119dzie sprzyja\u0107 w doj\u015bciu do prawdy, bo prezydent Wiktor Juszczenko kontroluje ukrai\u0144skie s\u0142u\u017cby specjalne. Ale wi\u0119ksza cz\u0119\u015b\u0107 archiw\u00f3w je\u0144c\u00f3w wojennych i wi\u0119\u017ani\u00f3w niemieckich oboz\u00f3w koncentracyjnych, tak\u017ce i dokument\u00f3w, zwi\u0105zanych z Andrijem Juszczenk\u0105 jest na szcz\u0119\u015bcie przechowywana poza Ukrain\u0105 &#8211; w Rosji i cz\u0119\u015bciowo w Niemczech\u201d &#8211; konkluduje historyk \u017cydowski Wilner, kt\u00f3ry jest pewny, \u017ce kwestie kolaboracji ojca prezydenta Juszczenki z hitlerowcami zostan\u0105 jeszcze precyzyjniej wyja\u015bnione najbli\u017cszym czasem.<\/p>\r\n\r\n<p style=\"padding-left: 30px;\"><strong><em>Eugeniusz Tuzow-Luba\u0144ski, Kij\u00f3w<\/em><\/strong><\/p>","protected":false},"excerpt":{"rendered":"Korespondencja z Kijowa. Przy okazji polecam szereg nowych informacji o bie\u017cacej sytuacji na Kresach. Wilner nadal oskar\u017ca ojca prezydenta o kolaboracj\u0119 Ksi\u0105\u017cka izraelskiego historyka Jurija Wilnera pt. \u201eAndrij Juszczenko: personalia i legenda\u201d &#8211; wci\u0105\u017c wzbudza interes w Rosji, a na Ukrainie jest nie do zdobycia. Na motto swej ksi\u0105\u017cki Wilner wykorzysta\u0142 wypowied\u017a brata prezydenta Juszczenki [&hellip;]","protected":false},"author":1,"featured_media":0,"comment_status":"closed","ping_status":"closed","sticky":false,"template":"","format":"standard","meta":{"_acf_changed":false,"_monsterinsights_skip_tracking":false,"_monsterinsights_sitenote_active":false,"_monsterinsights_sitenote_note":"","_monsterinsights_sitenote_category":0,"ngg_post_thumbnail":0,"footnotes":"","_wp_rev_ctl_limit":""},"categories":[9],"tags":[17,59],"acf":[],"_links":{"self":[{"href":"https:\/\/www.bibula.com\/index.php?rest_route=\/wp\/v2\/posts\/16337"}],"collection":[{"href":"https:\/\/www.bibula.com\/index.php?rest_route=\/wp\/v2\/posts"}],"about":[{"href":"https:\/\/www.bibula.com\/index.php?rest_route=\/wp\/v2\/types\/post"}],"author":[{"embeddable":true,"href":"https:\/\/www.bibula.com\/index.php?rest_route=\/wp\/v2\/users\/1"}],"replies":[{"embeddable":true,"href":"https:\/\/www.bibula.com\/index.php?rest_route=%2Fwp%2Fv2%2Fcomments&post=16337"}],"version-history":[{"count":0,"href":"https:\/\/www.bibula.com\/index.php?rest_route=\/wp\/v2\/posts\/16337\/revisions"}],"wp:attachment":[{"href":"https:\/\/www.bibula.com\/index.php?rest_route=%2Fwp%2Fv2%2Fmedia&parent=16337"}],"wp:term":[{"taxonomy":"category","embeddable":true,"href":"https:\/\/www.bibula.com\/index.php?rest_route=%2Fwp%2Fv2%2Fcategories&post=16337"},{"taxonomy":"post_tag","embeddable":true,"href":"https:\/\/www.bibula.com\/index.php?rest_route=%2Fwp%2Fv2%2Ftags&post=16337"}],"curies":[{"name":"wp","href":"https:\/\/api.w.org\/{rel}","templated":true}]}}