{"id":16230,"date":"2009-12-02T12:48:34","date_gmt":"2009-12-02T17:48:34","guid":{"rendered":"http:\/\/www.bibula.com\/?p=16230"},"modified":"2009-12-02T12:48:48","modified_gmt":"2009-12-02T17:48:48","slug":"niemcy-uratowali-niedziele","status":"publish","type":"post","link":"https:\/\/www.bibula.com\/?p=16230","title":{"rendered":"Niemcy uratowali niedziel\u0119"},"content":{"rendered":"<p>Nie tylko w sprawach rozliczenia si\u0119 z przesz\u0142o\u015bci\u0105 warto czasami uczy\u0107 si\u0119 od Niemc\u00f3w.<\/p>\r\n\r\n\r\n<h2 style=\"padding-left: 30px;\">Niemieckie Ko\u015bcio\u0142y uratowa\u0142y niedziel\u0119<a name=\"IDAQWZYD\"> <\/a><\/h2>\r\n\r\n\r\n<p style=\"padding-left: 30px;\">Federalny Trybuna\u0142 Konstytucyjny w Karlsruhe wzmocni\u0142 ochron\u0119 niedzieli i innych dni \u015bwi\u0105tecznych w Niemczech. Dzisiaj wyda\u0142 wyrok, w kt\u00f3rym przychyli\u0142 si\u0119 do pozwu Ko\u015bcio\u0142\u00f3w katolickiego i ewangelickiego przeciwko decyzji w\u0142adz Berlina o otwarciu sklep\u00f3w przez 10 niedziel w ci\u0105gu roku.<\/p>\r\n\r\n<p style=\"padding-left: 30px;\">S\u0119dziowie sprzeciwili si\u0119 szczeg\u00f3lnie decyzji o otwarciu sklep\u00f3w w Berlinie w cztery niedziele Adwentu wskazuj\u0105c, \u017ce jest to sprzeczne z konstytucyjnym prawem o ochronie niedzieli. W uzasadnieniu Trybuna\u0142 podkre\u015bli\u0142, \u017ce niedziele i dni \u015bwi\u0105teczne s\u0105 nie tylko \u201edniami wolnymi od pracy&#8221; ze wzgl\u0119d\u00f3w religijnych ale r\u00f3wnie\u017c czasem osobistego wypoczynku pracownik\u00f3w i chroni tak\u017ce ich prawo do uczestnictwa w \u017cyciu spo\u0142ecznym.<\/p>\r\n\r\n<p style=\"padding-left: 30px;\">Przewodnicz\u0105cy Konferencji Biskup\u00f3w Niemiec, abp Robert Zollitsch, z satysfakcj\u0105 przyj\u0105\u0142 decyzj\u0119 Trybuna\u0142u i powiedzia\u0142 w Bonn, \u017ce \u201etym samym wzmocniono niedziel\u0119\u201d oraz podkre\u015bli\u0142, \u017ce \u201edzie\u0144 ten jest wa\u017cnym dobrem kultury dla ca\u0142ego spo\u0142ecze\u0144stwa\u201d.<\/p>\r\n\r\n<p style=\"padding-left: 30px;\">Decyzja Trybuna\u0142u \u201eto dow\u00f3d, \u017ce komercja nie jest priorytetem i niedziela jest zarezerwowana dla wypoczynku. Wskazano wyra\u017anie na r\u00f3\u017cnic\u0119 mi\u0119dzy niedzielami a dniami robotniczymi\u201d &#8211; powiedzia\u0142a prezes Synodu Ko\u015bcio\u0142\u00f3w Ewangelickich w Niemczech Katrin G\u00f6ring.<\/p>\r\n\r\n<p style=\"padding-left: 30px;\">tom \/ Karlsruhe<\/p>","protected":false},"excerpt":{"rendered":"Nie tylko w sprawach rozliczenia si\u0119 z przesz\u0142o\u015bci\u0105 warto czasami uczy\u0107 si\u0119 od Niemc\u00f3w. Niemieckie Ko\u015bcio\u0142y uratowa\u0142y niedziel\u0119 Federalny Trybuna\u0142 Konstytucyjny w Karlsruhe wzmocni\u0142 ochron\u0119 niedzieli i innych dni \u015bwi\u0105tecznych w Niemczech. Dzisiaj wyda\u0142 wyrok, w kt\u00f3rym przychyli\u0142 si\u0119 do pozwu Ko\u015bcio\u0142\u00f3w katolickiego i ewangelickiego przeciwko decyzji w\u0142adz Berlina o otwarciu sklep\u00f3w przez 10 niedziel [&hellip;]","protected":false},"author":1,"featured_media":0,"comment_status":"closed","ping_status":"closed","sticky":false,"template":"","format":"standard","meta":{"_acf_changed":false,"_monsterinsights_skip_tracking":false,"_monsterinsights_sitenote_active":false,"_monsterinsights_sitenote_note":"","_monsterinsights_sitenote_category":0,"ngg_post_thumbnail":0,"footnotes":"","_wp_rev_ctl_limit":""},"categories":[6],"tags":[23],"acf":[],"_links":{"self":[{"href":"https:\/\/www.bibula.com\/index.php?rest_route=\/wp\/v2\/posts\/16230"}],"collection":[{"href":"https:\/\/www.bibula.com\/index.php?rest_route=\/wp\/v2\/posts"}],"about":[{"href":"https:\/\/www.bibula.com\/index.php?rest_route=\/wp\/v2\/types\/post"}],"author":[{"embeddable":true,"href":"https:\/\/www.bibula.com\/index.php?rest_route=\/wp\/v2\/users\/1"}],"replies":[{"embeddable":true,"href":"https:\/\/www.bibula.com\/index.php?rest_route=%2Fwp%2Fv2%2Fcomments&post=16230"}],"version-history":[{"count":0,"href":"https:\/\/www.bibula.com\/index.php?rest_route=\/wp\/v2\/posts\/16230\/revisions"}],"wp:attachment":[{"href":"https:\/\/www.bibula.com\/index.php?rest_route=%2Fwp%2Fv2%2Fmedia&parent=16230"}],"wp:term":[{"taxonomy":"category","embeddable":true,"href":"https:\/\/www.bibula.com\/index.php?rest_route=%2Fwp%2Fv2%2Fcategories&post=16230"},{"taxonomy":"post_tag","embeddable":true,"href":"https:\/\/www.bibula.com\/index.php?rest_route=%2Fwp%2Fv2%2Ftags&post=16230"}],"curies":[{"name":"wp","href":"https:\/\/api.w.org\/{rel}","templated":true}]}}