{"id":1594,"date":"2008-01-17T11:17:21","date_gmt":"2008-01-17T11:17:21","guid":{"rendered":""},"modified":"2018-01-17T10:04:34","modified_gmt":"2018-01-17T15:04:34","slug":"obrzydliwa-impreza-dzien-judaizmu-w-gdanskim-katolickim-seminarium-duchownym","status":"publish","type":"post","link":"https:\/\/www.bibula.com\/?p=1594","title":{"rendered":"Obrzydliwa impreza &#8222;Dzie\u0144 Judaizmu&#8221; w Gda\u0144skim (katolickim?) Seminarium Duchownym"},"content":{"rendered":"<p>W Gda\u0144skim Seminarium Duchownym odby\u0142y si\u0119 17 stycznia br. XI Obchody &#8222;Dnia Judaizmu&#8221;. Jak podaj\u0105 agencje informacyjne oraz instytucje judaizuj\u0105ce spo\u0142ecze\u0144stwo (zob. plakat organizacji o nazwie <a class=\"content_sz\" href=\"http:\/\/www.areopag.pl\/art.php?rok=2008jud\" target=\"_blank\" rel=\"noopener\">Areopag Gda\u0144ski<\/a>), w zwi\u0105zku z obchodami odby\u0142a si\u0119 publiczna debata naczelnego rabina Wroc\u0142awia Icchaka Rapoporta i ks. Krzysztofa Niedaltowskiego na temat ma\u0142\u017ce\u0144stwa. Gospodarzem imprezy, razem z rabinem Rapoportem, by\u0142 Metropolita Gda\u0144ski, arcybiskup Tadeusz Goclowski.<\/p>\r\n<p>Oto kilka zdj\u0119\u0107 z tej imprezy, kt\u00f3ra przez wszystkich bez wyj\u0105tku przedsoborowych papie\u017cy by\u0142aby pot\u0119piona, gdy\u017c nie wolno prowadzi\u0107 &#8222;dialogu religijnego&#8221; z wyznawcami blu\u017anierczych religii, bez jednoznacznego przes\u0142ania <strong>nawo\u0142uj\u0105cego<\/strong> do powrotu (przyst\u0105pienia) na \u0142ono Ko\u015bcio\u0142a katolickiego. Zamiast tego, lansowane s\u0105 przez heretyckich hierarch\u00f3w &#8222;dialogi&#8221;, kt\u00f3re prowadz\u0105 do judaizacji spo\u0142ecze\u0144stwa chrze\u015bcija\u0144skiego, najpierw poprzez rozwodnienie wiary katolickiej, p\u00f3\u017aniej ateizacj\u0119 spo\u0142ecze\u0144stwa, a w ko\u0144cu przyj\u0119cie antywarto\u015bci b\u0119d\u0105cych podstaw\u0105 talmudycznej filozofii.<\/p>\r\n<ul>\r\n\t<li><a class=\"content_sz\" href=\"http:\/\/kfp.pl\/index2.html?koszyk=j00036444.jpg&amp;p=szukaj&amp;klucz=dzienjudaizmu170108&amp;zid=1200585004478f792cb41d6\" target=\"_blank\" rel=\"noopener\"><strong>Zdj\u0119cia na stronie Agencji Fotograficznej KFP<\/strong><\/a><\/li>\r\n<\/ul>\r\n<p>&nbsp;<\/p>\r\n<p align=\"center\"><img decoding=\"async\" src=\"http:\/\/www.bibula.com\/new\/images\/00340_modl.gif\"><\/p>","protected":false},"excerpt":{"rendered":"W Gda\u0144skim Seminarium Duchownym odby\u0142y si\u0119 17 stycznia br. XI Obchody &#8222;Dnia Judaizmu&#8221;. Jak podaj\u0105 agencje informacyjne oraz instytucje judaizuj\u0105ce spo\u0142ecze\u0144stwo (zob. plakat organizacji o nazwie Areopag Gda\u0144ski), w zwi\u0105zku z obchodami odby\u0142a si\u0119 publiczna debata naczelnego rabina Wroc\u0142awia Icchaka Rapoporta i ks. Krzysztofa Niedaltowskiego na temat ma\u0142\u017ce\u0144stwa. Gospodarzem imprezy, razem z rabinem Rapoportem, by\u0142 [&hellip;]","protected":false},"author":1,"featured_media":0,"comment_status":"closed","ping_status":"open","sticky":false,"template":"","format":"standard","meta":{"_acf_changed":false,"_monsterinsights_skip_tracking":false,"_monsterinsights_sitenote_active":false,"_monsterinsights_sitenote_note":"","_monsterinsights_sitenote_category":0,"ngg_post_thumbnail":0,"footnotes":"","_wp_rev_ctl_limit":""},"categories":[10],"tags":[92,101,33],"acf":[],"_links":{"self":[{"href":"https:\/\/www.bibula.com\/index.php?rest_route=\/wp\/v2\/posts\/1594"}],"collection":[{"href":"https:\/\/www.bibula.com\/index.php?rest_route=\/wp\/v2\/posts"}],"about":[{"href":"https:\/\/www.bibula.com\/index.php?rest_route=\/wp\/v2\/types\/post"}],"author":[{"embeddable":true,"href":"https:\/\/www.bibula.com\/index.php?rest_route=\/wp\/v2\/users\/1"}],"replies":[{"embeddable":true,"href":"https:\/\/www.bibula.com\/index.php?rest_route=%2Fwp%2Fv2%2Fcomments&post=1594"}],"version-history":[{"count":0,"href":"https:\/\/www.bibula.com\/index.php?rest_route=\/wp\/v2\/posts\/1594\/revisions"}],"wp:attachment":[{"href":"https:\/\/www.bibula.com\/index.php?rest_route=%2Fwp%2Fv2%2Fmedia&parent=1594"}],"wp:term":[{"taxonomy":"category","embeddable":true,"href":"https:\/\/www.bibula.com\/index.php?rest_route=%2Fwp%2Fv2%2Fcategories&post=1594"},{"taxonomy":"post_tag","embeddable":true,"href":"https:\/\/www.bibula.com\/index.php?rest_route=%2Fwp%2Fv2%2Ftags&post=1594"}],"curies":[{"name":"wp","href":"https:\/\/api.w.org\/{rel}","templated":true}]}}