{"id":1593,"date":"2008-01-17T09:20:09","date_gmt":"2008-01-17T09:20:09","guid":{"rendered":""},"modified":"2008-11-23T11:54:15","modified_gmt":"2008-11-23T16:54:15","slug":"coraz-wicej-tupetu-stanisaw-michalkiewicz","status":"publish","type":"post","link":"https:\/\/www.bibula.com\/?p=1593","title":{"rendered":"Coraz wi\u0119cej tupetu &#8211; <em>Stanis\u0142aw Michalkiewicz<\/em>"},"content":{"rendered":"<p>Szanowni Pa\u0144stwo!<\/p>\r\n\r\n<p>Niemal od tygodnia trwa w Polsce festiwal Jana Tomasza Grossa, z  wykszta\u0142cenia socjologa, kt\u00f3ry z uwagi na podj\u0119cie si\u0119 pewnych zada\u0144,  jest reklamowany jako \u201e<em>\u015bwiatowej s\u0142awy historyk<\/em>\u201d. Pierwszym g\u0142o\u015bnym wyczynem Jana Tomasza Grossa na niwie historycznej by\u0142a ksi\u0105\u017cka \u201e<em>S\u0105siedzi<\/em>\u201d,  w kt\u00f3rej przypisa\u0142 mieszka\u0144com Jedwabnego odpowiedzialno\u015b\u0107 za  wymordowanie tamtejszych \u017byd\u00f3w, zawy\u017caj\u0105c przy okazji liczb\u0119 ofiar.  Liczni autorzy, m.in. prof. Jerzy Robert Nowak, wytkn\u0119li Janowi  Tomaszowi Grossowi liczne k\u0142amstwa, w tym r\u00f3wnie\u017c &#8211; fa\u0142sze \u015bwiadome,  ale na autorze \u201e<em>S\u0105siad\u00f3w<\/em>\u201d nie zrobi\u0142o to najmniejszego wra\u017cenia,  podobnie jak na \u015brodowiskach i mediach, kt\u00f3re w promocj\u0119 tej ksi\u0105\u017cki i  jej autora bardzo si\u0119 zaanga\u017cowa\u0142y.<\/p>\r\n\r\n<p>Nie ma w tym nic dziwnego; ani Janowi Tomaszowi Grossowi, ani tym  \u015brodowiskom i mediom nie chodzi\u0142o o \u017cadn\u0105 prawd\u0119 &#8211; tylko o wywo\u0142anie  skandalu, kt\u00f3ry wpisa\u0142by si\u0119 w zapowiedzian\u0105 w 1996 roku przez  \u00f3wczesnego sekretarza \u015awiatowego Kongresu \u017byd\u00f3w Izraela Singera akcj\u0119 \u201e<em>upokarzania Polski na arenie mi\u0119dzynarodowej<\/em>\u201d.  Akcja ta by\u0142a i jest obliczona na uzyskanie dwojakiego rezultatu: po  pierwsze &#8211; chodzi o doprowadzenie spo\u0142ecze\u0144stwa polskiego i polskich  w\u0142adz pa\u0144stwowych do stanu bezbronno\u015bci wobec roszcze\u0144 wysuwanych pod  adresem Polski m.in. przez \u015awiatowy Kongres \u017byd\u00f3w. Izrael Singer wcale  zreszt\u0105 tego nie ukrywa\u0142, przeciwnie &#8211; podkre\u015bla\u0142 zwi\u0105zek akcji \u201e<em>upokarzania Polski na arenie mi\u0119dzynarodowej<\/em>\u201d z roszczeniami maj\u0105tkowymi, wysuwanymi przez \u015awiatowy Kongres. Po drugie &#8211; celem \u201e<em>upokarzania Polski<\/em>\u201d  by\u0142o i jest delikatne i stopniowe przesuwanie odpowiedzialno\u015bci za  zbrodnie pope\u0142nione m.in. na \u017bydach podczas II wojny \u015bwiatowej z  pa\u0144stwa i narodu niemieckiego na nar\u00f3d polski. \u0179eby ta operacja  wygl\u0105da\u0142a w miar\u0119 wiarygodnie, trzeba spreparowa\u0107 odpowiednie dowody  zar\u00f3wno na \u201e<em>polski antysemityzm<\/em>\u201d, jak i odpowiednie dowody \u201e<em>polskich zbrodni<\/em>\u201d. Zajmuj\u0105 si\u0119 tym zar\u00f3wno wynaj\u0119ci publicy\u015bci, z uporem u\u017cywaj\u0105cy okre\u015blenia \u201e<em>polskie obozy koncentracyjne<\/em>\u201d, jak i \u201e<em>\u015bwiatowej s\u0142awy historycy<\/em>\u201d w rodzaju Jana Tomasza Grossa, kt\u00f3rzy dostarczaj\u0105 tak zwanych \u201e<em>historycznych przyk\u0142ad\u00f3w<\/em>\u201d.<\/p>\r\n\r\n<p>Jak pami\u0119tamy, rozg\u0142os, jaki \u201e<em>sprawie Jedwabnego<\/em>\u201d nadany zosta\u0142 ksi\u0105\u017ck\u0105 Jana Tomasza Grossa \u201e<em>S\u0105siedzi<\/em>\u201d,  doprowadzi\u0142 do uroczysto\u015bci oskar\u017cycielsko-ekspiacyjnej, kt\u00f3rej  kulminacyjnym momentem by\u0142y przeprosiny z\u0142o\u017cone przez prezydenta  Aleksandra Kwa\u015bniewskiego. I w\u0142a\u015bnie o to chodzi\u0142o, bo p\u00f3\u017aniej nikt ju\u017c  specjalnie Jedwabnem si\u0119 nie interesowa\u0142.<\/p>\r\n\r\n<p>Ale sprawa roszcze\u0144 maj\u0105tkowych nadal nie zosta\u0142a za\u0142atwiona, wi\u0119c i akcji \u201e<em>upokarzania Polski na arenie mi\u0119dzynarodowej<\/em>\u201d nikt nie odwo\u0142a\u0142. Przeciwnie &#8211; nabra\u0142a ona jeszcze wi\u0119kszego rozmachu, a sta\u0142ym jej elementem okaza\u0142a si\u0119 tw\u00f3rczo\u015b\u0107 \u201e<em>\u015bwiatowej s\u0142awy historyka<\/em>\u201d Jana Tomasza Grossa, kt\u00f3ry najwyra\u017aniej nabra\u0142 rezonu, tupetu i \u015bmia\u0142o\u015bci. Jego kolejna ksi\u0105\u017cka \u201e<em>Strach<\/em>\u201d idzie ju\u017c na ca\u0142o\u015b\u0107, bez liczenia si\u0119 z jakimikolwiek historycznymi realiami. Ale bo te\u017c \u201e<em>\u015bwiatowej s\u0142awy historykowi<\/em>\u201d,  podobnie jak jego inspiratorom i promotorom nie idzie o \u017cadne realia &#8211;  tylko o wykorzystanie sytuacji, i\u017c spo\u0142ecze\u0144stwa na Zachodzie, przede  wszystkim w Stanach Zjednoczonych, nie maj\u0105 bladego poj\u0119cia o wojennej  i powojennej sytuacji w Europie \u015arodkowej, w tym r\u00f3wnie\u017c w Polsce &#8211; by  tym \u0142atwiej przedstawi\u0107 tam Polak\u00f3w jako nar\u00f3d morderc\u00f3w w nadziei, \u017ce  w tej sytuacji \u0142atwiej b\u0119dzie pozyska\u0107 tamtejsze rz\u0105dy do wywierania  nacisk\u00f3w na rz\u0105d polski.<\/p>\r\n\r\n<p>\u015arodowiska i organizacje \u017cydowskie, zw\u0142aszcza w Polsce, twierdz\u0105  wprawdzie, \u017ce zale\u017cy im tylko na ujawnieniu prawdy, ale nie odcinaj\u0105  si\u0119 ani od metody przyj\u0119tej przez \u201e<em>\u015bwiatowej s\u0142awy historyka<\/em>\u201d, za\u015b autor\u00f3w wytykaj\u0105cych mu ewidentne i \u015bwiadome k\u0142amstwa oskar\u017caj\u0105 o \u201e<em>antysemityzm<\/em>\u201d.  Poniewa\u017c wiele os\u00f3b publicznych w Polsce nie wiadomo dlaczego panicznie  takich oskar\u017ce\u0144 si\u0119 boi, o \u017cadnej merytorycznej dyskusji nie mo\u017ce by\u0107  mowy, bo ryzyko zarzutu \u201e<em>antysemityzmu<\/em>\u201d dzia\u0142a parali\u017cuj\u0105co, niczym wzrok bazyliszka.<\/p>\r\n\r\n<p>Warto w tej sytuacji przypomnie\u0107 raz jeszcze, \u017ce podczas uroczystej reaktywacji w Polsce lo\u017cy B\u2019nai B\u2019rith, czyli tak zwanego \u201e<em>Zakonu Syn\u00f3w Przymierza<\/em>\u201d,  jej przewodnicz\u0105cy przedstawi\u0142 dwa cele, jakie stawia przed sob\u0105 ta  organizacja: realizacj\u0119 tak zwanych roszcze\u0144 maj\u0105tkowych i pacyfikacj\u0119  Radia Maryja. Ksi\u0105\u017cka Jana Tomasza Grossa jest wi\u0119c elementem tego  przedsi\u0119wzi\u0119cia i je\u015bli zas\u0142uguje na uwag\u0119, to tylko ze wzgl\u0119du na  rol\u0119, jaka ma w tych projektach do odegrania.<\/p>\r\n\r\n<p>Dodatkowej pikanterii dodaje temu wszystkiemu okoliczno\u015b\u0107, \u017ce  festiwal, jaki pewne \u015brodowiska organizuj\u0105 ksi\u0105\u017cce Jana Tomasza Grossa,  rozpocz\u0105\u0142 si\u0119 niemal w przeddzie\u0144 kolejnych ju\u017c, jedenastych  og\u00f3lnopolskich obchod\u00f3w \u201e<em>Dnia Judaizmu<\/em>\u201d.  Jego oficjalnym celem ma by\u0107 upowszechnienie \u017cyczliwo\u015bci wobec \u017byd\u00f3w w  \u015brodowiskach chrze\u015bcija\u0144skich. Dlaczego akurat i tylko wobec \u017byd\u00f3w, a  nie wobec ludzi w og\u00f3le &#8211; mniejsza o to, ale trzeba przyzna\u0107, \u017ce ani  bajkopisarska dzia\u0142alno\u015b\u0107 \u201e<em>\u015bwiatowej s\u0142awy historyka<\/em>\u201d, ani  inspirator\u00f3w i propagator\u00f3w jego oszczerczych haggad, specjalnie  chrze\u015bcijanom sytuacji nie u\u0142atwia. Przeciwnie &#8211; mog\u0105 oni poczu\u0107 si\u0119 w  tych okoliczno\u015bciach zach\u0119cani do plucia pod wiatr, a do takich  po\u015bwi\u0119ce\u0144 nie ka\u017cdy jest zdolny, a je\u015bli ju\u017c musi si\u0119 po\u015bwi\u0119ca\u0107 &#8211; robi  to bez \u017cadnej przyjemno\u015bci. Ale czasy mamy coraz mniej przyjemne, wi\u0119c  chyba b\u0119dziemy musieli przyzwyczai\u0107 si\u0119 do cierpliwego znoszenia  r\u00f3\u017cnych dopust\u00f3w &#8211; chyba, \u017ceby okaza\u0142o si\u0119, \u017ce to nie jest wcale  konieczne.<\/p>\r\n\r\n<p>Szcz\u0119\u015b\u0107 Bo\u017ce!<\/p>\r\n\r\n<p>M\u00f3wi\u0142 Stanis\u0142aw Michalkiewicz<\/p>\r\n\r\n<p><img decoding=\"async\" src=\"http:\/\/www.michalkiewicz.pl\/img\/kwad.gif\" alt=\"\" width=\"6\" height=\"12\" \/><em> Stanis\u0142aw Michalkiewicz<\/em> <br \/>\r\n <em>Felieton \u00a0\u00b7\u00a0 Radio Maryja \u00a0\u00b7\u00a0 2008-01-17 \u00a0|\u00a0 www.michalkiewicz.pl<\/em><\/p>\r\n\r\n<p><br class=\"spacer_\" \/><\/p>","protected":false},"excerpt":{"rendered":"Szanowni Pa\u0144stwo! Niemal od tygodnia trwa w Polsce festiwal Jana Tomasza Grossa, z wykszta\u0142cenia socjologa, kt\u00f3ry z uwagi na podj\u0119cie si\u0119 pewnych zada\u0144, jest reklamowany jako \u201e\u015bwiatowej s\u0142awy historyk\u201d. Pierwszym g\u0142o\u015bnym wyczynem Jana Tomasza Grossa na niwie historycznej by\u0142a ksi\u0105\u017cka \u201eS\u0105siedzi\u201d, w kt\u00f3rej przypisa\u0142 mieszka\u0144com Jedwabnego odpowiedzialno\u015b\u0107 za wymordowanie tamtejszych \u017byd\u00f3w, zawy\u017caj\u0105c przy okazji liczb\u0119 [&hellip;]","protected":false},"author":1,"featured_media":0,"comment_status":"closed","ping_status":"open","sticky":false,"template":"","format":"standard","meta":{"_acf_changed":false,"_monsterinsights_skip_tracking":false,"_monsterinsights_sitenote_active":false,"_monsterinsights_sitenote_note":"","_monsterinsights_sitenote_category":0,"ngg_post_thumbnail":0,"footnotes":"","_wp_rev_ctl_limit":""},"categories":[9],"tags":[34],"acf":[],"_links":{"self":[{"href":"https:\/\/www.bibula.com\/index.php?rest_route=\/wp\/v2\/posts\/1593"}],"collection":[{"href":"https:\/\/www.bibula.com\/index.php?rest_route=\/wp\/v2\/posts"}],"about":[{"href":"https:\/\/www.bibula.com\/index.php?rest_route=\/wp\/v2\/types\/post"}],"author":[{"embeddable":true,"href":"https:\/\/www.bibula.com\/index.php?rest_route=\/wp\/v2\/users\/1"}],"replies":[{"embeddable":true,"href":"https:\/\/www.bibula.com\/index.php?rest_route=%2Fwp%2Fv2%2Fcomments&post=1593"}],"version-history":[{"count":0,"href":"https:\/\/www.bibula.com\/index.php?rest_route=\/wp\/v2\/posts\/1593\/revisions"}],"wp:attachment":[{"href":"https:\/\/www.bibula.com\/index.php?rest_route=%2Fwp%2Fv2%2Fmedia&parent=1593"}],"wp:term":[{"taxonomy":"category","embeddable":true,"href":"https:\/\/www.bibula.com\/index.php?rest_route=%2Fwp%2Fv2%2Fcategories&post=1593"},{"taxonomy":"post_tag","embeddable":true,"href":"https:\/\/www.bibula.com\/index.php?rest_route=%2Fwp%2Fv2%2Ftags&post=1593"}],"curies":[{"name":"wp","href":"https:\/\/api.w.org\/{rel}","templated":true}]}}