{"id":1570,"date":"2008-01-10T14:11:06","date_gmt":"2008-01-10T14:11:06","guid":{"rendered":""},"modified":"2009-03-07T22:24:30","modified_gmt":"2009-03-08T03:24:30","slug":"kardyna-rode-wezwa-jezuitw-do-posuszestwa","status":"publish","type":"post","link":"https:\/\/www.bibula.com\/?p=1570","title":{"rendered":"Kardyna\u0142 Rode wezwa\u0142 jezuit\u00f3w do pos\u0142usze\u0144stwa"},"content":{"rendered":"<p>Kardyna\u0142 Franc Rode, hierarcha Ko\u015bcio\u0142a Katolickiego  odpowiedzialny za zgromadzenia zakonne, wyrazi\u0142 podczas przem\u00f3wienia  skierowanego do 35. Generalnego Zgromadzenia Towarzystwa Jezusowego  swoje \u201ezaniepokojenie\u00a0i ubolewanie\u201d z powodu niewierno\u015bci zgromadzenia  tradycyjnemu nauczaniu Ko\u015bcio\u0142a &#8211; informuje <em>LifeSiteNews.com<\/em>.<\/p>\r\n\r\n<p>Kardyna\u0142 Rode, prefekt Watyka\u0144skiej Kongregacji ds. \u0179ycia  Konsekrowanego i Stowarzysze\u0144 \u0179ycia Apostolskiego przypomnia\u0142 posta\u0107  za\u0142o\u017cyciela zgromadzenia \u015bw. Ignacego Lojol\u0119 i jego pierwotn\u0105 formu\u0142\u0119:  \u201eS\u0142u\u017cy\u0107 Bogu i Jego Oblubienicy Ko\u015bcio\u0142owi \u015bw. kierowanemu przez  Biskupa Rzymu.\u201d<\/p>\r\n\r\n<p>Kardyna\u0142 wielokrotnie wyrazi\u0142 \u017cal i zaniepokojenie z powodu niewierno\u015bci Ko\u015bcio\u0142owi. &#8211; <em>Z  wielkim ubolewaniem i zaniepokojeniem stwierdzam, \u017ce sentire cum  ecclesia (czucie, my\u015blenie z Ko\u015bcio\u0142em), o kt\u00f3rym wasz za\u0142o\u017cyciel  cz\u0119sto m\u00f3wi\u0142 jest umniejszane nawet w\u015br\u00f3d cz\u0142onk\u00f3w wsp\u00f3lnot religijnych <\/em>&#8211; powiedzia\u0142 hierarcha<\/p>\r\n\r\n<p>&#8211; <em>Ze smutkiem i zaniepokojeniem obserwuj\u0119 tak\u017ce rosn\u0105ce dystansowanie si\u0119 od hierarch\u00f3w<\/em> &#8211; m\u00f3wi\u0142 dalej kardyna\u0142 Rode. &#8211; <em>Ignacja\u0144ska  duchowo\u015b\u0107 apostolskiej pos\u0142ugi pod przewodnictwem Biskupa Rzymu nie  pozwala na tak\u0105 separacj\u0119. W konstytucjach, kt\u00f3re wam pozostawi\u0142 wasz  za\u0142o\u017cyciel, \u015bw. Ignacy napisa\u0142: \u201emusimy zawsze by\u0107 gotowi do  pos\u0142usze\u0144stwa (&#8230;) Ko\u015bcio\u0142owi hierarchicznemu\u201d<\/em> &#8211; podkre\u015bli\u0142.<\/p>\r\n\r\n<p>Kardyna\u0142 Rode wezwa\u0142 jezuit\u00f3w, aby ci, kt\u00f3rzy zgodnie regu\u0142\u0105 musz\u0105  nadzorowa\u0107 doktryn\u0119 pism i publikacji \u201eczynili to w \u015bwietle i w zgodzie  z zasadami dla sentire cum ecclesia z mi\u0142o\u015bci\u0105 i szacunkiem\u201d.<\/p>\r\n\r\n<p>Wielcy obro\u0144cy wiary, za jakich uchodzili niegdy\u015b jezuici w ci\u0105gu  ostatnich 40 lat byli uwik\u0142ani w liczne skandale. Dotyczy\u0142y one m.in.  ksi\u0119\u017cy homoseksualist\u00f3w pochodz\u0105cych w\u0142a\u015bnie z tego zakonu oraz  kontestowania przez uniwersyteckich wyk\u0142adowc\u00f3w tradycyjnego nauczania  Ko\u015bcio\u0142a katolickiego nt. ochrony \u017cycia i rodziny.<\/p>\r\n\r\n<p>Papie\u017c Benedykt XVI pozbawi\u0142 stanowisk kilku prominentnych teolog\u00f3w  jezuickich. Ostatnio zosta\u0142 odwo\u0142any o. Thomas J. Reese, wydawca  sztandarowego pisma jezuit\u00f3w \u201eAmerica\u201d.<\/p>\r\n\r\n<p>Przem\u00f3wienie kardyna\u0142a postrzegane jest przez watyka\u0144skich obserwator\u00f3w  jako kolejny ruch papie\u017ca w kierunku przywr\u00f3cenia dawnej \u015bwietno\u015bci  zakonu.<\/p>\r\n\r\n<p>Kardyna\u0142 wezwa\u0142 jezuit\u00f3w, by stali si\u0119 znowu awangard\u0105 w wojnie  kulturowej wsp\u00f3\u0142czesnego \u015bwiata przekazuj\u0105c mu odwieczn\u0105 prawd\u0119 o Bogu  we wsp\u00f3\u0142czesny spos\u00f3b.<\/p>\r\n\r\n<p>\u0179r\u00f3d\u0142o: LifeSiteNews.com, AS<\/p>\r\n\r\n<p>Za: <a class=\"content_sz\" href=\"http:\/\/www.piotrskarga.pl\/ps,1134,2,0,1,I,informacje.html\" target=\"_blank\">PiotrSkarga.pl<\/a><\/p>\r\n\r\n<p><br class=\"spacer_\" \/><\/p>","protected":false},"excerpt":{"rendered":"Kardyna\u0142 Franc Rode, hierarcha Ko\u015bcio\u0142a Katolickiego odpowiedzialny za zgromadzenia zakonne, wyrazi\u0142 podczas przem\u00f3wienia skierowanego do 35. Generalnego Zgromadzenia Towarzystwa Jezusowego swoje \u201ezaniepokojenie\u00a0i ubolewanie\u201d z powodu niewierno\u015bci zgromadzenia tradycyjnemu nauczaniu Ko\u015bcio\u0142a &#8211; informuje LifeSiteNews.com. Kardyna\u0142 Rode, prefekt Watyka\u0144skiej Kongregacji ds. \u0179ycia Konsekrowanego i Stowarzysze\u0144 \u0179ycia Apostolskiego przypomnia\u0142 posta\u0107 za\u0142o\u017cyciela zgromadzenia \u015bw. Ignacego Lojol\u0119 i jego pierwotn\u0105 [&hellip;]","protected":false},"author":1,"featured_media":0,"comment_status":"closed","ping_status":"open","sticky":false,"template":"","format":"standard","meta":{"_acf_changed":false,"_monsterinsights_skip_tracking":false,"_monsterinsights_sitenote_active":false,"_monsterinsights_sitenote_note":"","_monsterinsights_sitenote_category":0,"ngg_post_thumbnail":0,"footnotes":"","_wp_rev_ctl_limit":""},"categories":[3],"tags":[41],"acf":[],"_links":{"self":[{"href":"https:\/\/www.bibula.com\/index.php?rest_route=\/wp\/v2\/posts\/1570"}],"collection":[{"href":"https:\/\/www.bibula.com\/index.php?rest_route=\/wp\/v2\/posts"}],"about":[{"href":"https:\/\/www.bibula.com\/index.php?rest_route=\/wp\/v2\/types\/post"}],"author":[{"embeddable":true,"href":"https:\/\/www.bibula.com\/index.php?rest_route=\/wp\/v2\/users\/1"}],"replies":[{"embeddable":true,"href":"https:\/\/www.bibula.com\/index.php?rest_route=%2Fwp%2Fv2%2Fcomments&post=1570"}],"version-history":[{"count":0,"href":"https:\/\/www.bibula.com\/index.php?rest_route=\/wp\/v2\/posts\/1570\/revisions"}],"wp:attachment":[{"href":"https:\/\/www.bibula.com\/index.php?rest_route=%2Fwp%2Fv2%2Fmedia&parent=1570"}],"wp:term":[{"taxonomy":"category","embeddable":true,"href":"https:\/\/www.bibula.com\/index.php?rest_route=%2Fwp%2Fv2%2Fcategories&post=1570"},{"taxonomy":"post_tag","embeddable":true,"href":"https:\/\/www.bibula.com\/index.php?rest_route=%2Fwp%2Fv2%2Ftags&post=1570"}],"curies":[{"name":"wp","href":"https:\/\/api.w.org\/{rel}","templated":true}]}}