{"id":15670,"date":"2009-11-14T18:47:15","date_gmt":"2009-11-14T23:47:15","guid":{"rendered":"http:\/\/www.bibula.com\/?p=15670"},"modified":"2009-11-14T18:47:15","modified_gmt":"2009-11-14T23:47:15","slug":"precedensowy-wyrok-bioetyczny-czy-unia-opatentuje-czlowieka","status":"publish","type":"post","link":"https:\/\/www.bibula.com\/?p=15670","title":{"rendered":"Precedensowy wyrok bioetyczny: Czy Unia opatentuje cz\u0142owieka?"},"content":{"rendered":"<p><strong>Europejski Trybuna\u0142 Sprawiedliwo\u015bci zdecyduje, czy b\u0119dzie mo\u017cna opatentowa\u0107 genetyczn\u0105 metod\u0119 prowadz\u0105c\u0105 do \u015bmierci embrion\u00f3w. Prawo m\u00f3wi, \u017ce nie, ale wyrok mo\u017ce by\u0107 precedensowy.<\/strong><\/p>\r\n\r\n<p>Niemiecki Trybuna\u0142 Federalny prze\u0142o\u017cy\u0142 podj\u0119cie decyzji, \u017ce genetykowi Oliverowi Br\u00fcstle nie wolno opatentowa\u0107 metody uzyskiwania kom\u00f3rek nerwowych z kom\u00f3rek macierzystych pochodz\u0105cych z ludzkich embrion\u00f3w. Decyzja b\u0119dzie teraz zale\u017ce\u0107 od Europejskiego Trybuna\u0142u Sprawiedliwo\u015bci, kt\u00f3ry dosta\u0142 szans\u0119 podj\u0119cia precedensowego wyroku w tej sprawie.<\/p>\r\n\r\n<p>&#8211; Nie wiemy jak zachowa si\u0119 ETS w tej sprawie, bo cho\u0107 ma narz\u0119dzia do oceny tej spawy, europejskie s\u0105downictwo jest mocno zideologizowane &#8211; m\u00f3wi w rozmowie z portalem Fronda.pl bioetyk dr Kazimierz Sza\u0142ata z Uniwersytetu Kardyna\u0142a Stefana Wyszy\u0144skiego w Warszawie. &#8211; Dziwi\u0107 mo\u017ce natomiast fakt, i\u017c sam Trybuna\u0142 Federalny podj\u0105\u0142 i\u015bcie pi\u0142atowsk\u0105 decyzj\u0119, umywaj\u0105c r\u0119ce od sprawy &#8211; dodaje naukowiec.<\/p>\r\n\r\n<p>Naukowiec z Uniwersytetu w Bonn od 1995 roku walczy o to, by jego \u201ewynalazek\u201d m\u00f3g\u0142 zosta\u0107 opatentowany w Niemczech. Pierwotnie uda\u0142o mu si\u0119 to w 1999 roku, w urz\u0119dzie patentowym w Monachium. Dzi\u0119ki temu uzyska\u0142 wy\u0142\u0105czn\u0105 mo\u017cliwo\u015b\u0107 osi\u0105gania zysk\u00f3w z realizowania metody, na podstawie kt\u00f3rej mo\u017cna pozyskiwa\u0107 kom\u00f3rki nerwowe z kom\u00f3rek macierzystych pochodz\u0105cych z ludzkich embrion\u00f3w.<\/p>\r\n\r\n<p>Zaprotestowa\u0142a jednak ekologiczna organizacja Greenpeace. &#8211; Mniej nam chodzi\u0142o o dyskusyjny temat bada\u0144 przeprowadzanych na kom\u00f3rkach macierzystych, za\u015b bardziej o zasadnicze pytanie, czy mo\u017cna opatentowa\u0107 i skomercjalizowa\u0107 cz\u0142owieka, w tym przypadku ludzki embrion &#8211; t\u0142umaczy t\u0119 postaw\u0119 Barbara Kamradt z Greenpeace.<\/p>\r\n\r\n<p>Ekolodzy wygrali ju\u017c w tej sprawie proces przed s\u0105dem patentowym. Sprawa ostatecznie trafi\u0142a przed najwy\u017cszy s\u0105d w Niemczech, czyli Trybuna\u0142 Federalny. Ten orzek\u0142, i\u017c nie jest w stanie udzieli\u0107 konkretnej odpowiedzi na zadane pytanie, dop\u00f3ki nie otrzyma na ten temat informacji od Europejskiego Trybuna\u0142u Sprawiedliwo\u015bci. To w\u0142a\u015bnie ETS ma rozstrzygn\u0105\u0107 spraw\u0119 pod k\u0105tem zgodno\u015bci z unijnym prawodawstwem odno\u015bnie kwestii bioetycznych.<\/p>\r\n\r\n<p>Zdaniem europos\u0142a Unii Chrze\u015bcija\u0144sko-Demokratycznej Petera Liese, ETS nie mo\u017ce inaczej zdecydowa\u0107, ni\u017c odrzuci\u0107 argumentacj\u0119 Br\u00fcstlego. &#8211; Prawo europejskie nie pozostawia w\u0105tpliwo\u015bci, i\u017c patenty, kt\u00f3re opieraj\u0105 si\u0119 na niszczeniu ludzkich embrion\u00f3w, s\u0105 niedopuszczalne &#8211; m\u00f3wi polityk austriackiemu portalowi Kath.net. W my\u015bl dyrektywy biopatentowej z 1998 roku patenty opieraj\u0105ce si\u0119 na zabijaniu ludzkich zarodk\u00f3w s\u0105 niezgodne z europejskim prawem patentowym. Ponadto Parlament Europejski uzna\u0142 w 2005 roku, i\u017c nie wolno patentowa\u0107 tak\u017ce samych embrionalnych kom\u00f3rek macierzystych, gdy\u017c mo\u017cna je uzyska\u0107 jedynie poprzez zab\u00f3jstwo.<\/p>\r\n\r\n<p>&#8211; Pozyskiwanie materia\u0142u biologicznego, cho\u0107by nie wiem w jak szczytnych celach, nie mo\u017ce odbywa\u0107 si\u0119 kosztem \u017cycia ludzkiego. A embrion to przecie\u017c cz\u0142owiek. Prawo nie opieraj\u0105ce si\u0119 na ochronie \u017cycia ludzkiego jest zupe\u0142nie pozbawione sensu &#8211; uwa\u017ca w rozmowie z nami dr Kazimierz Sza\u0142ata.<\/p>\r\n\r\n<p>Stefan S\u0119kowski\/Abendblatt.de\/Kath.net<\/p>","protected":false},"excerpt":{"rendered":"Europejski Trybuna\u0142 Sprawiedliwo\u015bci zdecyduje, czy b\u0119dzie mo\u017cna opatentowa\u0107 genetyczn\u0105 metod\u0119 prowadz\u0105c\u0105 do \u015bmierci embrion\u00f3w. Prawo m\u00f3wi, \u017ce nie, ale wyrok mo\u017ce by\u0107 precedensowy. Niemiecki Trybuna\u0142 Federalny prze\u0142o\u017cy\u0142 podj\u0119cie decyzji, \u017ce genetykowi Oliverowi Br\u00fcstle nie wolno opatentowa\u0107 metody uzyskiwania kom\u00f3rek nerwowych z kom\u00f3rek macierzystych pochodz\u0105cych z ludzkich embrion\u00f3w. Decyzja b\u0119dzie teraz zale\u017ce\u0107 od Europejskiego Trybuna\u0142u Sprawiedliwo\u015bci, [&hellip;]","protected":false},"author":1,"featured_media":0,"comment_status":"closed","ping_status":"closed","sticky":false,"template":"","format":"standard","meta":{"_acf_changed":false,"_monsterinsights_skip_tracking":false,"_monsterinsights_sitenote_active":false,"_monsterinsights_sitenote_note":"","_monsterinsights_sitenote_category":0,"ngg_post_thumbnail":0,"footnotes":"","_wp_rev_ctl_limit":""},"categories":[6],"tags":[116],"acf":[],"_links":{"self":[{"href":"https:\/\/www.bibula.com\/index.php?rest_route=\/wp\/v2\/posts\/15670"}],"collection":[{"href":"https:\/\/www.bibula.com\/index.php?rest_route=\/wp\/v2\/posts"}],"about":[{"href":"https:\/\/www.bibula.com\/index.php?rest_route=\/wp\/v2\/types\/post"}],"author":[{"embeddable":true,"href":"https:\/\/www.bibula.com\/index.php?rest_route=\/wp\/v2\/users\/1"}],"replies":[{"embeddable":true,"href":"https:\/\/www.bibula.com\/index.php?rest_route=%2Fwp%2Fv2%2Fcomments&post=15670"}],"version-history":[{"count":0,"href":"https:\/\/www.bibula.com\/index.php?rest_route=\/wp\/v2\/posts\/15670\/revisions"}],"wp:attachment":[{"href":"https:\/\/www.bibula.com\/index.php?rest_route=%2Fwp%2Fv2%2Fmedia&parent=15670"}],"wp:term":[{"taxonomy":"category","embeddable":true,"href":"https:\/\/www.bibula.com\/index.php?rest_route=%2Fwp%2Fv2%2Fcategories&post=15670"},{"taxonomy":"post_tag","embeddable":true,"href":"https:\/\/www.bibula.com\/index.php?rest_route=%2Fwp%2Fv2%2Ftags&post=15670"}],"curies":[{"name":"wp","href":"https:\/\/api.w.org\/{rel}","templated":true}]}}