{"id":15421,"date":"2009-11-04T23:30:07","date_gmt":"2009-11-05T04:30:07","guid":{"rendered":"http:\/\/www.bibula.com\/?p=15421"},"modified":"2009-11-04T23:30:07","modified_gmt":"2009-11-05T04:30:07","slug":"protest-przeciwko-uhoronowaniu-michnika","status":"publish","type":"post","link":"https:\/\/www.bibula.com\/?p=15421","title":{"rendered":"Protest przeciwko uhoronowaniu Michnika"},"content":{"rendered":"<p><span>Nauczyciele akademiccy Uniwersytetu Pedagogicznego w Krakowie protestuj\u0105 przeciwko nadaniu redaktorowi naczelnemu &#8222;Gazety Wyborczej&#8221; Adamowi Michnikowi doktoratu honorowego tej uczelni &#8211; pisze &#8222;Nasz Dziennik&#8221;.<\/span><\/p>\r\n\r\n\r\n<div>\r\n<div><p align=\"justify\">Uroczysto\u015b\u0107 zosta\u0142a zaplanowana na 17 listopada br. Michnik ma by\u0107 nagrodzony za &#8222;niez\u0142omne propagowanie warto\u015bci demokratycznych i humanistycznych w kulturze i polityce polskiej&#8221;.<\/p>\r\n\r\n<p align=\"justify\">Nawet ostro\u017cni komentatorzy uwa\u017caj\u0105, \u017ce honorowanie przez uczelnie os\u00f3b zaanga\u017cowanych w bie\u017c\u0105cy sp\u00f3r polityczny jest ryzykowne, gdy\u017c stanowi silne poparcie dla pogl\u0105d\u00f3w prezentowanych przez osoby nagradzane.<\/p>\r\n\r\n<p align=\"justify\">Na szcz\u0119\u015bcie jednak nie brak zdecydowanych oponent\u00f3w nadawania Michnikowi takich honor\u00f3w. Uwa\u017caj\u0105 oni, \u017ce jest to inicjatywa odg\u00f3rna, forsowana przez w\u0142adze uczelni pomimo braku akceptacji \u015brodowiska akademickiego. Nie ma on bowiem dorobku naukowego zas\u0142uguj\u0105cego na wyr\u00f3\u017cnienie, a jego &#8222;tw\u00f3rczo\u015b\u0107&#8221; to zwyk\u0142a publicystyka i aktywno\u015b\u0107 w \u017cyciu politycznym. Tak\u017ce historyczna ocena podejmowanych przez niego dzia\u0142a\u0144 nie jest jednoznaczna &#8211; czytamy w publikacji &#8222;Naszego Dziennika&#8221;.\r\n<\/div>","protected":false},"excerpt":{"rendered":"Nauczyciele akademiccy Uniwersytetu Pedagogicznego w Krakowie protestuj\u0105 przeciwko nadaniu redaktorowi naczelnemu &#8222;Gazety Wyborczej&#8221; Adamowi Michnikowi doktoratu honorowego tej uczelni &#8211; pisze &#8222;Nasz Dziennik&#8221;. Uroczysto\u015b\u0107 zosta\u0142a zaplanowana na 17 listopada br. Michnik ma by\u0107 nagrodzony za &#8222;niez\u0142omne propagowanie warto\u015bci demokratycznych i humanistycznych w kulturze i polityce polskiej&#8221;. Nawet ostro\u017cni komentatorzy uwa\u017caj\u0105, \u017ce honorowanie przez uczelnie os\u00f3b [&hellip;]","protected":false},"author":1,"featured_media":0,"comment_status":"closed","ping_status":"closed","sticky":false,"template":"","format":"standard","meta":{"_acf_changed":false,"_monsterinsights_skip_tracking":false,"_monsterinsights_sitenote_active":false,"_monsterinsights_sitenote_note":"","_monsterinsights_sitenote_category":0,"ngg_post_thumbnail":0,"footnotes":"","_wp_rev_ctl_limit":""},"categories":[8],"tags":[66,98],"acf":[],"_links":{"self":[{"href":"https:\/\/www.bibula.com\/index.php?rest_route=\/wp\/v2\/posts\/15421"}],"collection":[{"href":"https:\/\/www.bibula.com\/index.php?rest_route=\/wp\/v2\/posts"}],"about":[{"href":"https:\/\/www.bibula.com\/index.php?rest_route=\/wp\/v2\/types\/post"}],"author":[{"embeddable":true,"href":"https:\/\/www.bibula.com\/index.php?rest_route=\/wp\/v2\/users\/1"}],"replies":[{"embeddable":true,"href":"https:\/\/www.bibula.com\/index.php?rest_route=%2Fwp%2Fv2%2Fcomments&post=15421"}],"version-history":[{"count":0,"href":"https:\/\/www.bibula.com\/index.php?rest_route=\/wp\/v2\/posts\/15421\/revisions"}],"wp:attachment":[{"href":"https:\/\/www.bibula.com\/index.php?rest_route=%2Fwp%2Fv2%2Fmedia&parent=15421"}],"wp:term":[{"taxonomy":"category","embeddable":true,"href":"https:\/\/www.bibula.com\/index.php?rest_route=%2Fwp%2Fv2%2Fcategories&post=15421"},{"taxonomy":"post_tag","embeddable":true,"href":"https:\/\/www.bibula.com\/index.php?rest_route=%2Fwp%2Fv2%2Ftags&post=15421"}],"curies":[{"name":"wp","href":"https:\/\/api.w.org\/{rel}","templated":true}]}}