{"id":1481,"date":"2007-12-18T10:23:31","date_gmt":"2007-12-18T10:23:31","guid":{"rendered":""},"modified":"2017-12-18T10:55:08","modified_gmt":"2017-12-18T15:55:08","slug":"zeffirelli-konsultantem-papieza-do-spraw-wizerunku-medialnego","status":"publish","type":"post","link":"https:\/\/www.bibula.com\/?p=1481","title":{"rendered":"Zeffirelli konsultantem Papie\u017ca do spraw wizerunku medialnego"},"content":{"rendered":"<p><strong>Znany re\u017cyser Franco Zeffirelli zgodzi\u0142 si\u0119 na propozycj\u0119 konsultanta papie\u017ca Benedykta XVI do spraw wizerunku medialnego i odpowiedzialnego za &#8222;obron\u0119 wiary w kinie&#8221;.<\/strong><\/p>\r\n<p>84-letni Zeffirelli w wywiadzie dla w\u0142oskiego pisma <em>La Stampa<\/em> stwierdzi\u0142, \u017ce Papie\u017c &#8222;nie ma najszcz\u0119\u015bliwszego wizerunku [&#8230;] i przyj\u015bcie [Benedykta XVI] po telegenicznym Janie Pawle II jest trudnym wyzwaniem&#8221;.<\/p>\r\n<p>Zefirrelli twierdzi, \u017ce papie\u017c Benedykt XVI &#8222;odbierany jest jako zimny, co nie pasuje do Jego otoczenia&#8221;. Nowemu konsultantowi nie podoba si\u0119 te\u017c str\u00f3j Papie\u017ca, &#8222;kt\u00f3ry powinien by\u0107 przeanalizowany&#8221;, bowiem jest on &#8222;za bardzo okaza\u0142y i przesadny&#8221;. Wed\u0142ug Zeffirelliego, str\u00f3j Papie\u017ca powinien odzwierciedla\u0107 &#8222;prostot\u0119 i umiarkowanie, widoczne w innych stopniach [hierarchii] w Ko\u015bciele&#8221;.<\/p>\r\n<p>Papie\u017c pragnie r\u00f3wnie\u017c powierzy\u0107 Zeffirelliemu &#8211; otwartemu homoseksuali\u015bcie &#8211; ochron\u0119 dobrego imienia w mediach wizualnych. &#8222;Ojciec \u015awi\u0119ty zdaje sobie doskonale spraw\u0119 z tego, \u017ce przedstawianie Ko\u015bcio\u0142a w \u015brodkach kinematograficznych le\u017cy dzi\u015b w ruinie&#8221; &#8211; powiedzia\u0142 re\u017cyser i doda\u0142, \u017ce &#8222;Jako Chrze\u015bcijanin nie mog\u0119 ani chwili wytrzyma\u0107 gdy widz\u0119 jak ta katastrofa powi\u0119ksza si\u0119. Powinienem mie\u0107 pe\u0142n\u0105 w\u0142adz\u0119 &#8211; a Ojciec \u015awi\u0119ty nie odm\u00f3wi mi tego &#8211; aby demaskowa\u0107 i pot\u0119pia\u0107 nieustanne blu\u017anierstwa dokonywane w intencji popularyzowania przes\u0142ania Chrystusowego&#8221;.<\/p>\r\n<p>&nbsp;<\/p>\r\n<blockquote>\r\n<p><strong>KOMENTARZ <em>BIBU\u0141Y<\/em><\/strong>: Str\u00f3j Papie\u017ca jest &#8222;za bardzo okaza\u0142y i przesadny&#8221;? Kolejny modernista pragn\u0105cy zmiany wizerunku Papie\u017ca poprzez zglajszaltowanie i odarcie z resztek wertykalnego majestatu. Pawe\u0142 VI sprzeda\u0142 masonom Tiar\u0119, wi\u0119c mo\u017ce pora powr\u00f3ci\u0107 do niertodoksyjnych lat m\u0142odego Ratzingera &#8211; soborowego <em>peritusa<\/em> i wyst\u0119powa\u0107 w skromnym garniturku? Kto podsuwa Papie\u017cowi takich doradc\u00f3w &#8211; lobby homoseksualne? Bo\u017ce chro\u0144 od takich konsultant\u00f3w.<\/p>\r\n<\/blockquote>\r\n<p>&nbsp;<\/p>\r\n<p><strong>ZOB. R\u00d3WNIE\u017b<\/strong>:<\/p>\r\n<ul>\r\n\t<li><a class=\"content_sz\" href=\"http:\/\/www.bibula.com\/?p=00854\" target=\"_blank\" rel=\"noopener\">Nowa kolekcja Verasce &#8211; specjalnie dla ksi\u0119\u017cy<strong><\/strong><\/a><\/li>\r\n<\/ul>\r\n<p>&nbsp;<\/p>","protected":false},"excerpt":{"rendered":"Znany re\u017cyser Franco Zeffirelli zgodzi\u0142 si\u0119 na propozycj\u0119 konsultanta papie\u017ca Benedykta XVI do spraw wizerunku medialnego i odpowiedzialnego za &#8222;obron\u0119 wiary w kinie&#8221;. 84-letni Zeffirelli w wywiadzie dla w\u0142oskiego pisma La Stampa stwierdzi\u0142, \u017ce Papie\u017c &#8222;nie ma najszcz\u0119\u015bliwszego wizerunku [&#8230;] i przyj\u015bcie [Benedykta XVI] po telegenicznym Janie Pawle II jest trudnym wyzwaniem&#8221;. Zefirrelli twierdzi, \u017ce [&hellip;]","protected":false},"author":1,"featured_media":0,"comment_status":"closed","ping_status":"open","sticky":false,"template":"","format":"standard","meta":{"_acf_changed":false,"_monsterinsights_skip_tracking":false,"_monsterinsights_sitenote_active":false,"_monsterinsights_sitenote_note":"","_monsterinsights_sitenote_category":0,"ngg_post_thumbnail":0,"footnotes":"","_wp_rev_ctl_limit":""},"categories":[3],"tags":[26,41,33],"acf":[],"_links":{"self":[{"href":"https:\/\/www.bibula.com\/index.php?rest_route=\/wp\/v2\/posts\/1481"}],"collection":[{"href":"https:\/\/www.bibula.com\/index.php?rest_route=\/wp\/v2\/posts"}],"about":[{"href":"https:\/\/www.bibula.com\/index.php?rest_route=\/wp\/v2\/types\/post"}],"author":[{"embeddable":true,"href":"https:\/\/www.bibula.com\/index.php?rest_route=\/wp\/v2\/users\/1"}],"replies":[{"embeddable":true,"href":"https:\/\/www.bibula.com\/index.php?rest_route=%2Fwp%2Fv2%2Fcomments&post=1481"}],"version-history":[{"count":0,"href":"https:\/\/www.bibula.com\/index.php?rest_route=\/wp\/v2\/posts\/1481\/revisions"}],"wp:attachment":[{"href":"https:\/\/www.bibula.com\/index.php?rest_route=%2Fwp%2Fv2%2Fmedia&parent=1481"}],"wp:term":[{"taxonomy":"category","embeddable":true,"href":"https:\/\/www.bibula.com\/index.php?rest_route=%2Fwp%2Fv2%2Fcategories&post=1481"},{"taxonomy":"post_tag","embeddable":true,"href":"https:\/\/www.bibula.com\/index.php?rest_route=%2Fwp%2Fv2%2Ftags&post=1481"}],"curies":[{"name":"wp","href":"https:\/\/api.w.org\/{rel}","templated":true}]}}