{"id":1464,"date":"2007-12-13T13:57:34","date_gmt":"2007-12-13T13:57:34","guid":{"rendered":""},"modified":"2017-12-13T10:55:15","modified_gmt":"2017-12-13T15:55:15","slug":"grecki-historyk-skazany-na-14-miesicy-wizienia-za-negowanie-holokaustu","status":"publish","type":"post","link":"https:\/\/www.bibula.com\/?p=1464","title":{"rendered":"Grecki historyk skazany na 14 miesi\u0119cy wi\u0119zienia za &#8222;negowanie Holokaustu&#8221;"},"content":{"rendered":"<p><strong>Grecki historyk Costas Plevris skazany zosta\u0142 na 14 miesi\u0119cy pozbawienia wolno\u015bci za &#8222;wzniecanie nienawi\u015bci rasowych i za zaprzeczanie Holokaustowi&#8221;.<\/strong><\/p>\r\n<p>S\u0119dziowie, po rozpocz\u0119ciu rozprawy 4 grudnia i od\u0142o\u017ceniu jej na tydzie\u0144, uznali decyzj\u0105 wydan\u0105 13 grudnia br. Costasa Plevrisa winnym zarzucanych mu czyn\u00f3w. Jeden s\u0119dzia z trzyosobowego sk\u0142adu s\u0119dziowskiego zag\u0142osowa\u0142 przeciwko takiemu werdyktowi. Jednocze\u015bnie s\u0105d oczy\u015bci\u0142 z zarzut\u00f3w trzy inne osoby: wydawc\u0119, redaktora naczelnego i dziennikarza ma\u0142ego &#8222;skrajnie prawicowego&#8221; wydawnictwa, kt\u00f3re opublikowa\u0142o urywki z ksi\u0105\u017cki Plevrisa pt &#8222;\u017bydzi: Ca\u0142a prawda&#8221; (<em>The Jews: The whole truth<\/em>).<\/p>\r\n<p>Jak twierdzil podczas przes\u0142uchania \u015bwiadk\u00f3w przewodnicz\u0105cy Centralnego Zarz\u0105du Spo\u0142eczno\u015bci \u017bydowskich w Grecji, Moses Constantini, opublikowanie ksi\u0105\u017cki mia\u0142o przyczyni\u0107 si\u0119 do wzrostu akt\u00f3w wandalizmu pomnik\u00f3w \u017cydowskich w Grecji.<\/p>\r\n<p>By\u0142a to pierwsza tego typu rozprawa w Grecji, wydana na podstawie niedawno wprowadzonych przepis\u00f3w o karaniu za &#8222;negowanie Holokaustu&#8221;.<\/p>\r\n<p>Wyrok nie jest prawomocny. Skazany, uwa\u017caj\u0105cy obowi\u0105zuj\u0105ce tego typu akty prawne jako kr\u0119powanie wolno\u015bci wypowiedzi, zapowiedzia\u0142 odwo\u0142anie si\u0119 od wyroku.<\/p>\r\n<p>&nbsp;<\/p>\r\n<p><strong>ZOB. R\u00d3WNIE\u017b:<\/strong><\/p>\r\n<ul>\r\n\t<li><a class=\"content_sz\" href=\"http:\/\/www.bibula.com\/?p=01429\">Austria: Kolejna osoba skazana za &#8222;negowanie Holokaustu&#8221;<\/a><\/li>\r\n\t<li><a class=\"content_sz\" href=\"http:\/\/www.bibula.com\/?p=01070\">Wi\u0119zie\u0144 polityczny Germar Rudolf trafi do wi\u0119zienia o zaostrzonym rygorze<\/a><\/li>\r\n\t<li><a class=\"content_sz\" href=\"http:\/\/www.bibula.com\/?p=00937\">Germar Rudolf skazany na 30 miesi\u0119cy wi\u0119zienia za &#8222;negowanie Holokaustu&#8221;<\/a><\/li>\r\n\t<li><a class=\"content_sz\" href=\"http:\/\/www.bibula.com\/?p=00873\">David Irving: &#8222;W Auschwitz nie by\u0142o kom\u00f3r gazowych&#8221;<\/a><\/li>\r\n\t<li><a class=\"content_sz\" href=\"http:\/\/www.bibula.com\/?p=00886\">Obowi\u0105zkowe &#8222;nauczanie o Holokau\u015bcie&#8221; w szko\u0142ach stanu Indiana<\/a><\/li>\r\n\t<li><a class=\"content_sz\" href=\"http:\/\/www.bibula.com\/?p=00877\">W\u0142oski rz\u0105d przyj\u0105\u0142 ustaw\u0119 penalizuj\u0105c\u0105 tzw. negowanie Holokaustu<\/a><\/li>\r\n\t<li><a class=\"content_sz\" href=\"http:\/\/www.bibula.com\/?p=00857\">Unia Europejska zamierza wprowadzi\u0107 powszechny zakaz tzw. negowania Holokaustu<\/a><\/li>\r\n\t<li><a class=\"content_sz\" href=\"http:\/\/www.bibula.com\/?p=00726\">Rozpocz\u0105\u0142 si\u0119 proces Germara Rudolfa z okar\u017cenia o &#8222;negowanie Holokaustu&#8221;<\/a><\/li>\r\n\t<li><a class=\"content_sz\" href=\"http:\/\/www.bibula.com\/?p=00672\">Szwajcarski minister sprawiedliwo\u015bci rozwa\u017ca depenalizacj\u0119 tzw. k\u0142amstwa o\u015bwi\u0119cimskiego<\/a><\/li>\r\n\t<li><a class=\"content_sz\" href=\"http:\/\/www.bibula.com\/?p=00691\">Aresztowanie hiszpa\u0144skiego historyka oskar\u017conego o &#8222;negowanie Holokaustu&#8221;<\/a><\/li>\r\n\t<li><a class=\"content_sz\" href=\"http:\/\/www.bibula.com\/?p=00615\">S\u0105d francuski skaza\u0142 R. Faurissona za &#8222;k\u0142amstwo o\u015bwi\u0119cimskie&#8221;<\/a><\/li>\r\n\t<li><a class=\"content_sz\" href=\"http:\/\/www.bibula.com\/?p=00437\">Holanda kolejnym krajem \u015bcigaj\u0105cym &#8222;k\u0142amstwo o\u015bwi\u0119cimskie&#8221; ?<\/a><\/li>\r\n\t<li><a class=\"content_sz\" href=\"http:\/\/www.bibula.com\/?p=00568\">S\u0105d Najwy\u017cszy odrzuca odwo\u0142anie Davida Irvinga<\/a><\/li>\r\n\t<li><a class=\"content_sz\" href=\"http:\/\/www.bibula.com\/?p=00469\">Tomasz Winnicki skazany przez s\u0105d kanadyjski na 9 miesi\u0119cy wi\u0119zienia<\/a><\/li>\r\n\t<li><a class=\"content_sz\" href=\"http:\/\/www.bibula.com\/?p=00107\">S\u0105d skaza\u0142 Davida Irvinga na 3 lata wi\u0119zienia<\/a><\/li>\r\n\t<li><a class=\"content_sz\" href=\"http:\/\/www.bibula.com\/?p=00059\">Socjalistyczna Unia Europejska wi\u0119zi niewygodnych dzia\u0142aczy i naukowc\u00f3w<\/a><\/li>\r\n\t<li><a class=\"content_sz\" href=\"http:\/\/www.ryszardbender.pl\/publikacje\/2000\/nasz_dziennik_72.html\" target=\"_blank\" rel=\"noopener\">List prof. Ryszarda Bendera z 2000 roku, zawieraj\u0105cy opini\u0119 o tzw. k\u0142amstwie o\u015bwi\u0119cimskim &#8211; <em>Nasz Dziennik Nr 72, 25-26.03.2000<\/em><\/a><\/li>\r\n<\/ul>\r\n<p>&nbsp;<\/p>\r\n<p>&nbsp;<\/p>\r\n<p>&nbsp;<\/p>","protected":false},"excerpt":{"rendered":"Grecki historyk Costas Plevris skazany zosta\u0142 na 14 miesi\u0119cy pozbawienia wolno\u015bci za &#8222;wzniecanie nienawi\u015bci rasowych i za zaprzeczanie Holokaustowi&#8221;. S\u0119dziowie, po rozpocz\u0119ciu rozprawy 4 grudnia i od\u0142o\u017ceniu jej na tydzie\u0144, uznali decyzj\u0105 wydan\u0105 13 grudnia br. Costasa Plevrisa winnym zarzucanych mu czyn\u00f3w. Jeden s\u0119dzia z trzyosobowego sk\u0142adu s\u0119dziowskiego zag\u0142osowa\u0142 przeciwko takiemu werdyktowi. Jednocze\u015bnie s\u0105d oczy\u015bci\u0142 [&hellip;]","protected":false},"author":1,"featured_media":0,"comment_status":"closed","ping_status":"open","sticky":false,"template":"","format":"standard","meta":{"_acf_changed":false,"_monsterinsights_skip_tracking":false,"_monsterinsights_sitenote_active":false,"_monsterinsights_sitenote_note":"","_monsterinsights_sitenote_category":0,"ngg_post_thumbnail":0,"footnotes":"","_wp_rev_ctl_limit":""},"categories":[6],"tags":[16,242,22,169],"acf":[],"_links":{"self":[{"href":"https:\/\/www.bibula.com\/index.php?rest_route=\/wp\/v2\/posts\/1464"}],"collection":[{"href":"https:\/\/www.bibula.com\/index.php?rest_route=\/wp\/v2\/posts"}],"about":[{"href":"https:\/\/www.bibula.com\/index.php?rest_route=\/wp\/v2\/types\/post"}],"author":[{"embeddable":true,"href":"https:\/\/www.bibula.com\/index.php?rest_route=\/wp\/v2\/users\/1"}],"replies":[{"embeddable":true,"href":"https:\/\/www.bibula.com\/index.php?rest_route=%2Fwp%2Fv2%2Fcomments&post=1464"}],"version-history":[{"count":0,"href":"https:\/\/www.bibula.com\/index.php?rest_route=\/wp\/v2\/posts\/1464\/revisions"}],"wp:attachment":[{"href":"https:\/\/www.bibula.com\/index.php?rest_route=%2Fwp%2Fv2%2Fmedia&parent=1464"}],"wp:term":[{"taxonomy":"category","embeddable":true,"href":"https:\/\/www.bibula.com\/index.php?rest_route=%2Fwp%2Fv2%2Fcategories&post=1464"},{"taxonomy":"post_tag","embeddable":true,"href":"https:\/\/www.bibula.com\/index.php?rest_route=%2Fwp%2Fv2%2Ftags&post=1464"}],"curies":[{"name":"wp","href":"https:\/\/api.w.org\/{rel}","templated":true}]}}