{"id":14559,"date":"2009-10-05T14:45:44","date_gmt":"2009-10-05T19:45:44","guid":{"rendered":"http:\/\/www.bibula.com\/?p=14559"},"modified":"2009-10-05T14:50:19","modified_gmt":"2009-10-05T19:50:19","slug":"koscielne-oswiadczenie-o-medjugorju","status":"publish","type":"post","link":"https:\/\/www.bibula.com\/?p=14559","title":{"rendered":"Ko\u015bcielne o\u015bwiadczenie o Medjugorju"},"content":{"rendered":"<p>Ko\u015bci\u00f3\u0142 w Bo\u015bni i Hercegowinie stara si\u0119 uporz\u0105dkowa\u0107 sytuacj\u0119 w Medjugorje po dyscyplinarnym przeniesieniu do stanu \u015bwieckiego g\u0142\u00f3wnego or\u0119downika rzekomych objawie\u0144 maryjnych zwi\u0105zanych z tym miejscem. Bp Ratko Peri\u0107, ordynariusz diecezji Mostar-Duvno, na terenie kt\u00f3rej le\u017cy Medjugorje, opublikowa\u0142 w tej sprawie specjalne dossier zawieraj\u0105ce m.in. listy do tamtejszych franciszkan\u00f3w.<\/p>\r\n\r\n<p>W dokumentacji znajdujemy wyja\u015bnienie sprawy Tomislava Vla\u0161i\u0107a, by\u0142ego franciszkanina, kt\u00f3ry opiekowa\u0142 si\u0119 grup\u0105 wizjoner\u00f3w i promowa\u0142 kult objawie\u0144 z Medjugorje. W zwi\u0105zku z pope\u0142nieniem przeze\u0144 szeregu b\u0142\u0119d\u00f3w doktrynalnych i wykrocze\u0144 przeciwko dyscyplinie ko\u015bcielnej zosta\u0142 on wydalony z zakonu i w og\u00f3le ze stanu duchownego z zakazem publicznego wypowiadania si\u0119 na tematy religijne.<\/p>\r\n\r\n<p><span class=\"pullquote\">Bp Peri\u0107 przypomina, i\u017c rzekome objawienia nigdy nie zosta\u0142y oficjalnie uznane przez Ko\u015bci\u00f3\u0142 i \u017ce nic nie wskazuje, by co\u015b w tej sprawie mia\u0142o ulec zmianie.<\/span> Podkre\u015bla ponadto, \u017ce parafia Medjugorje nie jest sanktuarium, a pracuj\u0105cy tam duszpasterze nie powinni promowa\u0107 domniemanych objawie\u0144.Modlitwy i przes\u0142ania rzekomo przekazane przez Maryj\u0119 wizjonerom ani ich komentarze nie mog\u0105 by\u0107 publikowane czy stosowane duszpastersko. Tak\u017ce ksi\u0119\u017ca z zagranicy nie mog\u0105 prowadzi\u0107 w Medjugorje rekolekcji czy konferencji bez pozwolenia biskupa miejsca. Zbudowany tam w zwi\u0105zku z objawieniami ko\u015bci\u00f3\u0142 zosta\u0142 przez w\u0142adze diecezjalne zamkni\u0119ty i wy\u0142\u0105czony z u\u017cytku duszpasterskiego. Prywatne pielgrzymki do tego miejsca mog\u0105 by\u0107 organizowane pod warunkiem, \u017ce nie s\u0105 wyrazem przekonania o prawdziwo\u015bci objawie\u0144.<\/p>\r\n\r\n<p>tc\/ cna<\/p>\r\n\r\n\r\n<blockquote><p><strong>ZOB. R\u00d3WNIE\u017b:<\/strong><\/p>\r\n\r\n\r\n<ul>\r\n\t\t<li><a title=\" Watykan nie zmieni\u0142 stanowiska w sprawie Medjugorie: nie jest to miejsce autentycznych objawie\u0144 Matki Bo\u017cej\" rel=\"bookmark\" href=\"..\/..\/?p=10757\">Watykan nie zmieni\u0142 stanowiska w sprawie Medjugorie: nie jest to miejsce autentycznych objawie\u0144 Matki Bo\u017cej<\/a><\/li>\r\n\t\t<li> <a title=\" Okulty\u015bci promuj\u0105 Medjugorie\" rel=\"bookmark\" href=\"..\/..\/?p=7072\">Okulty\u015bci promuj\u0105 Medjugorie<\/a> <\/li>\r\n\t\t<li> <a title=\" \"Pok\u00f3j i dobro\u201d, czyli franciszka\u0144skie boj\u00f3wki spod znaku \"gospy\u201d napad\u0142y na biskupa Mostaru\" rel=\"bookmark\" href=\"..\/..\/?p=4573\">&#8222;Pok\u00f3j i dobro\u201d, czyli franciszka\u0144skie boj\u00f3wki spod znaku &#8222;gospy\u201d napad\u0142y na biskupa Mostaru<\/a> <\/li>\r\n\t\t<li> <a title=\" Rekolekcje z uzdrowieniami - &lt;em&gt;Maria K. Kominek OPs&lt;\/em&gt;\" rel=\"bookmark\" href=\"..\/..\/?p=3988\">Rekolekcje z uzdrowieniami &#8211; <em>Maria K. Kominek OPs<\/em><\/a> <\/li>\r\n\t\t<li> <a title=\" Medjugorje: biskup Mostaru o objawieniach\" rel=\"bookmark\" href=\"..\/..\/?p=1654\">Medjugorje: biskup Mostaru o objawieniach<\/a> <\/li>\r\n\t\t<li> <a title=\" Papieski kaznodzieja, ojciec Cantalamessa jednak nie pojedzie do Medjugorie\" rel=\"bookmark\" href=\"..\/..\/?p=1073\">Papieski kaznodzieja, ojciec Cantalamessa jednak nie pojedzie do Medjugorie<\/a> <\/li>\r\n\t\t<li> <a title=\" Ks. A. Posacki, SJ: \"Prosz\u0119 uwa\u017ca\u0107 na ksi\u0119\u017cy o tej orientacji mocno tradycjonalistycznej\"\" rel=\"bookmark\" href=\"..\/..\/?p=926\">Ks. A. Posacki, SJ: &#8222;Prosz\u0119 uwa\u017ca\u0107 na ksi\u0119\u017cy o tej orientacji mocno tradycjonalistycznej\u201d<\/a> <\/li>\r\n\t\t<li> <a title=\" Biskup Harry Flynn wspomina s\u0142owa Jana Paw\u0142a II i swoj\u0105 \" Pielgrzymk\u0119 do Medjugorie\"\" rel=\"bookmark\" href=\"..\/..\/?p=669\">Biskup Harry Flynn wspomina s\u0142owa Jana Paw\u0142a II i swoj\u0105 \u201d Pielgrzymk\u0119 do Medjugorie\u201d<\/a> <\/li>\r\n\t\t<li> <a title=\" Biskup R. Peric: \"Objawienia\" w Medjugorie nie maj\u0105 w sobie nic z autentyczno\u015bci\" rel=\"bookmark\" href=\"..\/..\/?p=448\">Biskup R. Peric: &#8222;Objawienia\u201d w Medjugorie nie maj\u0105 w sobie nic z autentyczno\u015bci<\/a><\/li>\r\n<\/ul>\r\n\r\n\r\n<p>OPRACOWANIA na temat Medjugorie:<\/p>\r\n\r\n\r\n<ul>\r\n\t\t<li><a href=\"http:\/\/www.wandea.org.pl\/medjugorie\/vassularyden.htm\" target=\"_blank\"><strong>Problem Medjugorie<\/strong><\/a> <\/li>\r\n\t\t<li><a href=\"http:\/\/www.piusx.org.pl\/zw\/index.php?nr=3&amp;id=169\" target=\"_blank\"><strong>Objawienia. Czy pochodz\u0105 od Boga, czy od diab\u0142a?<\/strong><\/a> &#8211; <em><span>ks. Karol Stehlin, FSSPX<\/span><\/em><\/li>\r\n\t\t<li><a href=\"http:\/\/www.piusx.org.pl\/zawsze_wierni\/artykul\/171\" target=\"_blank\"><strong>Medjugorie antytez\u0105 Fatimy<\/strong><\/a> &#8211; <em><span>Tomasz Kubiak<\/span><\/em><\/li>\r\n\t\t<li><span>In English: <\/span><a href=\"http:\/\/www.culturewars.com\/CultureWars\/Archives\/cw_feb98\/surmanci.html\" target=\"_blank\"><strong>The Ghost of Surmanci: Queen of Peace, Ethnic Cleansing, Ruined Lives<\/strong> &#8211; by Michael E. Jones<\/a><\/li>\r\n\t\t<li><span>In English: <\/span><a href=\"http:\/\/www.olrl.org\/prophecy\/medjugorje.shtml\" target=\"_blank\"><strong>Medjugorje: Condemned by the Church<\/strong><\/a><\/li>\r\n\t\t<li><span>In English: <\/span><a href=\"http:\/\/www.icubed.com\/%7Erpoe\/medugorj.htm\" target=\"_blank\"><strong>Medjugorje: Another View<\/strong><\/a><\/li>\r\n\t\t<li><span>In English: <\/span><a href=\"http:\/\/www.mdaviesonmedj.com\/\" target=\"_blank\"><strong>Medjugorie after Twenty-One Years &#8211; The Definitive Story<\/strong> &#8211; by Michael Davies <\/a><\/li>\r\n\t\t<li><span>In English: <\/span><a href=\"http:\/\/www.culturewars.com\/CultureWars\/Archives\/cw_feb98\/surmanci.html\" target=\"_blank\"><strong>The Ghosts of Surmanci: Queen of Peace, Ethnic Cleansing, Ruined Lives<\/strong><\/a> &#8211; <em><span>Michael Jones, Editor of &#8222;Culture Wars\u201d Magazine (Feb. 1998)<\/span><\/em><\/li>\r\n\t\t<li><span>In English: <\/span><a href=\"http:\/\/www.culturewars.com\/CultureWars\/Archives\/cw_jan98\/med_letter.html\" target=\"_blank\"><strong>An Important Message from Culture Wars Publisher E. Michael Jones, Ph.D <\/strong><\/a> &#8211; <em><span>Michael Jones, Editor of &#8222;Culture Wars\u201d Magazine (Feb. 1998)<\/span><\/em><\/li>\r\n\t\t<li><span>Book in English: <\/span><a href=\"http:\/\/www.culturewars.com\/medj.htm\" target=\"_blank\"><strong>The Medjugorje Deception: <\/strong><\/a> &#8211; <em><span>Michael Jones, Editor of &#8222;Culture Wars\u201d Magazine (Feb. 1998<\/span><\/em><em>)<\/em><\/li>\r\n\t\t<li><span>Video in English: <\/span><a href=\"http:\/\/www.culturewars.com\/medjvid.htm\" target=\"_blank\"><strong>Visions On Demand: The Medjugorje Conspiracy <\/strong><\/a> &#8211; <em><span>produced by  &#8222;Culture Wars\u201d Magazine<\/span><\/em><\/li>\r\n\t\t<li><a href=\"http:\/\/www.cbismo.hr\/\" target=\"_blank\"><strong>Oficjalna strona internetowa biskupa Mostar-Duvno, bp Ratko Peric <\/strong><\/a><\/li>\r\n<\/ul>\r\n<\/blockquote>","protected":false},"excerpt":{"rendered":"Ko\u015bci\u00f3\u0142 w Bo\u015bni i Hercegowinie stara si\u0119 uporz\u0105dkowa\u0107 sytuacj\u0119 w Medjugorje po dyscyplinarnym przeniesieniu do stanu \u015bwieckiego g\u0142\u00f3wnego or\u0119downika rzekomych objawie\u0144 maryjnych zwi\u0105zanych z tym miejscem. Bp Ratko Peri\u0107, ordynariusz diecezji Mostar-Duvno, na terenie kt\u00f3rej le\u017cy Medjugorje, opublikowa\u0142 w tej sprawie specjalne dossier zawieraj\u0105ce m.in. listy do tamtejszych franciszkan\u00f3w. W dokumentacji znajdujemy wyja\u015bnienie sprawy Tomislava [&hellip;]","protected":false},"author":1,"featured_media":0,"comment_status":"closed","ping_status":"closed","sticky":false,"template":"","format":"standard","meta":{"_acf_changed":false,"_monsterinsights_skip_tracking":false,"_monsterinsights_sitenote_active":false,"_monsterinsights_sitenote_note":"","_monsterinsights_sitenote_category":0,"ngg_post_thumbnail":0,"footnotes":"","_wp_rev_ctl_limit":""},"categories":[3],"tags":[74,41],"acf":[],"_links":{"self":[{"href":"https:\/\/www.bibula.com\/index.php?rest_route=\/wp\/v2\/posts\/14559"}],"collection":[{"href":"https:\/\/www.bibula.com\/index.php?rest_route=\/wp\/v2\/posts"}],"about":[{"href":"https:\/\/www.bibula.com\/index.php?rest_route=\/wp\/v2\/types\/post"}],"author":[{"embeddable":true,"href":"https:\/\/www.bibula.com\/index.php?rest_route=\/wp\/v2\/users\/1"}],"replies":[{"embeddable":true,"href":"https:\/\/www.bibula.com\/index.php?rest_route=%2Fwp%2Fv2%2Fcomments&post=14559"}],"version-history":[{"count":0,"href":"https:\/\/www.bibula.com\/index.php?rest_route=\/wp\/v2\/posts\/14559\/revisions"}],"wp:attachment":[{"href":"https:\/\/www.bibula.com\/index.php?rest_route=%2Fwp%2Fv2%2Fmedia&parent=14559"}],"wp:term":[{"taxonomy":"category","embeddable":true,"href":"https:\/\/www.bibula.com\/index.php?rest_route=%2Fwp%2Fv2%2Fcategories&post=14559"},{"taxonomy":"post_tag","embeddable":true,"href":"https:\/\/www.bibula.com\/index.php?rest_route=%2Fwp%2Fv2%2Ftags&post=14559"}],"curies":[{"name":"wp","href":"https:\/\/api.w.org\/{rel}","templated":true}]}}