{"id":14495,"date":"2018-02-15T21:22:51","date_gmt":"2018-02-16T02:22:51","guid":{"rendered":"http:\/\/www.bibula.com\/?p=14495"},"modified":"2020-12-25T11:06:08","modified_gmt":"2020-12-25T16:06:08","slug":"papiez-bez-tiary-sebastian-skowronek","status":"publish","type":"post","link":"https:\/\/www.bibula.com\/?p=14495","title":{"rendered":"Papie\u017c bez tiary &#8211; <em>Sebastian Skowronek<\/em>"},"content":{"rendered":"<p><small>Aktualizacja: 2009-10-2 9:22 pm<\/small><\/p>\r\n<p><strong>Sprzeda\u017c tiary przez Paw\u0142a VI zosta\u0142a przyj\u0119ta ogromnym aplauzem cz\u0119\u015bci wiernych, uradowanych symbolicznym gestem wyrzeczenia si\u0119 bogactw przez Ko\u015bci\u00f3\u0142 i zapowiedzi\u0105 powrotu do pierwotnego ub\u00f3stwa. Arcybiskup Felici t\u0142umaczy\u0142, \u017ce gest papie\u017ca stanowi\u0142 reakcj\u0119 na przedstawione mu sprawozdanie na temat n\u0119dzy i g\u0142odu panuj\u0105cego na \u015bwiecie.<\/strong><\/p>\r\n<p>Po uroczystej ekumenicznej Mszy \u015bwi\u0119tej, odprawionej 13 XI 1964 roku w bazylice \u015bw. Piotra w obrz\u0105dku bizantyjskim z udzia\u0142em patriarch\u00f3w prawos\u0142awnych, w symbolicznym ge\u015bcie Pawe\u0142 VI z\u0142o\u017cy\u0142 na o\u0142tarzu papiesk\u0105 koron\u0119 &#8211; tiar\u0119, kt\u00f3r\u0105 otrzyma\u0142 jako dar od wiernych Mediolanu, jego pierwszej arcybiskupiej diecezji. Zosta\u0142a ona nast\u0119pnie zlicytowana na aukcji w USA i sprzedana. Pieni\u0105dze za ni\u0105 otrzymane przeznaczono na cele charytatywne.<\/p>\r\n<p><img fetchpriority=\"high\" decoding=\"async\" class=\"aligncenter\" src=\"http:\/\/1.bp.blogspot.com\/_HYmckVkkJz0\/R73WR41WBBI\/AAAAAAAAAtc\/GnOD21W8VaU\/s640\/paolomesto2mediosu5.jpg\" width=\"598\" height=\"823\"><\/p>\r\n<p style=\"text-align: center;\">Tiara Paw\u0142a VI posiada\u0142a do\u015b\u0107 niecodzienny kszta\u0142t; jej projektant twierdzi\u0142, \u017ce inspiracj\u0105 by\u0142a dla\u0144 rakieta kosmiczna NASA<\/p>\r\n<p class=\"podpis_sz\" style=\"text-align: center;\"><small>[Pic source: http:\/\/theradtrad.blogspot.com]<\/small><\/p>\r\n<p>Decyzja ta zosta\u0142a przyj\u0119ta ogromnym aplauzem cz\u0119\u015bci wiernych, uradowanych symbolicznym gestem wyrzeczenia si\u0119 bogactw przez Ko\u015bci\u00f3\u0142 i zapowiedzi\u0105 powrotu do pierwotnego ub\u00f3stwa. Arcybiskup Felici t\u0142umaczy\u0142, \u017ce gest Paw\u0142a VI stanowi\u0142 reakcj\u0119 na przedstawione mu sprawozdanie na temat n\u0119dzy i g\u0142odu panuj\u0105cego na \u015bwiecie. Warto doda\u0107, i\u017c w tym samym czasie w auli soborowej dyskutowany by\u0142 XIII schemat &#8211; konstytucja o Ko\u015bciele w \u015bwiecie wsp\u00f3\u0142czesnym.<\/p>\r\n<p>Dla ka\u017cdego, kto cho\u0107 troch\u0119 orientuje si\u0119 w znaczeniu symboliki katolickiej, oczywiste jest, \u017ce gest pozbycia si\u0119 potr\u00f3jnej korony przez Paw\u0142a VI nie by\u0142 przypadkiem, ale oczywistym znakiem rezygnacji z dawnych przywilej\u00f3w i przyj\u0119ciem nowej koncepcji Ko\u015bcio\u0142a w \u015bwiecie. Ten symboliczny akt rozszerzyli kolejni papie\u017ce, uznaj\u0105c, \u017ce koronacja z u\u017cyciem tiary nie b\u0119dzie ju\u017c konieczna! Jedyn\u0105 jej pozosta\u0142o\u015bci\u0105 jest potr\u00f3jna korona w herbie Jana Paw\u0142a II. Zrezygnowano jednocze\u015bnie z dawnej intromisji, podczas kt\u00f3rej mistrz ceremonii zapala\u0142 przed Papie\u017cem zawieszony na d\u0142ugim metalowym pr\u0119cie p\u0119k konopi i wypowiada\u0142 tradycyjne s\u0142owa przestrogi: <em>\u201eSancte Pater, sic transit glotia mundi\u201d<\/em> &#8211; \u201eOjcze \u015awi\u0119ty, tak przemija chwa\u0142a tego \u015bwiata\u201d, a nast\u0119pnie w otoczeniu <em>flabelli<\/em>, czyli wielkich wachlarzy z pawich i strusich pi\u00f3r, w otoczeniu gwardii szwajcarskiej, nowo wybrany Nast\u0119pca \u015bw. Piotra, ukoronowany potr\u00f3jn\u0105 koron\u0105, przyjmowa\u0142 tytu\u0142 \u201eJego \u015awi\u0105tobliwo\u015bci Pana Naszego\u201d. Koronacj\u0119 zast\u0105piono uroczystym na\u0142o\u017ceniem paliusza z owczej bia\u0142ej we\u0142ny, ozdobionego sze\u015bcioma czarnymi krzy\u017cami, kt\u00f3ry noszony jest przez Papie\u017ca na znak pos\u0142ugiwania Najwy\u017cszego Pasterza Ko\u015bcio\u0142owi.<\/p>\r\n<p><img decoding=\"async\" class=\"aligncenter\" src=\"https:\/\/s-media-cache-ak0.pinimg.com\/originals\/0c\/f1\/7a\/0cf17ad8832157dcbef23b2bb7eb3408.jpg\" width=\"599\" height=\"723\"><\/p>\r\n<p style=\"text-align: center;\">Papieska tiara Leona XIII<\/p>\r\n<p class=\"podpis_sz\" style=\"text-align: center;\"><small>[Pic source: https:\/\/s-media-cache-ak0.pinimg.com]<\/small><\/p>\r\n<p>Tiar\u0105 (z gr. \u2018turban\u2019, \u2018zaw\u00f3j\u2019) pierwotnie nazywano perskie nakrycie g\u0142owy z filcu w kszta\u0142cie \u015bci\u0119tego sto\u017cka. Bogato przyozdabiane w trzy korony, noszone by\u0142o przez perskich kr\u00f3l\u00f3w jako symbol po\u0142\u0105czonych trzech kr\u00f3lestw: Pers\u00f3w, Med\u00f3w i Part\u00f3w. Kolejno przesz\u0142o do tradycji bizanty\u0144skiej (zwane tam by\u0142o <em>camelaucum<\/em>) oraz \u0142aci\u0144skiej jako nakrycie g\u0142owy papie\u017ca i zarazem w\u0142adcy \u015bwieckiego. Tiara jest typem korony zamkni\u0119tej, kt\u00f3rej przyj\u0119cie oznacza\u0142o pe\u0142ni\u0119 suwerennej w\u0142adzy, dlatego zamkni\u0119ta by\u0142a najpierw jedynie korona papieska i cesarska, a w\u0142adcy kr\u00f3lestw narodowych odwa\u017cali si\u0119 przyj\u0105\u0107 j\u0105 dopiero po os\u0142abieniu autorytetu cesarza, tj. ok. XIV-XV wieku. Podobn\u0105 symbolik\u0119 ograniczonej w\u0142adzy posiadaj\u0105 zreszt\u0105 zakr\u0119cone biskupie pastora\u0142y, jedynie papieski powinien by\u0107 prosty, dodatkowo przyozdobiony trzema krzy\u017cami.<\/p>\r\n<p>Tiara sk\u0142ada\u0142a si\u0119 z trzech umieszczonych jedna nad drug\u0105 kr\u00f3lewskich koron otwartych i od tego pochodzi inna jej nazwa: <em>triregnum<\/em>. Z ty\u0142u papieskiej korony zwisaj\u0105 dwie wst\u0119gi, zwane <em>claud\u00c5\u0178<\/em>, b\u0119d\u0105ce pocz\u0105tkiem i ko\u0144cem p\u0142\u00f3tna, z kt\u00f3rego tworzono zaw\u00f3j. Historycy wyodr\u0119bniaj\u0105 trzy etapy kszta\u0142towania si\u0119 papieskiej korony. Ta pocz\u0105tkowo prosta, sto\u017ckowa czapka, wzorowana na <em>camelaucum,<\/em> czyli nakryciu g\u0142owy dygnitarza w cesarstwie bizanty\u0144skim, zosta\u0142a przyozdobiona w VIII wieku pierwsz\u0105, doln\u0105 koron\u0105. Wtedy to zacz\u0119to u\u017cywa\u0107 nazwy <em>regnum<\/em>, co by\u0142o zwi\u0105zane z faktem, i\u017c papie\u017ce zacz\u0119li r\u00f3wnie\u017c by\u0107 w\u0142adcami \u015bwieckimi w Italii.<\/p>\r\n<p>Dalszy rozw\u00f3j tiary nast\u0105pi\u0142, gdy zosta\u0142a symbolicznie przyozdobiona przez papie\u017ca Bonifacego VIII (1235-1303) drug\u0105, \u015brodkow\u0105 koron\u0105. Papie\u017c ten, autor s\u0142ynnej bulli <em>Unam<\/em> <em>sanctam<\/em>, w spos\u00f3b jasny i klarowny przedstawi\u0142 stosunek Ko\u015bcio\u0142a do w\u0142adzy \u015bwieckiej: \u201eObie w\u0142adze pochodz\u0105 od Boga, jednak\u017ce \u0142ad wymaga, aby jedna by\u0142a podporz\u0105dkowana drugiej: wy\u017csza jest jednak w\u0142adza duchowna. To jej przystoi ustanawia\u0107 w\u0142adz\u0119 \u015bwieck\u0105 i napomina\u0107 j\u0105, kiedy zb\u0142\u0105dzi&#8230;\u201d. Niew\u0105tpliwie znakiem podkre\u015blaj\u0105cym to, i\u017c \u201eKo\u015bci\u00f3\u0142 rozporz\u0105dza zar\u00f3wno duchowym, jak i \u015bwieckim mieczem\u201d, by\u0142o dodanie tiarze drugiej korony.<\/p>\r\n<p><img decoding=\"async\" class=\"aligncenter\" src=\"http:\/\/www.opusdeialert.com\/anti-pope-montini.jpg\" width=\"595\" height=\"835\"><\/p>\r\n<p style=\"text-align: center;\">Pawe\u0142 VI przekazuj\u0105cy koron\u0119 Namiestnika Chrystusa na potrzeby ubogich i g\u0142oduj\u0105cych<\/p>\r\n<p class=\"podpis_sz\" style=\"text-align: center;\"><small>[Pic source: http:\/\/www.opusdeialert.com\/montini_the_marrano.htm]<\/small><\/p>\r\n<p>Za pontyfikatu Klemensa V (1305-1314), w trudnym czasie \u201eniewoli awinio\u0144skiej\u201d, dodano tiarze trzeci\u0105 koron\u0119, aby zaakcentowa\u0107 nadprzyrodzone pochodzenie w\u0142adzy Papie\u017ca. Zwie\u0144czeniem ewolucji korony papieskiej by\u0142o umieszczenie w XVI wieku na wierzcho\u0142ku tiary krzy\u017ca &#8211; symbolu w\u0142adzy Chrystusa nad \u015bwiatem.<\/p>\r\n<p>Z czasem zacz\u0119to wykonywa\u0107 tiary b\u0119d\u0105ce prawdziwymi dzie\u0142ami sztuki, jak za pontyfikat\u00f3w papie\u017cy \u017cyj\u0105cych w drugiej po\u0142owie XV wieku: Paw\u0142a II (1464-1471), Sykstusa IV (1471-1484), a przede wszystkim Juliusza II (1503-1513). S\u0142awny jubiler Caradosso z Mediolanu zrobi\u0142 dla ostatniego ze wspomnianych papie\u017cy tiar\u0119 o warto\u015bci 200 000 dukat\u00f3w!<\/p>\r\n<p>Tiara papieska u\u017cywana by\u0142a w szczeg\u00f3lnych nieliturgicznych okoliczno\u015bciach, przede wszystkim podczas podejmowania przez Papie\u017ca kluczowych decyzji, kiedy anga\u017cowa\u0142 ca\u0142y autorytet urz\u0119du Namiestnika \u015bw. Piotra, na przyk\u0142ad przy og\u0142aszaniu dogmat\u00f3w czy pe\u0142nieniu funkcji jurysdykcyjnych, jak r\u00f3wnie\u017c w czasie ceremonialnych procesji do ko\u015bcio\u0142a. Podczas pe\u0142nienia funkcji liturgicznych, podobnie jak biskupi, Papie\u017c u\u017cywa\u0142 mitry.<\/p>\r\n<p><img loading=\"lazy\" decoding=\"async\" class=\"aligncenter\" src=\"http:\/\/1.bp.blogspot.com\/-gj0metnrqe8\/TgJmDcBPhgI\/AAAAAAAAA5Y\/Wdk74_NfY2o\/s1600\/REV+11+%2528BERTHIER+3%2529.jpg\" width=\"598\" height=\"830\"><\/p>\r\n<p style=\"text-align: center;\">Papie\u017c Pius VI<\/p>\r\n<p>W czasie uroczystej koronacji najstarszy rang\u0105 kardyna\u0142 diakon w momencie nak\u0142adania tiary wypowiada\u0142 s\u0142owa: \u201ePrzyjmij t\u0119 tiar\u0119 ozdobion\u0105 trzema koronami i pami\u0119taj, \u017ce jeste\u015b ojcem ksi\u0105\u017c\u0105t i kr\u00f3lestw, przewodnikiem ca\u0142ego \u015bwiata i zast\u0119pc\u0105 naszego Zbawiciela, kt\u00f3remu niech b\u0119dzie cze\u015b\u0107 i chwa\u0142a na wieki wiek\u00f3w. Amen\u201d. S\u0142owa te wskazuj\u0105 wyra\u017anie na przeogromne znaczenie symboliki papieskiej korony. Ot\u00f3\u017c tiara od samego pocz\u0105tku kojarzona by\u0142a z atrybutem absolutnej w\u0142adzy! Nast\u0119pnie pocz\u0105wszy od \u015bredniowiecza tr\u00f3jkorona na skroniach papieskich wskazywa\u0142a na jego tr\u00f3jw\u0142adz\u0119 nad niebem, ziemi\u0105 i \u015bwiatem podziemnym lub te\u017c nad trzema cz\u0119\u015bciami \u015bwiata: Europ\u0105, Azj\u0105 i Afryk\u0105, zamieszkanymi przez potomk\u00f3w syn\u00f3w Noego: Sema, Jafeta i Chama. Wed\u0142ug jeszcze innej interpretacji trzy korony oznaczaj\u0105 Ko\u015bci\u00f3\u0142 cierpi\u0105cy w czy\u015b\u0107cu, wojuj\u0105cy na ziemi i tryumfuj\u0105cy w niebie. Spotykamy si\u0119 r\u00f3wnie\u017c z takim rozumieniem wsp\u00f3\u0142zale\u017cno\u015bci trzech koron jako symbolu papieskiego urz\u0119du: kap\u0142ana, pasterza i nauczyciela. Mo\u017ce te\u017c oznacza\u0107 potr\u00f3jn\u0105 w\u0142adz\u0119 papie\u017ca: duchow\u0105 nad Ko\u015bcio\u0142em, w\u0142adz\u0119 nad duszami pokutuj\u0105cymi za grzechy w czy\u015b\u0107cu i polityczn\u0105 nad Pa\u0144stwem Ko\u015bcielnym. Niew\u0105tpliwie ciekawostk\u0119 stanowi fakt, \u017ce przyj\u0105\u0142 si\u0119 zwyczaj ukazywania Boga Ojca w tiarze o pi\u0119ciu koronach. Natomiast papie\u017cy, kt\u00f3rzy za \u017cycia zrzekli si\u0119 godno\u015bci, oraz \u015bwi\u0119tych odmawiaj\u0105cych jej przyj\u0119cia przedstawiano z tiar\u0105 le\u017c\u0105c\u0105 u st\u00f3p.<\/p>\r\n<p><img loading=\"lazy\" decoding=\"async\" class=\"aligncenter\" src=\"https:\/\/upload.wikimedia.org\/wikipedia\/commons\/thumb\/8\/8a\/Spiox.jpg\/220px-Spiox.jpg\" width=\"593\" height=\"830\"><\/p>\r\n<p style=\"text-align: center;\">\u015aw. Pius X na tronie papieskim<\/p>\r\n<p class=\"podpis_sz\" style=\"text-align: center;\"><small>[By Giuseppe Felici (1839-1923) (Web) [Public domain], via Wikimedia Commons]<\/small><\/p>\r\n<p>Tiara, b\u0119d\u0105c przez wieki atrybutem w\u0142adzy Papie\u017ca, stanowi jeden z licznych ukszta\u0142towanych element\u00f3w sk\u0142adaj\u0105cych si\u0119 na wielkie bogactwo symboliki tego urz\u0119du, szczeg\u00f3lnie potr\u00f3jna korona, wyr\u00f3\u017cniaj\u0105ca Papie\u017ca od ka\u017cdego innego w\u0142adcy, akcentuj\u0105ca tak\u017ce inny wymiar w\u0142adzy, namiestnictwa sprawowanego na ziemi w imieniu Najwy\u017cszego Kr\u00f3la. Pozbycie si\u0119 korony przez Paw\u0142a VI wprowadzi\u0142o swoisty \u201efenomen Papie\u017ca bez tiary\u201d. W spos\u00f3b wyj\u0105tkowo jaskrawy uwidacznia si\u0119 opozycja dw\u00f3ch wydarze\u0144: rok 1870 &#8211; og\u0142oszenie dogmatu o nieomylno\u015bci Papie\u017ca oraz rok 1964 &#8211; rezygnacja z posiadania potr\u00f3jnej korony. Jak ogromn\u0105 ewolucj\u0119 pojmowania w\u0142adzy Papie\u017ca obserwujemy! Pawe\u0142 VI manifestacyjnie pokaza\u0142, \u017ce Ko\u015bci\u00f3\u0142 odt\u0105d nie chce ju\u017c rz\u0105dzi\u0107, nawraca\u0107, kara\u0107 kl\u0105tw\u0105 blu\u017anierc\u00f3w i heretyk\u00f3w, \u201enapomina\u0107 w\u0142adz\u0119 \u015bwieck\u0105\u201d, ale \u017ce zrzeka si\u0119 tego na rzecz pomocy najubo\u017cszym, na rzecz walki z g\u0142odem, o pok\u00f3j na \u015bwiecie, k\u0142ad\u0105c tym samym szczeg\u00f3lny nacisk na dzia\u0142alno\u015b\u0107 doczesn\u0105. Czy jednak to jest celem istnienia Ko\u015bcio\u0142a na ziemi?&nbsp;<strong>\u03a9<\/strong><\/p>\r\n<p><strong><em>Sebastian Skowronek<\/em><\/strong><\/p>\r\n<h4>&nbsp;<\/h4>\r\n<hr style=\"background-color: #000000; border-width: 0; color: #000000; height: 2px; line-height: 0; text-align: center; width: 100%;\">\r\n<h4>&nbsp;<\/h4>\r\n<h2>Przysi\u0119ga koronacyjna papie\u017cy<\/h2>\r\n<p>Przysi\u0119gam nie zmienia\u0107 niczego z przekazanej mi tradycji ani niczego, co by\u0142o przede mn\u0105 strze\u017cone przez mych mi\u0142ych Bogu poprzednik\u00f3w, ani nie narusza\u0107, ani nie zmienia\u0107, ani nie zezwala\u0107 na jakiekolwiek zmiany.<\/p>\r\n<p>Przeciwnie: z gor\u0105cym umi\u0142owaniem, jako jej [Tradycji] ucze\u0144 i dziedzic, [przysi\u0119gam] \u017ce czci\u0105 zachowa\u0107 przekazane mi dobro, ze wszystkich moich si\u0142 i ca\u0142\u0105 moj\u0105 moc\u0105.<\/p>\r\n<p>[Przysi\u0119gam] usun\u0105\u0107 wszystko, co sprzeciwia si\u0119 porz\u0105dkowi prawa kanonicznego, gdyby tylko co\u015b takiego si\u0119 wydarzy\u0142o; broni\u0107 \u015awi\u0119tych Kanon\u00f3w i Dekret\u00f3w papieskich jako Bo\u017cych nakaz\u00f3w otrzymanych z Nieba, poniewa\u017c jestem w pe\u0142ni \u015bwiadom, \u017ce Ty, kt\u00f3rego miejsce zajmuj\u0119 przy pomocy \u0141aski Bo\u017cej, kt\u00f3rego Wikariuszem jestem z Twoj\u0105 pomoc\u0105, poddasz najsurowszemu os\u0105dowi przed Twoim Boskim Trybuna\u0142em wszystko, co b\u0119d\u0119 g\u0142osi\u0142.<\/p>\r\n<p>Przysi\u0119gam Bogu Wszechmog\u0105cemu i Zbawicielowi Jezusowi Chrystusowi, \u017ce zachowam wszystko, co zosta\u0142o objawione poprzez Chrystusa i Jego Nast\u0119pc\u00f3w i co zosta\u0142o zdefiniowane i og\u0142oszone w pierwszym rz\u0119dzie przez sobory oraz moich poprzednik\u00f3w.<\/p>\r\n<p>Zachowam bez najmniejszej straty dyscyplin\u0119 i ryt Ko\u015bcio\u0142a. Usun\u0119 z Ko\u015bcio\u0142a ka\u017cdego, kto o\u015bmieli\u0142by si\u0119 dzia\u0142a\u0107 przeciwko tej przysi\u0119dze, czy by\u0142bym to ja sam, czy ktokolwiek inny.<\/p>\r\n<p>Gdybym mia\u0142 dokona\u0107 czegokolwiek przeciwnego [tej przysi\u0119dze] albo zezwoli\u0107, aby taki czyn m\u00f3g\u0142 by\u0107 dokonany, Ty nie b\u0119dziesz mia\u0142 nade mn\u0105 lito\u015bci w straszny dzie\u0144 Sprawiedliwo\u015bci Bo\u017cej.<\/p>\r\n<p>Dlatego bez \u017cadnego wyj\u0105tku, nak\u0142adamy najsurowsz\u0105 ekskomunik\u0119 na ka\u017cdego &#8211; czy to na Nas samych, czy to na kogokolwiek innego &#8211; kto o\u015bmieli\u0142by si\u0119 powzi\u0105\u0107 cokolwiek nowego, co sta\u0142oby w sprzeczno\u015bci z t\u0105 staro\u017cytn\u0105 ewangeliczn\u0105 Tradycj\u0105 i czysto\u015bci\u0105 prawowiernej Wiary i religii chrze\u015bcija\u0144skiej, albo kto chcia\u0142by co\u015b zmieni\u0107 poprzez sw\u00f3j czynny sprzeciw, lub te\u017c zgodzi\u0142by si\u0119 z tymi, kt\u00f3rzy podj\u0119liby tak \u015bwi\u0119tokradzkie przedsi\u0119wzi\u0119cie. <strong>\u03a9<\/strong><\/p>\r\n<p>\u0179r\u00f3d\u0142o: <em>Liber Diurnus Romanorum Pontificium, Patrologia latina<\/em> 105.54<\/p>","protected":false},"excerpt":{"rendered":"Aktualizacja: 2009-10-2 9:22 pm Sprzeda\u017c tiary przez Paw\u0142a VI zosta\u0142a przyj\u0119ta ogromnym aplauzem cz\u0119\u015bci wiernych, uradowanych symbolicznym gestem wyrzeczenia si\u0119 bogactw przez Ko\u015bci\u00f3\u0142 i zapowiedzi\u0105 powrotu do pierwotnego ub\u00f3stwa. Arcybiskup Felici t\u0142umaczy\u0142, \u017ce gest papie\u017ca stanowi\u0142 reakcj\u0119 na przedstawione mu sprawozdanie na temat n\u0119dzy i g\u0142odu panuj\u0105cego na \u015bwiecie. Po uroczystej ekumenicznej Mszy \u015bwi\u0119tej, odprawionej [&hellip;]","protected":false},"author":1,"featured_media":0,"comment_status":"closed","ping_status":"closed","sticky":false,"template":"","format":"standard","meta":{"_acf_changed":false,"_monsterinsights_skip_tracking":false,"_monsterinsights_sitenote_active":false,"_monsterinsights_sitenote_note":"","_monsterinsights_sitenote_category":0,"ngg_post_thumbnail":0,"footnotes":"","_wp_rev_ctl_limit":""},"categories":[135],"tags":[119,357,41,33],"acf":[],"_links":{"self":[{"href":"https:\/\/www.bibula.com\/index.php?rest_route=\/wp\/v2\/posts\/14495"}],"collection":[{"href":"https:\/\/www.bibula.com\/index.php?rest_route=\/wp\/v2\/posts"}],"about":[{"href":"https:\/\/www.bibula.com\/index.php?rest_route=\/wp\/v2\/types\/post"}],"author":[{"embeddable":true,"href":"https:\/\/www.bibula.com\/index.php?rest_route=\/wp\/v2\/users\/1"}],"replies":[{"embeddable":true,"href":"https:\/\/www.bibula.com\/index.php?rest_route=%2Fwp%2Fv2%2Fcomments&post=14495"}],"version-history":[{"count":1,"href":"https:\/\/www.bibula.com\/index.php?rest_route=\/wp\/v2\/posts\/14495\/revisions"}],"predecessor-version":[{"id":121450,"href":"https:\/\/www.bibula.com\/index.php?rest_route=\/wp\/v2\/posts\/14495\/revisions\/121450"}],"wp:attachment":[{"href":"https:\/\/www.bibula.com\/index.php?rest_route=%2Fwp%2Fv2%2Fmedia&parent=14495"}],"wp:term":[{"taxonomy":"category","embeddable":true,"href":"https:\/\/www.bibula.com\/index.php?rest_route=%2Fwp%2Fv2%2Fcategories&post=14495"},{"taxonomy":"post_tag","embeddable":true,"href":"https:\/\/www.bibula.com\/index.php?rest_route=%2Fwp%2Fv2%2Ftags&post=14495"}],"curies":[{"name":"wp","href":"https:\/\/api.w.org\/{rel}","templated":true}]}}