{"id":14457,"date":"2009-10-02T07:15:32","date_gmt":"2009-10-02T11:15:32","guid":{"rendered":"http:\/\/www.bibula.com\/?p=14457"},"modified":"2009-10-02T07:15:32","modified_gmt":"2009-10-02T12:15:32","slug":"","status":"publish","type":"post","link":"https:\/\/www.bibula.com\/?p=14457","title":{"rendered":"Los ultimos podrigos &#8211; <em>Stanis\u0142aw Michalkiewicz<\/em>"},"content":{"rendered":"<p>Lekarze wiedz\u0105, \u017ce niekt\u00f3rym \u015bmiertelnie chorym pacjentom pod koniec pozornie si\u0119 polepsza. Nawet dostaj\u0105 wigoru, ale to s\u0105, jak mawia\u0142 Witkacy, \u201e<em>los ultimos podrigos<\/em>\u201d, czyli &#8211; m\u00f3wi\u0105c po naszemu &#8211; ostatnie podrygi, bo potem nieuchronnie nadchodzi agonia. A skoro ju\u017c mowa o lekarzach, to pojawiaj\u0105 si\u0119 coraz bardziej niepokoj\u0105ce informacje, i\u017c projektowana akcja masowych szczepie\u0144 przeciwko tzw. \u015bwi\u0144skiej grypie, jest w istocie inicjatyw\u0105, kt\u00f3ra ma spowodowa\u0107 eksterminacj\u0119 narod\u00f3w, a przynajmniej grup uznanych przez starszych i m\u0105drzejszych za mniej warto\u015bciowe, w imi\u0119 zachowania r\u00f3wnowagi ekologicznej. Wprawdzie trudno w to uwierzy\u0107, ale z drugiej strony podczas r\u00f3\u017cnych mi\u0119dzynarodowych kongres\u00f3w pani Wanda Nowicka i inni eksterminanci tak cz\u0119sto m\u00f3wili o potrzebie kontrolowania sytuacji demograficznej na \u015bwiecie, \u017ce ka\u017cde podejrzenie wydaje si\u0119 uzasadnione. Uzasadnione tym bardziej, \u017ce zaufanie do przyw\u00f3dc\u00f3w wsp\u00f3\u0142czesnych pa\u0144stw topnieje jeszcze szybciej, ni\u017c lodowce. Trudno si\u0119 temu dziwi\u0107, jako \u017ce istniej\u0105 powa\u017cne poszlaki, i\u017c wielu z nich jest wariatami w sensie medycznym, za\u015b inni s\u0105 albo \u0142otrami spod ciemnej gwiazdy, albo agentami jakich\u015b mafii lub obcych pa\u0144stw. Dlatego te\u017c nawet energiczne zdementowanie tych pog\u0142osek przez, dajmy na to, pani\u0105 minister Ew\u0119 Kopacz niewiele by pomog\u0142o, bo &#8211; po pierwsze &#8211; nigdy nie wiadomo, kiedy m\u00f3wi serio, a kiedy nie, a po drugie &#8211; bardzo starzy ludzie pami\u0119taj\u0105 jeszcze przestrog\u0119 ksi\u0119cia Gorczakowa, by nie wierzy\u0107 informacjom nie zdementowanym.<\/p>\n\n<p>\u201e<em>Kto prze\u017cyje, wolnym b\u0119dzie, kto umiera &#8211; wolny ju\u017c!<\/em>\u201d &#8211; g\u0142osi z wisielczym optymizmem \u201e<em>Warszawianka<\/em>\u201d. Zatem w oczekiwaniu na energiczne dementi, kt\u00f3rego r\u00f3wnie dobrze mo\u017ce nie by\u0107, spr\u00f3bujmy oceni\u0107 nasz\u0105 sytuacj\u0119 na podstawie niepokoj\u0105cych objaw\u00f3w. Wprawdzie nie tak dawno optimistienkowie omal nie ud\u0142awili si\u0119 sukcesem w postaci wybor\u00f3w do Parlamentu Europejskiego, a zw\u0142aszcza wyborem by\u0142ego charyzmatycznego premiera Jerzego Buzka na przewodnicz\u0105cego Europejskiego Parlamentu, ale wygl\u0105da na to, \u017ce to w\u0142a\u015bnie mog\u0142y by\u0107 owe los ultimos podrigos, zwiastuj\u0105ce rych\u0142\u0105 agoni\u0119. Bo popatrzmy; gdyby to by\u0142 sukces, to dlaczego w\u0142a\u015bnie po nim brniemy od jednej nieprzyjemno\u015bci do drugiej? Oto 17 wrze\u015bnia ameryka\u0144ski prezydent Barack Husejn Obama oficjalnie potwierdzi\u0142 g\u0142uche wie\u015bci mi\u0119dzy ludem, \u017ce USA wycofuj\u0105 si\u0119 z aktywnej polityki w Europie, w zwi\u0105zku z czym, przynajmniej przez najbli\u017csze lata, sytuacj\u0119 wok\u00f3\u0142 Polski oraz w niej samej, b\u0119d\u0105 wed\u0142ug swego uznania kszta\u0142towali strategiczni partnerzy, wspomagani radami polityk\u00f3w izraelskich. Ju\u017c tam oni urz\u0105dz\u0105 nas po swojemu &#8211; co do tego nie ma najmniejszej w\u0105tpliwo\u015bci.<\/p>\n\n<p>Jakby tego by\u0142o ma\u0142o, 27 wrze\u015bnia odby\u0142y si\u0119 w Niemczech wybory parlamentarne, w nast\u0119pstwie kt\u00f3rych wszystko wskazuje na to, i\u017c niemieckim ministrem spraw zagranicznych przy Naszej Pani Anieli zostanie Gwidon Westerwelle. Nie da si\u0119 ukry\u0107, \u017ce dobrze to nie wygl\u0105da, bo je\u015bli, dajmy na to, prezydent Miedwiediew do sp\u00f3\u0142ki z premierem Putinem b\u0119d\u0105 atakowa\u0107 nas frontalnie, to minister Gwidon Westerwelle, zgodnie ze swoimi upodobaniami, b\u0119dzie zachodzi\u0142 nas od ty\u0142u i wbija\u0142 nam no\u017ce w &#8211; powiedzmy &#8211; plecy. Na domiar z\u0142ego, tego samego dnia w Szwajcarii aresztowany zosta\u0142 re\u017cyser filmowy Roman Pola\u0144ski pod zarzutem, \u017ce 31 lat temu obcowa\u0142 z 13-latk\u0105. Mo\u017cliwo\u015b\u0107 aresztowania filmowc\u00f3w za takie rzeczy tak wzburzy\u0142a naszych \u201e<em>tw\u00f3rc\u00f3w kultury<\/em>\u201d, \u017ce a\u017c zacz\u0119li zbiera\u0107 podpisy, niczym po zdemaskowaniu Lecha Wa\u0142\u0119sy, za\u015b pan minister Sikorski, gwoli osaczenia z\u0142owrogich Szwajcar\u00f3w rozp\u0119ta\u0142 nies\u0142ychan\u0105 ofensyw\u0119 dyplomatyczn\u0105, zapominaj\u0105c ca\u0142kowicie, \u017ce jego partia dopiero co przeforsowa\u0142a zaostrzenie represji wobec pedofil\u00f3w.<\/p>\n\n<p>Jeszcze nie opad\u0142 kurz po tym zamieszaniu, a tu ju\u017c kolejne nieszcz\u0119\u015bcie &#8211; nasz murowany kandydat na przewodnicz\u0105cego Rady Europy, W\u0142odzimierz Cimoszewicz przegra\u0142 wybory, dostaj\u0105c o po\u0142ow\u0119 g\u0142os\u00f3w mniej od Norwega. Najwyra\u017aniej premieru Tusku nie wychodzi strategia eliminowania rywali do prezydentury metod\u0105 upychania ich na europejskich posadach. Oczywi\u015bcie ostatnie s\u0142owo b\u0119dzie nale\u017ca\u0142o do Naszej Pani Anieli, kt\u00f3ra, maj\u0105c po 17 wrze\u015bnia i po wyborach rozeznanie w\u0142asnej sytuacji, \u0142atwiej zadecyduje r\u00f3wnie\u017c w naszych sprawach, ale dobrze si\u0119 to nie zapowiada. No a dzisiaj w Irlandii odbywa si\u0119 powt\u00f3rne referendum w sprawie ratyfikacji traktatu lizbo\u0144skiego. Jak wiadomo, jego ratyfikacja oznacza de facto zrzeczenie si\u0119 niepodleg\u0142o\u015bci pa\u0144stwowej. Co zrobi\u0105 Irlandczycy &#8211; trudno powiedzie\u0107, ale pami\u0119tamy, \u017ce od wyniku tamtejszego referendum swoj\u0105 decyzj\u0119 co do ratyfikacji traktatu lizbo\u0144skiego uzale\u017cni\u0142 pan prezydent Lech Kaczy\u0144ski. Zatem &#8211; chocia\u017c przysi\u0119ga\u0142 broni\u0107 niepodleg\u0142o\u015bci &#8211; mo\u017ce traktat lizbo\u0144ski ratyfikowa\u0107. No a wtedy &#8211; agonia.<\/p>\n\n<p><img decoding=\"async\" src=\"http:\/\/www.michalkiewicz.pl\/img\/kwad.gif\" alt=\"\" width=\"6\" height=\"12\" \/><em> <strong>Stanis\u0142aw Michalkiewicz<\/strong><\/em> <br \/>\n <span><span><em>Felieton \u00a0\u00b7\u00a0 \u201eNasz Dziennik\u201d \u00a0\u00b7\u00a0 2009-10-02 \u00a0|\u00a0 <a href=\"http:\/\/www.michalkiewicz.pl\/tekst.php?tekst=928\" target=\"_blank\">www.michalkiewicz.pl<\/a><\/em><\/span><\/span><\/p>\n\n<p><span><em>Sta\u0142y komentarz Stanis\u0142awa Michalkiewicza z cyklu \u201e\u015acie\u017cka obok drogi\u201d ukazuje si\u0119 w \u201eNaszym Dzienniku\u201d w ka\u017cdy pi\u0105tek.<\/em><\/span><\/p>\n\n<p><br class=\"spacer_\" \/><\/p>","protected":false},"excerpt":{"rendered":"Lekarze wiedz\u0105, \u017ce niekt\u00f3rym \u015bmiertelnie chorym pacjentom pod koniec pozornie si\u0119 polepsza. Nawet dostaj\u0105 wigoru, ale to s\u0105, jak mawia\u0142 Witkacy, \u201elos ultimos podrigos\u201d, czyli &#8211; m\u00f3wi\u0105c po naszemu &#8211; ostatnie podrygi, bo potem nieuchronnie nadchodzi agonia. A skoro ju\u017c mowa o lekarzach, to pojawiaj\u0105 si\u0119 coraz bardziej niepokoj\u0105ce informacje, i\u017c projektowana akcja masowych szczepie\u0144 [&hellip;]","protected":false},"author":1,"featured_media":0,"comment_status":"closed","ping_status":"closed","sticky":false,"template":"","format":"standard","meta":{"_acf_changed":false,"_monsterinsights_skip_tracking":false,"_monsterinsights_sitenote_active":false,"_monsterinsights_sitenote_note":"","_monsterinsights_sitenote_category":0,"ngg_post_thumbnail":0,"footnotes":"","_wp_rev_ctl_limit":""},"categories":[9],"tags":[23,21,20],"acf":[],"_links":{"self":[{"href":"https:\/\/www.bibula.com\/index.php?rest_route=\/wp\/v2\/posts\/14457"}],"collection":[{"href":"https:\/\/www.bibula.com\/index.php?rest_route=\/wp\/v2\/posts"}],"about":[{"href":"https:\/\/www.bibula.com\/index.php?rest_route=\/wp\/v2\/types\/post"}],"author":[{"embeddable":true,"href":"https:\/\/www.bibula.com\/index.php?rest_route=\/wp\/v2\/users\/1"}],"replies":[{"embeddable":true,"href":"https:\/\/www.bibula.com\/index.php?rest_route=%2Fwp%2Fv2%2Fcomments&post=14457"}],"version-history":[{"count":0,"href":"https:\/\/www.bibula.com\/index.php?rest_route=\/wp\/v2\/posts\/14457\/revisions"}],"wp:attachment":[{"href":"https:\/\/www.bibula.com\/index.php?rest_route=%2Fwp%2Fv2%2Fmedia&parent=14457"}],"wp:term":[{"taxonomy":"category","embeddable":true,"href":"https:\/\/www.bibula.com\/index.php?rest_route=%2Fwp%2Fv2%2Fcategories&post=14457"},{"taxonomy":"post_tag","embeddable":true,"href":"https:\/\/www.bibula.com\/index.php?rest_route=%2Fwp%2Fv2%2Ftags&post=14457"}],"curies":[{"name":"wp","href":"https:\/\/api.w.org\/{rel}","templated":true}]}}