{"id":14404,"date":"2009-09-30T07:36:17","date_gmt":"2009-09-30T11:36:17","guid":{"rendered":"http:\/\/www.bibula.com\/?p=14404"},"modified":"2009-09-30T07:36:17","modified_gmt":"2009-09-30T12:36:17","slug":"","status":"publish","type":"post","link":"https:\/\/www.bibula.com\/?p=14404","title":{"rendered":"Wypowiedzie\u0107 religijn\u0105 wojn\u0119"},"content":{"rendered":"<p><strong>Stwierdzenie, \u017ce osoba, kt\u00f3ra aborcji dokona\u0142a, dopu\u015bci\u0142a si\u0119 zab\u00f3jstwa, jest dla kogo\u015b o innym ni\u017c katolicki \u015bwiatopogl\u0105dzie nie do przyj\u0119cia &#8211; og\u0142osi\u0142a s\u0119dzia Ewa Solecka<\/strong><\/p>\r\n\r\n<p>To jaskrawy nonsens, gdy\u017c mo\u017cna by\u0107 niekatolikiem i radykalnym przeciwnikiem aborcji. Przeciwnicy aborcji mog\u0105 by\u0107 (i s\u0105) wyznawcami innych religii, a tak\u017ce ateistami. Trudno uwierzy\u0107, aby taka oczywisto\u015b\u0107 nie mie\u015bci\u0142a si\u0119 w g\u0142owie s\u0119dzi Soleckiej.<\/p>\r\n\r\n<p>We\u017amy jednak w nawias intelekt pani s\u0119dzi. Stwierdzenie powy\u017csze wpisuje problem aborcji w wojn\u0119 religijn\u0105. Zgodnie z jej prostym przes\u0142aniem katolicy s\u0105 przeciwnikami aborcji, niekatolicy &#8211; jej zwolennikami. \u015arodowiska feministyczne u\u017cywaj\u0105ce Alicji Tysi\u0105c jako emblematu bardzo chcia\u0142yby zredukowa\u0107 sp\u00f3r o aborcj\u0119 do poziomu wojny religijnej, a sprzeciw wobec niej uzna\u0107 wy\u0142\u0105cznie za katolicki dogmat. I w konsekwencji oburzy\u0107 si\u0119: jakim prawem niekatolikom narzuca si\u0119 katolickie zasady? W tym duchu wyrok przeciw \u201eGo\u015bciowi Niedzielnemu\u201d uzasadnia\u0142a s\u0119dzia Solecka.<\/p>\r\n\r\n<p>Przy takim postawieniu sprawy ulatnia si\u0119 ca\u0142y moralny wymiar aborcji. Ot: \u201em\u00f3j brzuch jest moj\u0105 spraw\u0105\u201d &#8211; jak g\u0142osi\u0142y, a mo\u017ce ci\u0105gle g\u0142osz\u0105, feministki. Wnioskiem z tego sloganu jest dopuszczalno\u015b\u0107 aborcji do momentu wydobycia dziecka z brzucha matki.<\/p>\r\n\r\n<p>Jednak zagadnienie nie dotyczy brzucha, ale tego, co w \u015brodku. A sprzeciw wobec aborcji jest wyborem moralno-cywilizacyjnym, a nie bezrozumnym przes\u0105dem. Nawet osoby, kt\u00f3re deklaruj\u0105 niewiedz\u0119 co do momentu, w kt\u00f3rym p\u0142\u00f3d mo\u017cna uzna\u0107 za cz\u0142owieka, powinny by\u0107 przeciwnikami aborcji.<\/p>\r\n\r\n<p>Je\u015bli bowiem nie wiemy, czy co\u015b jest cz\u0142owiekiem, to miar\u0105 naszej moralno-cywilizacyjnej dojrza\u0142o\u015bci jest traktowanie tego czego\u015b jako cz\u0142owieka. A przecie\u017c nawet zwolennicy aborcji uznaj\u0105, \u017ce w pewnym momencie p\u0142\u00f3d staje si\u0119 cz\u0142owiekiem, gdy\u017c ma\u0142o kto z nich postuluje mo\u017cliwo\u015b\u0107 jego likwidacji do momentu narodzin.<\/p>\r\n\r\n<p>Wszystko to jednak k\u0142opotliwe kwestie, du\u017co \u0142atwiej spraw\u0119 sprowadzi\u0107 do katolickiego przes\u0105du.<\/p>\r\n\r\n<p><strong><em>Bronis\u0142aw Wildstein<\/em><\/strong><\/p>","protected":false},"excerpt":{"rendered":"Stwierdzenie, \u017ce osoba, kt\u00f3ra aborcji dokona\u0142a, dopu\u015bci\u0142a si\u0119 zab\u00f3jstwa, jest dla kogo\u015b o innym ni\u017c katolicki \u015bwiatopogl\u0105dzie nie do przyj\u0119cia &#8211; og\u0142osi\u0142a s\u0119dzia Ewa Solecka To jaskrawy nonsens, gdy\u017c mo\u017cna by\u0107 niekatolikiem i radykalnym przeciwnikiem aborcji. Przeciwnicy aborcji mog\u0105 by\u0107 (i s\u0105) wyznawcami innych religii, a tak\u017ce ateistami. Trudno uwierzy\u0107, aby taka oczywisto\u015b\u0107 nie mie\u015bci\u0142a [&hellip;]","protected":false},"author":1,"featured_media":0,"comment_status":"closed","ping_status":"closed","sticky":false,"template":"","format":"standard","meta":{"_acf_changed":false,"_monsterinsights_skip_tracking":false,"_monsterinsights_sitenote_active":false,"_monsterinsights_sitenote_note":"","_monsterinsights_sitenote_category":0,"ngg_post_thumbnail":0,"footnotes":"","_wp_rev_ctl_limit":""},"categories":[9],"tags":[94,16],"acf":[],"_links":{"self":[{"href":"https:\/\/www.bibula.com\/index.php?rest_route=\/wp\/v2\/posts\/14404"}],"collection":[{"href":"https:\/\/www.bibula.com\/index.php?rest_route=\/wp\/v2\/posts"}],"about":[{"href":"https:\/\/www.bibula.com\/index.php?rest_route=\/wp\/v2\/types\/post"}],"author":[{"embeddable":true,"href":"https:\/\/www.bibula.com\/index.php?rest_route=\/wp\/v2\/users\/1"}],"replies":[{"embeddable":true,"href":"https:\/\/www.bibula.com\/index.php?rest_route=%2Fwp%2Fv2%2Fcomments&post=14404"}],"version-history":[{"count":0,"href":"https:\/\/www.bibula.com\/index.php?rest_route=\/wp\/v2\/posts\/14404\/revisions"}],"wp:attachment":[{"href":"https:\/\/www.bibula.com\/index.php?rest_route=%2Fwp%2Fv2%2Fmedia&parent=14404"}],"wp:term":[{"taxonomy":"category","embeddable":true,"href":"https:\/\/www.bibula.com\/index.php?rest_route=%2Fwp%2Fv2%2Fcategories&post=14404"},{"taxonomy":"post_tag","embeddable":true,"href":"https:\/\/www.bibula.com\/index.php?rest_route=%2Fwp%2Fv2%2Ftags&post=14404"}],"curies":[{"name":"wp","href":"https:\/\/api.w.org\/{rel}","templated":true}]}}