{"id":14274,"date":"2009-09-25T16:29:13","date_gmt":"2009-09-25T21:29:13","guid":{"rendered":"http:\/\/www.bibula.com\/?p=14274"},"modified":"2009-09-25T16:29:13","modified_gmt":"2009-09-25T21:29:13","slug":"francuski-film-dokumentalny-pomija-udzial-polakow-w-ii-wojnie-swiatowej","status":"publish","type":"post","link":"https:\/\/www.bibula.com\/?p=14274","title":{"rendered":"Francuski film &#8222;dokumentalny&#8221; pomija udzia\u0142 Polak\u00f3w w II wojnie \u015bwiatowej"},"content":{"rendered":"<p>Telewizja publiczna France 2 wyemitowa\u0142a film dokumentalny, kt\u00f3ry wed\u0142ug naszego ambasadora w Pary\u017cu niesprawiedliwie relacjonuje rol\u0119 Polak\u00f3w w walce z III Rzesz\u0105. Ambasador wystosowa\u0142 w tej sprawie list protestacyjny do francuskich w\u0142adz.<\/p>\r\n\r\n<p>Chodzi o serial dokumentalny pt. &#8222;Apokalipsa&#8221;, kt\u00f3ry towarzyszy\u0142 70. rocznicy wybuchu II wojny \u015bwiatowej. Polski Ambasador uwa\u017ca, \u017ce pomini\u0119to<span> w nim udzia\u0142 polskich naukowc\u00f3w w rozszyfrowaniu &#8222;Enigmy&#8221; a tak\u017ce umniejszono decyduj\u0105c\u0105 rol\u0119 \u017co\u0142nierzy pod dow\u00f3dztwem genera\u0142a Andersa w zdobyciu Monte Cassino w maju 1944 roku. Tomasz Or\u0142owski dodaje, \u017ce francuski serial nie wspomina o powstaniu warszawskim.<\/span><\/p>\r\n\r\n<p>Film cieszy\u0142 si\u0119 ogromn\u0105 popularno\u015bci\u0105. Ostatni odcinek w ubieg\u0142y wtorek zgromadzi\u0142 przed telewizorami 7,5 mln os\u00f3b. W li\u015bcie skierowanym do sekretarza stanu ds. obrony Huberta Falco ambasador Polski napisa\u0142, \u017ce ogl\u0105daj\u0105c film, odczu\u0142 &#8222;przykro\u015b\u0107 i rozczarowanie&#8221;. Ambasador doda\u0142 tak\u017ce, \u017ce &#8222;Apokalipsa&#8221; &#8222;powiela stare klisze propagandy nazistowskiej&#8221;, pokazuj\u0105ce w karykaturalny spos\u00f3b szturm polskiej kawalerii na niemieckie czo\u0142gi w kampanii wrze\u015bniowej 1939 roku.<\/p>\r\n\r\n<p>JaLu\/Dziennik.pl<\/p>","protected":false},"excerpt":{"rendered":"Telewizja publiczna France 2 wyemitowa\u0142a film dokumentalny, kt\u00f3ry wed\u0142ug naszego ambasadora w Pary\u017cu niesprawiedliwie relacjonuje rol\u0119 Polak\u00f3w w walce z III Rzesz\u0105. Ambasador wystosowa\u0142 w tej sprawie list protestacyjny do francuskich w\u0142adz. Chodzi o serial dokumentalny pt. &#8222;Apokalipsa&#8221;, kt\u00f3ry towarzyszy\u0142 70. rocznicy wybuchu II wojny \u015bwiatowej. Polski Ambasador uwa\u017ca, \u017ce pomini\u0119to w nim udzia\u0142 polskich [&hellip;]","protected":false},"author":1,"featured_media":0,"comment_status":"closed","ping_status":"closed","sticky":false,"template":"","format":"standard","meta":{"_acf_changed":false,"_monsterinsights_skip_tracking":false,"_monsterinsights_sitenote_active":false,"_monsterinsights_sitenote_note":"","_monsterinsights_sitenote_category":0,"ngg_post_thumbnail":0,"footnotes":"","_wp_rev_ctl_limit":""},"categories":[6],"tags":[65,59],"acf":[],"_links":{"self":[{"href":"https:\/\/www.bibula.com\/index.php?rest_route=\/wp\/v2\/posts\/14274"}],"collection":[{"href":"https:\/\/www.bibula.com\/index.php?rest_route=\/wp\/v2\/posts"}],"about":[{"href":"https:\/\/www.bibula.com\/index.php?rest_route=\/wp\/v2\/types\/post"}],"author":[{"embeddable":true,"href":"https:\/\/www.bibula.com\/index.php?rest_route=\/wp\/v2\/users\/1"}],"replies":[{"embeddable":true,"href":"https:\/\/www.bibula.com\/index.php?rest_route=%2Fwp%2Fv2%2Fcomments&post=14274"}],"version-history":[{"count":0,"href":"https:\/\/www.bibula.com\/index.php?rest_route=\/wp\/v2\/posts\/14274\/revisions"}],"wp:attachment":[{"href":"https:\/\/www.bibula.com\/index.php?rest_route=%2Fwp%2Fv2%2Fmedia&parent=14274"}],"wp:term":[{"taxonomy":"category","embeddable":true,"href":"https:\/\/www.bibula.com\/index.php?rest_route=%2Fwp%2Fv2%2Fcategories&post=14274"},{"taxonomy":"post_tag","embeddable":true,"href":"https:\/\/www.bibula.com\/index.php?rest_route=%2Fwp%2Fv2%2Ftags&post=14274"}],"curies":[{"name":"wp","href":"https:\/\/api.w.org\/{rel}","templated":true}]}}